{"id":23824,"date":"2021-09-12T18:34:14","date_gmt":"2021-09-12T16:34:14","guid":{"rendered":"https:\/\/www.unterstroemt.de\/?p=23824"},"modified":"2021-09-23T14:45:17","modified_gmt":"2021-09-23T12:45:17","slug":"interessantes-aus-kw-36-2021","status":"publish","type":"post","link":"https:\/\/www.unterstroemt.de\/?p=23824","title":{"rendered":"Interessantes aus KW 36\/2021"},"content":{"rendered":"<p>An dieser Stelle pr\u00e4sentieren wir regelm\u00e4\u00dfig Links, die wir unter der Woche entdeckt haben, zu denen wir selbst nicht mehr viel schreiben m\u00fcssen und die wir teilenswert finden. Viel Spa\u00df beim Lesen und Anschauen!<\/p>\n<p>1. Thema dieser Tage: 20 Jahre 9\/11, die Anschl\u00e4ge auf die USA. Die Sendung <em>Mit offenen Karten<\/em> (arte) widmet sich mit einem <a href=\"https:\/\/www.arte.tv\/de\/videos\/103960-004-A\/mit-offenen-karten\/\" target=\"_blank\" rel=\"noopener\">12-min\u00fctigen Beitrag<\/a> der Entwicklung der Kr\u00e4fteverh\u00e4ltnisse und den unterschiedlichen Auspr\u00e4gungen des islamistischen Terrors. Auch der Terror der westlichen Nationen, allen voran die USA, wird nicht ausgeblendet, ist jedoch nicht Kerninhalt dieses kurzen Beitrags. Eine Sendung \u00fcber den Nahen Osten und die Auswirkungen westlicher Politik auf die Region m\u00fcsste einige Stunden bis Tage lang sein, um all die Ungerechtigkeit und Gewalt in einen angemessenen Rahmen zu bringen. Die Geschichte des Homo sapiens ist eine blutige Geschichte. [Dirk]<\/p>\n<p>2. Das BAf\u00f6G wird 50! Grund zum Feiern gibt es allerdings nicht so richtig, wie Andreas Keller in einem <a href=\"https:\/\/www.blaetter.de\/ausgabe\/2021\/september\/jubilaeum-im-allzeittief-50-jahre-bafoeg\" target=\"_blank\" rel=\"noopener\">Artikel in den <em>Bl\u00e4ttern f\u00fcr deutsche und internationale Politik<\/em><\/a> feststellt. Nachdem die CDU-Regierung in den 80er-Jahren die urspr\u00fcnglich als reine Unterst\u00fctzung gedachte Zuzahlung f\u00fcr Studenten in einen Kredit umgewandelt hat, nehmen immer weniger diese Leistung in Anspruch &#8211; die dann oft auch noch nicht mal ausreicht, um in Gro\u00dfst\u00e4dten die Miete f\u00fcr ein WG-Zimmer zahlen zu k\u00f6nnen. Da das Ganze nun durch die Corona-Pandemie und den dadurch bedingten Wegfall vieler Studentenjobs versch\u00e4rft wurde, zeigt sich das deutsche Bildungssystem mal wieder ausgesprochen selektiv zugunsten von Kindern aus betuchten Elternh\u00e4usern. [Karl]<\/p>\n<p>3. Die politische Mitte &#8211; das ist dort, wo eigentlich alle Parteien sich selbst verorten oder hinwollen. Dass es sich dabei aber um ein ma\u00dfvolles und nicht ideologisches Revier handeln w\u00fcrde, ist ein ziemliches M\u00e4rchen, wie Christoph David Piorkowski in einer <a href=\"https:\/\/www.tagesspiegel.de\/politik\/politische-deutungskaempfe-die-maer-von-der-massvollen-mitte\/27586606.html\" target=\"_blank\" rel=\"noopener\">Kolumne im <em>Tagesspiegel<\/em><\/a> feststellt. Zum einen sind die Werte und Vorstellungen dieser sogenannten Mitte durchaus variabel, zum anderen wird sie als Begriff instrumentalisiert, um durchaus radikale, zum Beispiel marktfundamentalistische, unsoziale und un\u00f6kologische, Ansichten als gesellschaftlichen Konsens darzustellen. Und das dient vor allem dazu, neoliberale Positionen als Normalit\u00e4t zu etabliere &#8211; die sie beileibe nicht sind, wenn man sie mal rein rational betrachtet. [Karl]<\/p>\n<p>4. Die Technik macht immer mehr \u00dcberwachung m\u00f6glich, und das auch an Stellen, die man so gar nicht unbedingt erwartet. Wie aus einem <a href=\"https:\/\/netzpolitik.org\/2021\/tracking-wie-bluetooth-kopfhoerer-unseren-standort-verraten\/\" target=\"_blank\" rel=\"noopener\">Artikel von <em>Netzpolitik.org<\/em><\/a> hervorgeht, ist es wohl relativ problemlos m\u00f6glich, \u00fcber viele Bluetooth-Kopfh\u00f6rer ein genaues Bewegungsprofil der User zu erstellen und noch weitere Information unbemerkt abzugreifen. Aus Bequemlichkeit nutzen wir so immer mehr technische Ger\u00e4te, die wir im Grunde kaum verstehen und deren genaue Funktionsweise wir auch nicht nachvollziehen k\u00f6nnen, die aber ein immer umfassenderes Ausspionieren unserer Lebensgewohnheiten erm\u00f6glichen. [Karl]<\/p>\n<p>5. In einem <a href=\"https:\/\/taz.de\/Studie-zu-Kosten-des-Klimawandels\/!5795231\/\" target=\"_blank\" rel=\"noopener\">Artikel in der <em>taz<\/em><\/a> werden die Ergebnisse einer Studie zu den Folgekosten der Klimakrise vom Forum \u00d6kologisch-Soziale Marktwirtschaft (F\u00d6S) und dem \u00d6ko-Institut vorgestellt. Und die sind recht eindeutig, n\u00e4mlich dass unter den Folgen der Klimakatastrophe vor allem die \u00e4rmeren Menschen zu leiden haben, da diese weniger M\u00f6glichkeiten zur Anpassung haben und eine st\u00e4rkere Belastung durch h\u00f6here Kosten f\u00fcr Grundbed\u00fcrfnisse erfahren. Na ja, dann wird ja auch klar, warum CDU\/CSU und AFDP sich so wenig um dieses Thema scheren: Die Konsequenzen m\u00fcssen eben vor allem diejenigen ausbaden, die nicht zur von diesen Parteien hofierten wohlhabendenKlientel geh\u00f6ren. [Karl]<\/p>\n<p>6. Auf der Website vom BUND findet sich ein interessantes <a href=\"https:\/\/www.bund.net\/themen\/aktuelles\/detail-aktuelles\/news\/die-iaa-ist-aus-der-zeit-gefallen\/\" target=\"_blank\" rel=\"noopener\">Interview mit Jens Hilgenberg<\/a>. Anl\u00e4sslich der Internationalen Automobil-Ausstellung, die gerade in M\u00fcnchen stattfindet und an der Hilgenberg deutliche Kritik \u00fcbt, zeigt der BUND-Mobilit\u00e4tsexperte auf, wie sich der Verkehr zuk\u00fcnftig wandeln m\u00fcsste, um wirklich effizienten Klimaschutz zu betreiben. Dass das nur wenig damit zu tun hat, was zurzeit vonseiten der Autoindustrie und der (dieser oft h\u00f6rigen) Politik vollbracht wird, liegt auf der Hand. In jedem Fall wird klar, dass umfassende und weitsichtige Konzepte f\u00fcr eine Verkehrswende, die diesen Namen auch verdient, notwendig w\u00e4ren. [Karl]<\/p>\n<p>7. Und noch mal was vom BUND: Die NGO berichtet in einem <a href=\"https:\/\/www.bund.net\/themen\/aktuelles\/detail-aktuelles\/news\/neue-studie-mikroplastik-kann-zellen-schaedigen\/\" target=\"_blank\" rel=\"noopener\">Artikel auf ihrer Website<\/a> \u00fcber eine aktuelle Studie, die ergeben hat, dass Mirkoplastik nicht nur indirekt \u00fcber Schadstoffeintr\u00e4ge gesundheitssch\u00e4dlich ist, sondern auch direkt die Zellmembranen beeintr\u00e4chtigt &#8211; was dann zu Funktionsst\u00f6rungen der Zellen f\u00fchren kann. Und da Mikroplastik mittlerweile \u00fcberall zu finden ist (in der Luft, im Wasser, in allen m\u00f6glichen Lebewesen), sind wir quasi permanent damit konfrontiert. Mir ein R\u00e4tsel, warum man diesen Mist nicht schon seit Jahren verboten hat &#8211; aber klar, damit wird halt Geld verdient, und da stehen dann Gesundheits- und Umweltsch\u00e4den hintenan. [Karl]<\/p>\n<p>8. Der FPD-nahe Unternehmer Frank Thelen fabulierte 2019 in einem Podcast \u00fcber m\u00f6gliche Zwangssterilisierungen in Afrika. Als nun gerade die Comedy-Autorin Jasmina Kuhnke diese Aussage \u00fcberspitzt umkehrte und auf wei\u00dfe M\u00e4nner bezog, dabei aber zugleich anmerkte, dass dies nicht ihre Meinung sei und nur zur Veranschaulichung der Absurdit\u00e4t von Thelens Aussage diene, gab es einen gro\u00dfen Shitstorm &#8211; gegen Kuhnke, wie ein <a href=\"https:\/\/www.belltower.news\/rassismus-frank-thelens-gedanken-zu-zwangssterilisationen-in-afrika-120717\/\" target=\"_blank\" rel=\"noopener\">Artikel von <em>Belltower News<\/em><\/a> berichtet. Als dunkelh\u00e4utige Frau und Aktivistin, die sich immer wieder selbstbewusst gegen Rassismus \u00e4u\u00dfert, ist sie nat\u00fcrlich ein ideales Hassobjekt f\u00fcr das rechte Pack, das auch vor Mordaufrufen nicht zur\u00fcckschreckt. Deutschland im Jahre 2021 &#8211; und da mahnen CDU\/CSU und AFDP doch tats\u00e4chlich vor einem Linksruck &#8230; [Karl]<\/p>\n<p>9. Ein <a href=\"https:\/\/taz.de\/Wohnungslos-trotz-Job\/!5794140\/\" target=\"_blank\" rel=\"noopener\">Artikel von Antje Lang-Lendorff<\/a> in der <em>taz<\/em> besch\u00e4ftigt sich mit Wohnungslosen, die einer Vollzeitt\u00e4tigkeit nachgehen &#8211; und dennoch so gut wie keine Chance haben, eine eigene Wohnung zu bekommen. Das Problem ist zunehmend, wie die zwei in dem Artikel ausf\u00fchrlich geschilderten Beispiele genauso zeigen wie die Aussagen von Menschen, die in Einrichtungen f\u00fcr Wohnungslose arbeiten, nicht, dass kein Job vorhanden ist, sondern dass die Mieten in vielen St\u00e4dten so hoch sind, dass sich selbst Menschen mit manierlichem Einkommen vergeblich um eine Bleibe bem\u00fchen, wenn sie denn erst mal wohnungslos geworden sind. Wie man hieran sieht: Die viel beschworene &#8222;Leistungsgesellschaft&#8220; ist eine L\u00fcge &#8211; und &#8222;der Markt&#8220; regelt mal wieder gar nichts. [Karl]<\/p>\n<p>10. Es wird ja immer gern behauptet, dass reichen Menschen die Leistungstr\u00e4ger unserer Gesellschaft seien, und damit gedroht, dass diese abwandern w\u00fcrden, wenn sie beispielsweise h\u00f6her besteuert w\u00fcrden. Dass diese Drohung nur hei\u00dfe Luft ist, da n\u00e4mlich das Geld vieler Verm\u00f6gender schon l\u00e4ngst abgewandert ist, vorzugsweise in Steueroasen, geht aus einem <a href=\"https:\/\/www.spiegel.de\/wirtschaft\/soziales\/zahlen-des-finanzministeriums-deutsche-legen-milliarden-in-steueroasen-an-a-b69a6f59-1f90-43e0-a627-07506e4cbac9\" target=\"_blank\" rel=\"noopener\">Artikel auf <em>Spiegel Online<\/em><\/a> hervor. Und obwohl einige L\u00e4nder keine diesbez\u00fcglichen Daten herausgeben (und damit Steuerhinterziehung beg\u00fcnstigen), wird schon anhand dessen, was vorliegt, klar, dass sich Reiche hier auf ganz (oder zumindest \u00fcberwiegend) legale Weise vor ihrer Verpflichtung der Allgemeinheit gegen\u00fcber dr\u00fccken, die Normalb\u00fcrger nicht so nicht nutzen k\u00f6nnen. Sch\u00e4big! [Karl]<\/p>\n<p>11. Um die Diskussion um tats\u00e4chlich hilfreiche Ma\u00dfnahmen zur Eind\u00e4mmung des Klimawandels zu konkretisieren, empfehle ich diese Woche <em>Quarks<\/em> (WDR) mit seiner <a href=\"https:\/\/www.ardmediathek.de\/video\/quarks\/raus-aus-der-klima-krise-das-hilft-wirklich\/wdr-fernsehen\/Y3JpZDovL3dkci5kZS9CZWl0cmFnLTQ4MjFhNjIwLWFkZDItNGQ5NC1hNTU3LTYzNzIzM2JkZGZiYQ\/\" target=\"_blank\" rel=\"noopener\">45-min\u00fctigen Sendung<\/a> \u201eRaus aus der Klima-Krise\u201c. Nat\u00fcrlich sollte jeder Einzelne mit seinem Verhalten Vorbild f\u00fcr andere sein, aber die wirklich gro\u00dfen Brocken k\u00f6nnen nur von Politik und Wirtschaft in Angriff genommen werden. Doch jede einzelne Konsum- und Wahlentscheidung gibt uns ein Werkzeug in die Hand, um zumindest den eigenen Beitrag zu leisten, anstatt immer nur auf die anderen zu zeigen. [Dirk]<\/p>\n<p>12. Verschw\u00f6rungstheorien gab es immer, sie scheinen derzeit aber Hochkonjunktur zu haben. Nun j\u00e4hrten sich die Anschl\u00e4ge vom 11. September zum 20. Mal, und das Thema wird wieder aktuell in den Medien behandelt. Bei <em>Monitor<\/em> (ARD) geht es in einem <a href=\"https:\/\/www1.wdr.de\/daserste\/monitor\/videos\/video-die-hintermaenner-von--welche-rolle-spielte-saudi-arabien-100.html\" target=\"_blank\" rel=\"noopener\">10-min\u00fctigen Bericht<\/a> um die tats\u00e4chlichen Geheimnisse der US-Regierung zu den Hinterm\u00e4nnern und den Verbindungen zum saudischen K\u00f6nigshaus und dessen Geheimdienste. Es scheint so, als w\u00e4ren wirtschaftliche Interessen stets sch\u00fctzenswerter als eine Aufkl\u00e4rung im Sinne der betroffenen Opfer und Familien. [Dirk]<\/p>\n<p>13. Minister und Staatssekret\u00e4re wechseln nach ihrer politischen Laufbahn oft in die Wirtschaft, und zwar nicht in einen Job, den sie auch vor ihrer politischen Karriere bereits ausge\u00fcbt haben, sondern oft in Positionen, die mit &#8222;Berater&#8220; oder &#8222;Aufsichtsrat&#8220; bezeichnet werden. Dass es dabei dann h\u00e4ufig nicht um die fachliche Expertise der Ex-Politiker geht, sondern vor allem um deren gute Kontakte zu noch aktiven Spitzenpolitikern und Ministeriumsmitarbeitern, geht aus einem <a href=\"https:\/\/www.abgeordnetenwatch.de\/blog\/lobbyismus\/sigmar-gabriel-lobbyierte-bei-merkel-fuer-die-deutsche-bank\" target=\"_blank\" rel=\"noopener\">Artikel von <em>abgeordnetenwatch.de<\/em><\/a> hervor. Passend dazu: <em>LobbyControl<\/em> hat gerade den Lobbyreport 2021 ver\u00f6ffentlicht &#8211; und stellt darin der Bundesregierung kein gutes Zeugnis aus. <a href=\"https:\/\/www.lobbycontrol.de\/2021\/09\/lobbyreport-2021-beispiellose-skandale-strengere-lobbyregeln\/\" target=\"_blank\" rel=\"noopener\">Die Zusammenfassung kann man auf der <em>LobbyControl<\/em>-Website lesen<\/a>, dort findet sich auch ein Link, um den gesamten Report runterzuladen. [Karl]<\/p>\n<p>14. 6,2 Millionen Menschen in Deutschland k\u00f6nnen nicht oder nur sehr ungen\u00fcgend lesen und schreiben. Dar\u00fcber berichtet ein <a href=\"https:\/\/www.fr.de\/rhein-main\/darmstadt\/alphabetisierungstag-leben-ohne-lesen-und-schreiben-90969544.html\" target=\"_blank\" rel=\"noopener\">Artikel in der <em>Frankfurter Rundschau<\/em><\/a> anl\u00e4sslich des Alphabetisierungstages am 8. September. Viele dieser Menschen sind schon \u00e4lter, haben einen Beruf und\/oder Familie und sich irgendwie &#8222;durchgemogelt&#8220;, um ihre fehlende F\u00e4higkeit zu \u00fcberspielen. Auch wenn es Angebote zum Lesen- und Schreibenlernen f\u00fcr Erwachsene gibt, ist diese Zahl f\u00fcr ein wohlhabendes Land wie Deutschland schon erschreckend hoch, wie ich finde. [Karl]<\/p>\n<p>15. Laut einem <a href=\"https:\/\/www.tagesschau.de\/inland\/buergerversicherung-105.html\" target=\"_blank\" rel=\"noopener\">Artikel auf <em>tagesschau.de<\/em><\/a> bef\u00fcrwortet eine Mehrheit der Bundesb\u00fcrger (69 %) die Einf\u00fchrung einer B\u00fcrgerversicherung, bei der dann alle Menschen in eine gesetzliche Krankenversicherung einzahlen, auch die, die das bisher nicht machen, weil sie selbstst\u00e4ndig, sehr reich oder Beamte sind. Und so eine Reform w\u00e4re dringend notwendig, da das Gesundheitssystem zunehmend in finanzielle Schieflage ger\u00e4t. SPD, Gr\u00fcne und die Linke haben das Konzept der B\u00fcrgerversicherung in ihrem Wahlprogramm, FDP und CDU nat\u00fcrlich nicht. Also bitte umsetzen nach der Bundestagswahl! [Karl]<\/p>\n<p>16. Ein <a href=\"https:\/\/www.deutschlandfunkkultur.de\/guantanamo-doku-slahi-und-seine-folterer-an-der-gewalt.2165.de.html?dram:article_id=502750\" target=\"_blank\" rel=\"noopener\">Artikel auf <em>Deutschlandfunk Kultur<\/em><\/a> stellt die Dokumentarion &#8222;Slahi und seine Folterer&#8220; vor, die auf arte lief, am Dienstagabend in der ARD gezeigt wird und auch in den Mediatheken aufgerufen werden kann. Mohamedou Slahi war jahrelang in Guantanamo inhaftiert und wurde dort gefoltert, da er angeblich drei der vier Attent\u00e4ter von 9\/11 rekrutiert haben soll. Mittlerweile ist Slahi auf freiem Fu\u00df, da sich die unter Folter erzwungenen Gest\u00e4ndnisse als nicht haltbar erwiesen haben, lebt wieder in Mauretanien und wird in der Doku neben seinen ehemaligen Folterern portr\u00e4tiert. Ausgesprochen sehenswert! [Karl]<\/p>\n<p>17. Die totale \u00dcberwachung schreitet voran, und der Einzelne kann immer weniger dagegen machen, wie man beispielsweise an der Spionagesoftware Pegasus sehen kann. Dieses Ohnmachtsgef\u00fchl wird von Sibylle Berg sehr treffend in ihrer <a href=\"https:\/\/www.spiegel.de\/kultur\/ueberwachung-willkommen-in-der-ohnmacht-kolumne-a-c11f3c88-177c-45e7-a392-9f00f13595c0\" target=\"_blank\" rel=\"noopener\">Kolumne auf <em>Spiegel Online<\/em><\/a> beschrieben. Macht keine gute Laune, das zu lesen, aber ist eben mittlerweile die Realit\u00e4t &#8211; willkommen in der Ohnmacht! [Karl]<\/p>\n","protected":false},"excerpt":{"rendered":"<p>An dieser Stelle pr\u00e4sentieren wir regelm\u00e4\u00dfig Links, die wir unter der Woche entdeckt haben, zu denen wir selbst nicht mehr viel schreiben m\u00fcssen und die wir teilenswert finden. Viel Spa\u00df beim Lesen und Anschauen!<\/p>\n","protected":false},"author":5,"featured_media":0,"comment_status":"open","ping_status":"open","sticky":false,"template":"","format":"standard","meta":{"footnotes":""},"categories":[193],"tags":[],"class_list":["post-23824","post","type-post","status-publish","format-standard","hentry","category-woechentliches"],"_links":{"self":[{"href":"https:\/\/www.unterstroemt.de\/index.php?rest_route=\/wp\/v2\/posts\/23824","targetHints":{"allow":["GET"]}}],"collection":[{"href":"https:\/\/www.unterstroemt.de\/index.php?rest_route=\/wp\/v2\/posts"}],"about":[{"href":"https:\/\/www.unterstroemt.de\/index.php?rest_route=\/wp\/v2\/types\/post"}],"author":[{"embeddable":true,"href":"https:\/\/www.unterstroemt.de\/index.php?rest_route=\/wp\/v2\/users\/5"}],"replies":[{"embeddable":true,"href":"https:\/\/www.unterstroemt.de\/index.php?rest_route=%2Fwp%2Fv2%2Fcomments&post=23824"}],"version-history":[{"count":21,"href":"https:\/\/www.unterstroemt.de\/index.php?rest_route=\/wp\/v2\/posts\/23824\/revisions"}],"predecessor-version":[{"id":23855,"href":"https:\/\/www.unterstroemt.de\/index.php?rest_route=\/wp\/v2\/posts\/23824\/revisions\/23855"}],"wp:attachment":[{"href":"https:\/\/www.unterstroemt.de\/index.php?rest_route=%2Fwp%2Fv2%2Fmedia&parent=23824"}],"wp:term":[{"taxonomy":"category","embeddable":true,"href":"https:\/\/www.unterstroemt.de\/index.php?rest_route=%2Fwp%2Fv2%2Fcategories&post=23824"},{"taxonomy":"post_tag","embeddable":true,"href":"https:\/\/www.unterstroemt.de\/index.php?rest_route=%2Fwp%2Fv2%2Ftags&post=23824"}],"curies":[{"name":"wp","href":"https:\/\/api.w.org\/{rel}","templated":true}]}}