{"id":24421,"date":"2021-12-22T15:20:00","date_gmt":"2021-12-22T14:20:00","guid":{"rendered":"https:\/\/www.unterstroemt.de\/?p=24421"},"modified":"2021-12-22T15:20:00","modified_gmt":"2021-12-22T14:20:00","slug":"weihnachten-das-fest-des-hasses","status":"publish","type":"post","link":"https:\/\/www.unterstroemt.de\/?p=24421","title":{"rendered":"Weihnachten, das Fest des Hasses?"},"content":{"rendered":"<p>Weihnachten gilt ja gemeinhin als das Fest der Liebe. Ich f\u00fcrchte, dass sich das in diesem Jahr bei vielen Menschen ziemlich umkehren k\u00f6nnte &#8230;<\/p>\n<p>Letzte Woche schrieb ich ja einen <a href=\"https:\/\/www.unterstroemt.de\/?p=24330\" target=\"_blank\" rel=\"noopener\">Artikel zur zunehmenden Spaltung unserer Gesellschaft<\/a> und dass diese im Sinne des Teile-und-herrsche-Prinzips durchaus gew\u00fcnscht ist. Nun steht Weihnachten an, und es sieht f\u00fcr mich so aus, als k\u00f6nnten sich anl\u00e4sslich dieses Festes und der darauf folgenden Zeit die Gr\u00e4ben zwischen den Menschen noch mal vertiefen.<\/p>\n<p>Dazu erst mal eine pers\u00f6nliche Erfahrung: Wir wollten uns am ersten Weihnachtstag mit neun Personen bei meiner Schwiegermutter treffen: Kinder, Schwiegerkinder, Enkel. Nun stellte sich am letzten Wochenende heraus, dass zwei der Erwachsenen nicht geimpft sind. Und das ist dann nat\u00fcrlich ein Problem, da die Rechtslage hier ja so ist, dass sich nur Personen aus nicht mehr als zwei Haushalten treffen d\u00fcrfen, wenn eine ungeimpfte Person dabei ist.<\/p>\n<p>Nun haben die beiden das entspannt gesehen und schauen nur kurz vorbei, sodass wir uns drau\u00dfen &#8222;Frohe Weihnachten&#8220; w\u00fcnschen und die Geschenke austauschen k\u00f6nnen &#8211; was nat\u00fcrlich schade ist, aber eben auch gl\u00fccklicherweise problemlos so zu besprechen war.<\/p>\n<p>Ob das wohl bei anderen Familien auch so ger\u00e4uschlos \u00fcber die B\u00fchne geht, wenn sich dort dieses Problem stellt? Bei der aggressiven Art, wie die diesbez\u00fcglichen Diskussionen mittlerweile gef\u00fchrt werden, kann ich mir das nicht unbedingt immer so vorstellen.<\/p>\n<p>Wobei nat\u00fcrlich noch erschwerend hinzukommt, dass die an Familientreffen teilnehmenden Personen mittlerweile oft aus vielen verschiedenen Haushalten kommen. Stichwort Patchworkfamilien. Wenn sich Vater, Mutter und Kinder mit Oma und Opa treffen, dann sind das unproblematischerweise zwei Haushalte, und alles ist easy. Wenn nun allerdings Vater nicht das Elternteil von Mutters Kindern ist, sondern diese auch regelm\u00e4\u00dfig bei ihren leiblichen V\u00e4tern sind, wohingegen Vaters Kind aus erster Ehe, das meistens bei seiner Mutter lebt, dann auch dabei sein m\u00f6chte, dann wird es schon deutlich komplizierter, und die Grenze von zwei Haushalten ist sehr schnell \u00fcberschritten. Zumal wenn dann noch diverse Gro\u00dfeltern dazukommen &#8230;<\/p>\n<p>Und dann?<\/p>\n<p>Entweder wird dann ein Treffen an den Festtagen nur gesplittet m\u00f6glich, also quasi etappenweise. Oder gar nicht. Oder aber man setzt sich einfach \u00fcber die Richtlinie hinweg und trifft sich trotzdem wie geplant. In jedem Fall ist da eine Menge Potenzial f\u00fcr reichlich b\u00f6ses Blut, finde ich.<\/p>\n<p>Und was dann wohl erst los ist, wenn in den Tagen nach so einem Treffen bei einem der Teilnehmer tats\u00e4chlich eine Covid-19-Infektion festgestellt wird? Da d\u00fcrfte es dann h\u00e4ufig nicht gerade freundliche Schuldzuweisungen hageln. Und sp\u00e4testens dann zieht sich der gesellschaftlichen Graben auch quer durch Familien &#8211; wenn das nicht schon zuvor der Fall gewesen sein sollte.<\/p>\n<p>Zumal die Zeit nach den Weihnachtstagen ohnehin recht angespannt sein d\u00fcrfte. Die Inzidenzwerte werden voraussichtlich stark ansteigen, allein schon, weil sich viele Menschen in Zuge der famili\u00e4ren Treffen, die ja nun jahreszeitlich bedingt \u00fcberwiegend drinnen stattfinden, testen lassen werden. Dieser Effekt ist ja im Laufe der Pandemie immer wieder zu beobachten gewesen (s. beispielsweise <a href=\"https:\/\/www.unterstroemt.de\/?p=22438\" target=\"_blank\" rel=\"noopener\">hier<\/a> und <a href=\"https:\/\/www.unterstroemt.de\/?p=23348\" target=\"_blank\" rel=\"noopener\">hier<\/a>) und d\u00fcrfte demzufolge auch dieses Mal nicht ausbleiben. Da wird sich dann also wieder reichlich Panik breitmachen.<\/p>\n<p>Und dass dann auch ein erneuter Lockdown angeordnet wird, ist ja nun auch mehr als wahrscheinlich. Dass dieser zu so einem Zeitpunkt des Infektionsgeschehens mal wieder kaum etwas bringen wird (sagt zumindest die WHO, s. dazu auch <a href=\"https:\/\/www.unterstroemt.de\/?p=22071\" target=\"_blank\" rel=\"noopener\">hier<\/a>) und die besonders gef\u00e4hrdeten Bev\u00f6lkerungsgruppen eher nicht betrifft, d\u00fcrfte dabei dann erneut keine Rolle spielen. Was hingegen f\u00fcr viele eine gro\u00dfe Rolle spielen d\u00fcrfte, sind die Schuldzuweisungen f\u00fcr diesen ungeliebten Zustand des Lockdowns, und da werden dann mit Sicherheit die Nichtgeimpften schnell als Verantwortliche benannt.<\/p>\n<p>Was mit Sicherheit nicht zu einer Entspannung des \u00f6ffentlichen Diskurses zwischen Geimpften und Nichtgeimpften beitragen d\u00fcrfte &#8230;<\/p>\n<p>Die Freunde des Spaltens werden sich da also mindestens genauso freuen wie die Lockdown-Profiteure.<\/p>\n<p>Dabei sollte man ja erst mal schauen, wie gef\u00e4hrlich die neue Omikron-Variante denn \u00fcberhaupt ist. Sollte sich herausstellen, was sich ja zumindest schon mal andeutet (s. beispielsweise <a href=\"https:\/\/www.zdf.de\/nachrichten\/politik\/corona-omikron-krankheitsverlauf-100.html\" target=\"_blank\" rel=\"noopener\">hier<\/a> und <a href=\"https:\/\/www.t-online.de\/gesundheit\/krankheiten-symptome\/id_91271632\/corona-variante-diese-symptome-treten-bei-omikron-haeufig-auf.html\" target=\"_blank\" rel=\"noopener\">hier<\/a>), dass eher milde Verl\u00e4ufe dabei die Regel sind, dann gibt ein reiner Blick auf die Inzidenzwerte (mal wieder) wenig Aufschluss \u00fcber die tats\u00e4chlich Gef\u00e4hrdungslage.<\/p>\n<p>Vielmehr k\u00f6nnte eine hohe Inzidenz sogar etwas nicht nur Negatives sein, wenn man sich eine Aussage vom Virologen Christian Drosten in seinem NDR-Podcast (zitiert hier nach einem <a href=\"https:\/\/www.nachdenkseiten.de\/?p=77728\" target=\"_blank\" rel=\"noopener\"><em>NachDenkSeiten<\/em>-Artikel<\/a> als Sekund\u00e4rquelle) vor Augen h\u00e4lt:<\/p>\n<blockquote><p>Mein Ziel als Virologe Drosten, wie ich jetzt gerne immun werden will, ist: Ich will eine Impfimmunit\u00e4t haben und darauf aufsattelnd will ich dann aber durchaus irgendwann meine erste allgemeine Infektion und die zweite und die dritte haben.<\/p><\/blockquote>\n<p>Im Hinblick darauf, dass es kaum m\u00f6glich sein wird, dieses Virus auszurotten, sondern dass es, wie das bei Pandemien so \u00fcblich ist, irgendwann in den Pool der Infektionen, die &#8222;normal&#8220; (im Sinne von nicht \u00fcberm\u00e4\u00dfig gef\u00e4hrlich) sind, \u00fcbergehen wird (s. <a href=\"https:\/\/www.wiwo.de\/politik\/deutschland\/hongkong-grippe-die-vergessene-pandemie-jede-pandemie-geht-irgendwann-zu-ende\/27097334.html\" target=\"_blank\" rel=\"noopener\">hier<\/a>), w\u00e4re es, zumindest f\u00fcr Geimpfte bei Aussicht auf einen mit hoher Wahrscheinlichkeit milden Verlauf, der Immunisierung gegen das Virus durchaus zutr\u00e4glich, nun eine Omikron-Erkankung durchzumachen.<\/p>\n<p>Was nun nat\u00fcrlich nicht hei\u00dfen soll, dass alle auf Teufel komm raus sich mit Covid-19 infizieren sollten, denn dann w\u00fcrde das Gesundheitswesen eben sehr schnell wieder an seine Grenzen kommen, an denen es ja zur Winterzeit schon seit vielen Jahren best\u00e4ndig entlangbalanciert.<\/p>\n<p>Hier w\u00e4re also eine sehr differenzierte Betrachtung angebracht, an der dann auch das politische Handeln auszurichten w\u00e4re. Allerdings ist es nat\u00fcrlich zum einen einfacher, zum anderen auch zielf\u00fchrender im Sinne von &#8222;Teile und herrsche&#8220;, stumpf mit dem gleichen Ma\u00dfnahmeninstrumentarium weiterzumachen, das sich schon seit fast zwei Jahren als nur sehr bedingt tauglich erwiesen hat &#8211; zumindest bezogen auf die Bek\u00e4mpfung der Pandemie. F\u00fcr diejenigen, die davon profitieren, ist das bisherige (und damit wohl auch das zuk\u00fcnftige) &#8222;Krisenmanagement&#8220; nat\u00fcrlich so richtig super!<\/p>\n<p>Und insofern bef\u00fcrchte ich eben, dass das diesj\u00e4hrige Weihnachtsfest nicht eben als besonders viele Liebe spendend in die Geschichte eingehen wird &#8230;<\/p>\n","protected":false},"excerpt":{"rendered":"<p>Weihnachten gilt ja gemeinhin als das Fest der Liebe. Ich f\u00fcrchte, dass sich das in diesem Jahr bei vielen Menschen ziemlich umkehren k\u00f6nnte &#8230;<\/p>\n","protected":false},"author":3,"featured_media":0,"comment_status":"open","ping_status":"open","sticky":false,"template":"","format":"standard","meta":{"footnotes":""},"categories":[50,52],"tags":[975,487,214],"class_list":["post-24421","post","type-post","status-publish","format-standard","hentry","category-politisches","category-soziales","tag-corona","tag-teile-und-herrsche","tag-weihnachten"],"_links":{"self":[{"href":"https:\/\/www.unterstroemt.de\/index.php?rest_route=\/wp\/v2\/posts\/24421","targetHints":{"allow":["GET"]}}],"collection":[{"href":"https:\/\/www.unterstroemt.de\/index.php?rest_route=\/wp\/v2\/posts"}],"about":[{"href":"https:\/\/www.unterstroemt.de\/index.php?rest_route=\/wp\/v2\/types\/post"}],"author":[{"embeddable":true,"href":"https:\/\/www.unterstroemt.de\/index.php?rest_route=\/wp\/v2\/users\/3"}],"replies":[{"embeddable":true,"href":"https:\/\/www.unterstroemt.de\/index.php?rest_route=%2Fwp%2Fv2%2Fcomments&post=24421"}],"version-history":[{"count":14,"href":"https:\/\/www.unterstroemt.de\/index.php?rest_route=\/wp\/v2\/posts\/24421\/revisions"}],"predecessor-version":[{"id":24436,"href":"https:\/\/www.unterstroemt.de\/index.php?rest_route=\/wp\/v2\/posts\/24421\/revisions\/24436"}],"wp:attachment":[{"href":"https:\/\/www.unterstroemt.de\/index.php?rest_route=%2Fwp%2Fv2%2Fmedia&parent=24421"}],"wp:term":[{"taxonomy":"category","embeddable":true,"href":"https:\/\/www.unterstroemt.de\/index.php?rest_route=%2Fwp%2Fv2%2Fcategories&post=24421"},{"taxonomy":"post_tag","embeddable":true,"href":"https:\/\/www.unterstroemt.de\/index.php?rest_route=%2Fwp%2Fv2%2Ftags&post=24421"}],"curies":[{"name":"wp","href":"https:\/\/api.w.org\/{rel}","templated":true}]}}