{"id":24438,"date":"2021-12-26T12:53:23","date_gmt":"2021-12-26T11:53:23","guid":{"rendered":"https:\/\/www.unterstroemt.de\/?p=24438"},"modified":"2021-12-27T09:13:24","modified_gmt":"2021-12-27T08:13:24","slug":"interessantes-aus-kw-51-2021","status":"publish","type":"post","link":"https:\/\/www.unterstroemt.de\/?p=24438","title":{"rendered":"Interessantes aus KW 51\/2021"},"content":{"rendered":"<p>An dieser Stelle pr\u00e4sentieren wir regelm\u00e4\u00dfig Links, die wir unter der Woche entdeckt haben, zu denen wir selbst nicht mehr viel schreiben m\u00fcssen und die wir teilenswert finden. Viel Spa\u00df beim Lesen und Anschauen!<\/p>\n<p>1. Thomas Moser hat sich etwas ausf\u00fchrlicher mit dem Anschlag vom Breitscheidplatz, der sich gerade zum f\u00fcnften Mal j\u00e4hrt, befasst und dar\u00fcber das Buch &#8222;Der Amri-Komplex. Ein Terroranschlag, 12 Tote und die Verstrickung des Staates&#8220; geschrieben. Seine Erkenntnisse, die er vor allem aus den Unterlagen Untersuchungsausschusses hat, decken sich nicht gerade mit der offiziellen Erz\u00e4hlung, die ja von einem Einzelt\u00e4ter Anis Amri ausgeht. In einem <a href=\"https:\/\/www.nachdenkseiten.de\/?p=79159\" target=\"_blank\" rel=\"noopener\">Interview mit den <em>NachDenkSeiten<\/em><\/a> schildert Moser die nach wie vor bestehenden Ungereimtheiten und zieht auch Parallelen zu anderen Terroranschl\u00e4gen, in die staatliche Stellen ebenfalls verstrickt waren. [Karl]<\/p>\n<p>2. \u201eDie Freiheit des Einzelnen endet dort, wo die Freiheit des anderen beginnt.\u201c Dieses Zitat wird Immanuel Kant zugeschrieben, w\u00e4hrend \u00e4hnlich treffend die franz\u00f6sische \u201eErkl\u00e4rung der Menschen- und B\u00fcrgerrechte\u201c von 1789 in Artikel 4 schreibt: \u201eDie Freiheit besteht darin, dass man alles das tun kann, was einem anderen nicht schadet.\u201c Das Prinzip der Freiheit ist essenziell, aber eben nicht uneingeschr\u00e4nkt und nicht unter allen Umst\u00e4nden (wie z. B. in einer Pandemie). Ich darf nicht mit 100 durch die Innenstadt, weil ich damit alle anderen gef\u00e4hrde, egal, was \u201emeine\u201c Freiheit mir da sagt. Das verstehen die meisten Menschen, aber wenn es um Impfungen geht, siegt dann h\u00e4ufig doch die Angst. Ein <a href=\"https:\/\/www.ardmediathek.de\/video\/kontraste\/der-kampf-um-die-freiheit\/das-erste\/Y3JpZDovL3JiYi1vbmxpbmUuZGUva29udHJhc3RlLzIwMjEtMTItMTZUMjE6NDU6MDBfNTZmYzYyOTgtYzRmMy00OGVlLTg2MjYtZDE4ZWYyOTIzYmE3L2Nvcm9uYS1kZXIta2FtcGYtdW0tZGllLWZyZWloZWl0\/\" target=\"_blank\" rel=\"noopener\">9-min\u00fctiger Bericht<\/a> bei <em>Kontraste<\/em> (ARD) versucht ein bisschen Licht in das Dilemma zu bringen, was die Ma\u00dfnahmen gegen Corona uns alle kosten. [Dirk]<\/p>\n<p>3. Der <em>WELTSPIEGEL<\/em> (ARD) zeigt in einem <a href=\"https:\/\/www.daserste.de\/information\/politik-weltgeschehen\/weltspiegel\/videos\/weltweit-impfpflicht-wo-und-wie-video-100.html\" target=\"_blank\" rel=\"noopener\">7-min\u00fctigen Beitrag<\/a> den Umgang mit der Impflicht in anderen L\u00e4ndern, und dabei wird klar: Es gibt nicht den einen Weg, sondern die Lage und die Menschen sind bunt. Hier werden allerdings eher Beispiele gezeigt, wo die Impfpflicht umgesetzt wurde und dass es eben gangbare Wege gibt ohne die Leute unter Polizeieskorte und Handgreiflichkeiten zu fixieren und dann zu impfen, wie es viele bef\u00fcrchten. Wenn ich den <em>WELT-<\/em>Chefredakteur Ulf Poschardt so h\u00f6re, dann h\u00f6re ich einfach nur Ideologie und Einf\u00e4ltigkeit: Die Rahmenbedingungen sind egal, ich will will will &#8230; immer sch\u00f6n populistisch die Extreme hochhalten und Komplexit\u00e4t ausblenden. Na ja, wer einfach ist, kann nur einfach denken &#8230; [Dirk]<\/p>\n<p>4. Friedrich Merz ist neuer Vorsitzender der CDU. Dass die Partei damit auf einem fatalen Weg der Selbstdemontage sein k\u00f6nnte, legt Stefan Rose in einem <a href=\"https:\/\/publikum.net\/gute-wahl\/\" target=\"_blank\" rel=\"noopener\">Artikel auf <em>Publikum<\/em><\/a> dar. Merz steht n\u00e4mlich f\u00fcr so viel R\u00fcckschrittlichkeit und \u00fcberholtes Denken, dass zu hoffen ist, seine bereits im letzten Jahrtausend gescheiterten Konzepte k\u00f6nnten vielen offenbaren, dass mit so einer Person keine tats\u00e4chlich konstruktive oder gar zeitgem\u00e4\u00dfe Politik zu machen ist. Der Hoffnung, dass die CDU sich so mit Merz weiter ins Abseits katapultiert, schlie\u00dfe ich mich doch gern an! [Karl]<\/p>\n<p>5. Dass P\u00f6stchen-Geschacher f\u00fcr die Gr\u00fcnen wichtiger ist als tats\u00e4chlich praktizierte Politik, ist ja nichts Neues &#8211; und wird von der neuen Bundesau\u00dfenministerin Annalena Baerbock auch gerade eindrucksvoll best\u00e4tigt. So hat sie als eine der ersten Amtshandlungen den SPD-nahen und sehr beliebten Staatssekret\u00e4r Miguel Berger durch den weniger beliebten, aber daf\u00fcr mit gr\u00fcnem Parteibuch ausgestatteten Spiteznediplomaten Andreas Michaelis ersetzt, wie aus einem <a href=\"https:\/\/www.spiegel.de\/politik\/deutschland\/annalena-baerbock-wirbel-um-personalentscheidung-der-aussenministerin-a-831fcedb-e3db-4bf1-9365-e854a5041455\" target=\"_blank\" rel=\"noopener\">Artikel auf <em>Spiegel Online<\/em><\/a> hervorgeht. Dass diese Entscheidung vermutlich vor allem darauf fu\u00dft, das Ausw\u00e4rtige Amt besser gegen\u00fcber dem Kanzleramt positionieren zu wollen, spricht auch daf\u00fcr, dass Machtspielchen eine sehr wichtige Rolle f\u00fcr Bearbock zu spielen scheinen. [Karl]<\/p>\n<p>6. Gute Nachrichten gibt es aus Chile: Dort wurde gerade der linke Reformer Gabriel Boric zum neuen Pr\u00e4sidenten gew\u00e4hlt, im zweiten Wahlgang konnte er sich gegen den ultrarechten Pinochet-Verehrer Jos\u00e9 Antonio Kast durchsetzen, und das auch noch mit den meisten Stimmen, die je ein Kandidat erhalten hat, wie eine <a href=\"https:\/\/www.nd-aktuell.de\/artikel\/1159756.gabriel-boric-die-hoffnung-siegt-ueber-die-angst-in-chile.html\" target=\"_blank\" rel=\"noopener\">Meldung im <em>neuen deutschland<\/em><\/a> berichtet. Das ist ein weiterer wichtiger Schritt nach der Einberufung des Konvents zur Ausarbeitung einer neuen Verfassung, um den verheerenden Neoliberalismus in Chile endlich zu beenden! [Karl]<\/p>\n<p>7. Der Notstand in den Krankenh\u00e4usern wird ja w\u00e4hrend der Corona-Pandemie oft thematisiert. Umso absurder eigentlich, dass auch im letzten Jahr wieder Kliniken geschlossen wurden, wie Ralf Wurzbacher in einem <a href=\"https:\/\/www.nachdenkseiten.de\/?p=79245\" target=\"_blank\" rel=\"noopener\">Artikel auf den <em>NachDenkSeiten<\/em><\/a> schildert. Das ist jedoch eine langfristige neoliberale Strategie, was vor allem deutlich wird, wenn man sich die Vergleichszahlen von 1990 anschaut. Angeblich soll die Patientenversorgung dadurch verbessert werden, was jedoch fragw\u00fcrdig ist, wenn man bedenkt, dass immer mehr Menschen kein Krankenhaus mehr in einer Reichweite von 30 Minuten von ihrem Wohnort haben. Vor allem die Gewinne der privaten Klinikbetreiber wachsen hingegen unaufh\u00f6rlich &#8211; was wohl auch der Sinn des Ganzen sein d\u00fcrfte. [Karl]<\/p>\n<p>8. Co2-Zertifikate werden ja immer wieder als Methode benannt, um Klimaschutz voranzubringen. Dass das allerdings oft so nicht der Fall ist, sondern eher dem Greenwashing von Konzernen dient, geht aus einem <a href=\"https:\/\/www.infosperber.ch\/wirtschaft\/werbung-und-pr\/wie-sich-unternehmen-klimaneutralitaet-zusammenkaufen\/\" target=\"_blank\" rel=\"noopener\">Artikel von <em>Infosperber<\/em><\/a> hervor. Da werden n\u00e4mlich Emissionen auf teilweise undurchsichtigen Wegen und zu unterschiedlichsten Preise irgendwo anders hin ausgelagert, wobei dann auch oft noch nicht klar ist, was damit dann \u00fcberhaupt gemacht wird und wer das Geld in die Finger bekommt. Aber immerhin verschaffen sie den hiesigen Konsumenten so ein gutes Gewissen, wenn diese weiter klimasch\u00e4dliche Produkte kaufen &#8211; und die Unternehmen m\u00fcssen erst mal nicht wirklich was \u00e4ndern. [Karl]<\/p>\n<p>9. An die Angabe unserer Adresse zur Kontaktnachverfolgung w\u00e4hrend der Corona-Pandemie haben wir uns ja mittlerweile schon weitgehend gew\u00f6hnt. Wenn man nun allerdings eine <a href=\"https:\/\/www.n-tv.de\/panorama\/Viele-Amter-geben-Kontaktverfolgung-auf-article23020032.html\" target=\"_blank\" rel=\"noopener\">Meldung von <em>ntv<\/em><\/a> liest, laut der viele Gesundheits\u00e4mter personell gar nicht mehr in der Lage sind, diese Kontaktverfolgung zu leisten, dann sieht man, dass es wohl keine gute Idee war, unter dem Schlagwort des &#8222;schlanken Staates&#8220; die \u00f6ffentliche Verwaltung in weiten Teilen kaputt zu sparen. Aber immerhin gew\u00f6hnen sich die B\u00fcrger so schon mal daran, st\u00e4ndig und \u00fcberall ihre Daten preiszugeben &#8211; die \u00dcberwachungsfanatiker freuen sich also in jedem Fall dar\u00fcber &#8230; [Karl]<\/p>\n<p>10. In ihrer <a href=\"https:\/\/www.zeit.de\/politik\/ausland\/2021-12\/usa-sozialprogramm-build-back-better-ruestungsausgaben\" target=\"_blank\" rel=\"noopener\">Kolumne auf <em>Zeit Online<\/em><\/a> befasst sich Heike Buchter mit den US-amerikanischen Ausgaben f\u00fcr R\u00fcstung und Soziales. W\u00e4hrend Gelder f\u00fcr Arme, \u00c4ltere und Kranke regelm\u00e4\u00dfig im Senat und Kongress zusammengestrichen werden, wird bei den Milit\u00e4rausgaben das Geld allzu freigiebig rausgehauen. Und das betrifft auch die Ausgaben innerhalb des Milit\u00e4rs, denn f\u00fcr Waffensysteme ist immer reichlich da, f\u00fcr eine anst\u00e4ndige Bezahlung des Personals der unteren R\u00e4nge oder f\u00fcr Veteranen dann eher nicht. Kein Wunder, wenn die meisten Entscheidungstr\u00e4ger selbst Million\u00e4re sind und sich ihren Wahlkampf nur allzu gern von R\u00fcstungsfirmen sponsern lassen &#8230; [Karl]<\/p>\n<p>11. Eine &#8222;Nebenwirkung&#8220; der Booster-Impfungen gegen Covid-19, der bisher nur sehr wenig Aufmerksamkeit geschenkt wurde, ist, dass diese laut Weltgesundheitsorganisation (WHO) die Pandemie verl\u00e4ngern, wie aus einer <a href=\"https:\/\/www.fr.de\/politik\/booster-impfung-corona-who-pandemie-impfstoff-omikron-variante-news-91196979.html\" target=\"_blank\" rel=\"noopener\">Meldung der <em>Frankfurter Rundschau<\/em><\/a> hervorgeht. Der Grund daf\u00fcr: Der Impfstoff, der in reichen L\u00e4ndern f\u00fcr die Booster verwendet wird, fehlt in \u00e4rmeren L\u00e4ndern, um dort \u00fcberhaupt erst mal Menschen eine Erstimpfung zu verabreichen. Da nun die politischen Entschiedungstr\u00e4ger, die sich massiv f\u00fcr Bosster-Impfungen starkmachen, weitgehend die gleichen sind, die sich gegen eine Freigabe der Impfstoffpatente aussprechen, muss man wohl davon ausgehen, dass die Pandemie offensichtlich nach gar nicht beendet werden soll. [Karl]<\/p>\n","protected":false},"excerpt":{"rendered":"<p>An dieser Stelle pr\u00e4sentieren wir regelm\u00e4\u00dfig Links, die wir unter der Woche entdeckt haben, zu denen wir selbst nicht mehr viel schreiben m\u00fcssen und die wir teilenswert finden. Viel Spa\u00df beim Lesen und Anschauen!<\/p>\n","protected":false},"author":5,"featured_media":0,"comment_status":"open","ping_status":"open","sticky":false,"template":"","format":"standard","meta":{"footnotes":""},"categories":[193],"tags":[],"class_list":["post-24438","post","type-post","status-publish","format-standard","hentry","category-woechentliches"],"_links":{"self":[{"href":"https:\/\/www.unterstroemt.de\/index.php?rest_route=\/wp\/v2\/posts\/24438","targetHints":{"allow":["GET"]}}],"collection":[{"href":"https:\/\/www.unterstroemt.de\/index.php?rest_route=\/wp\/v2\/posts"}],"about":[{"href":"https:\/\/www.unterstroemt.de\/index.php?rest_route=\/wp\/v2\/types\/post"}],"author":[{"embeddable":true,"href":"https:\/\/www.unterstroemt.de\/index.php?rest_route=\/wp\/v2\/users\/5"}],"replies":[{"embeddable":true,"href":"https:\/\/www.unterstroemt.de\/index.php?rest_route=%2Fwp%2Fv2%2Fcomments&post=24438"}],"version-history":[{"count":16,"href":"https:\/\/www.unterstroemt.de\/index.php?rest_route=\/wp\/v2\/posts\/24438\/revisions"}],"predecessor-version":[{"id":24455,"href":"https:\/\/www.unterstroemt.de\/index.php?rest_route=\/wp\/v2\/posts\/24438\/revisions\/24455"}],"wp:attachment":[{"href":"https:\/\/www.unterstroemt.de\/index.php?rest_route=%2Fwp%2Fv2%2Fmedia&parent=24438"}],"wp:term":[{"taxonomy":"category","embeddable":true,"href":"https:\/\/www.unterstroemt.de\/index.php?rest_route=%2Fwp%2Fv2%2Fcategories&post=24438"},{"taxonomy":"post_tag","embeddable":true,"href":"https:\/\/www.unterstroemt.de\/index.php?rest_route=%2Fwp%2Fv2%2Ftags&post=24438"}],"curies":[{"name":"wp","href":"https:\/\/api.w.org\/{rel}","templated":true}]}}