{"id":24483,"date":"2022-01-09T16:15:46","date_gmt":"2022-01-09T15:15:46","guid":{"rendered":"https:\/\/www.unterstroemt.de\/?p=24483"},"modified":"2022-01-17T14:35:12","modified_gmt":"2022-01-17T13:35:12","slug":"interessantes-aus-kw-1-2022","status":"publish","type":"post","link":"https:\/\/www.unterstroemt.de\/?p=24483","title":{"rendered":"Interessantes aus KW 1\/2022"},"content":{"rendered":"<p>An dieser Stelle pr\u00e4sentieren wir regelm\u00e4\u00dfig Links, die wir unter der Woche entdeckt haben, zu denen wir selbst nicht mehr viel schreiben m\u00fcssen und die wir teilenswert finden. Viel Spa\u00df beim Lesen und Anschauen!<\/p>\n<p>1. Gute Vors\u00e4tze f\u00fcrs neue Jahr hat Raphael Thelen gefasst, die er in einem <a href=\"https:\/\/www.zeit.de\/green\/2021-12\/klimakrise-milliardaere-vermoegen-gesellschaft-umverteilen\" target=\"_blank\" rel=\"noopener\">Artikel f\u00fcr <em>Zeit Online<\/em><\/a> beschreibt: Er will nicht mehr nur sich selbst f\u00fcr die Klimakatastrophe verantwortlich machen, sondern die systemischen Ursachen angehen, zumindest soweit das in seiner Macht steht. Denn schlie\u00dflich sind es vor allem die Menschen mit sehr gro\u00dfen Verm\u00f6gen, die einen extrem hohen CO2-Aussto\u00df haben &#8211; und einen Teil ihres Geldes daf\u00fcr nutzen, um Politiker so zu beeinflussen, dass diese eine Weiter-so-Politik verfolgen. Sinnvolle Sache, wenn man bedenkt, dass das reichste Prozent der Menschen f\u00fcr 15 Prozent der globalen CO2-Emissionen verantwortlich ist. [Karl]<\/p>\n<p>2. Dass Corona-Impfgegner gern mal Unwahrheiten verbreiten, ist ja nichts Neues und auch nicht verwunderlich, wenn sie (wie ja recht h\u00e4ufig) vom rechten Rand stammen, wo ja L\u00fcgen und Fake News kommunikative Selbstverst\u00e4ndlichkeiten sind. Dass nun allerdings auch Impfbef\u00fcrworter zu solchen sch\u00e4bigen Methoden greifen, um die &#8222;Gegenseite&#8220; zu diskreditieren, wird in einem <a href=\"https:\/\/www.t-online.de\/nachrichten\/deutschland\/id_91406274\/corona-impfgegner-angriff-auf-krankenschwestern-ich-wurde-getaeuscht-.html\" target=\"_blank\" rel=\"noopener\">Artikel auf <em>t-online.<\/em><\/a> dargestellt. Da wurden n\u00e4mlich ein Drohbrief und zerstochene Reifen sowie eine davon betroffene Krankenschwester offensichtlich mal eben so erfunden und an den reichweitenstarken Pfleger Ricardo Lange weitergegeben, der darauf zun\u00e4chst auch noch reinfiel und den Schwindel weiterverbreitete. Woran man sieht, wie verh\u00e4rtet und verroht der \u00f6ffentliche Diskurs bei diesem Thema mittlerweile ist. [Karl]<\/p>\n<p>3. \u00d6sterreichs Ex-Kanzler Sebastian Kurz (\u00d6VP) zieht sich aus der Politik zur\u00fcck und scheint einen Posten als Manager im Silicon Valley anzustreben. Auch wenn der umstrittene Konzern Palantir ein Engagement Kurz&#8216; dementiert, so w\u00e4re es nicht verwunderlich, wenn jemand wie Kurz finanziell weich fallen w\u00fcrde &#8211; dass er seine Kontakte hemmungslos versilbern w\u00fcrde, kann bestimmt nicht nur ich mit gut vorstellen. W\u00e4hrenddessen kommen immer weitere Details aus der Korruptionsaff\u00e4re, die zum Sturz von Kurz f\u00fchrte, ans Licht, \u00fcber die ein <a href=\"https:\/\/www.sueddeutsche.de\/politik\/oesterreich-bundesregierung-in-wien-1.5495834\" target=\"_blank\" rel=\"noopener\">Artikel in der <em>S\u00fcddeutschen Zeitung<\/em><\/a> berichtet und die zeigen, wie hochgradig korrupt die ganze \u00d6VP mittlerweile zu sein scheint. [Karl]<\/p>\n<p>4. Fluglinien bekommen Slots zugeteilt, also Rechte, zu bestimmten Zeiten auf einem Flughafen Starts und Landungen durchf\u00fchren zu d\u00fcrfen. Werden diese nicht genutzt, verfallen sie. Daraus ergibt sich nun laut einem <a href=\"https:\/\/www.merkur.de\/lokales\/erding\/flughafen-muenchen-ort60188\/leerfluege-auch-ab-muenchen-91207554.html\" target=\"_blank\" rel=\"noopener\">Artikel im <em>Merkur<\/em><\/a> die groteske Situation im Zuge der Corona-Pandemie, dass Tausende Leerfl\u00fcge durchgef\u00fchrt werden m\u00fcssen, um diese Slots nicht zu verlieren &#8211; allein bei der Lufthansa d\u00fcrften das etwa 18.000 sein. Im Hinblick auf den Klimaschutz ist das nat\u00fcrlich kompletter Irrsinn, der einer dringenden Reformierung bedarf! [Karl]<\/p>\n<p>5. Das war ja leider zu erwarten: Der stets gro\u00dfspurig angek\u00fcndigte European Green New Deal droht komplett zur Luft- und Lachnummer zu werden. Laut einem zum Jahresende von EU-Kommissionspr\u00e4sidenten Ursula von der Leyen (CDU) versendeten Dokument sollen dabei n\u00e4mlich Atomkraft und Erdgas als nachhaltige Technologien gelten. Wie l\u00e4cherlich und wenig zielf\u00fchrend zum Erreichen einer europ\u00e4ischen Klimaneutralit\u00e4t das ist, beschreibt Thoralf Cleven in einem <a href=\"https:\/\/www.rnd.de\/politik\/green-deal-grosser-schwindel-der-eu-atomkraft-und-erdgas-befristet-als-nachhaltig-eingestuft-TW2XGRYUAFAKTKGHQQB4YGRLP4.html\" target=\"_blank\" rel=\"noopener\">Kommentar f\u00fcr <em>Redaktionsnetzwerk Deutschland<\/em><\/a>. Andererseits: Hat wirklich jemand erwartet, das etwas Vern\u00fcnftiges dabei rauskommt, wenn Flinten-Uschi die Pfoten mit im Spiel hat? Ach ja: Eine Petition gegen dieses Vorhaben gibt es mittlerweile auch, beispielsweise auf der <a href=\"https:\/\/aktion.bund.net\/eu-taxonomie\" target=\"_blank\" rel=\"noopener\">Website vom BUND<\/a>. [Karl]<\/p>\n<p>6. Streamingdienste erfreuen sich einer immer gr\u00f6\u00dferen Beliebtheit. Doch die damit einhergehende Bequemlichkeit hat auch ihre Schattenseiten, wie Adrian Lobe in einem <a href=\"https:\/\/www.nzz.ch\/feuilleton\/man-schaut-und-wird-durchschaut-ld.1660409\" target=\"_blank\" rel=\"noopener\">Artikel in der <em>Neuen Z\u00fcrcher Zeitung<\/em><\/a> darlegt. Die Dienstebetreiber legen n\u00e4mlich Profile ihrer User an aufgrund von deren Sehverhalten, diese werden dann von Algorithmen ausgewertet und flie\u00dfen so in die Gestaltung neuer Serien- und Filmproduktionen ein. So wird das, was die Leute auch sehen wollen, zum Ma\u00dfstab dessen, was produziert wird &#8211; was dann wohl eine ziemliche Verflachung der Filmkultur zur Folge haben d\u00fcrfte, da eben kaum noch etwas jenseits bekannter und beliebter Parameter produziert werden d\u00fcrfte. Ein weiterer Grund, solche Dienste doch besser nicht zu nutzen. [Karl]<\/p>\n<p>7. Facebook ist ein ziemlich fieser Laden. Das Problem: Viele Menschen nutzen das Netzwerk schon seit Langem, teilweise auch beruflich, und wirklich verbreitete Konkurrenz gibt es nicht. Was Zuckerbergs Konzern nun allerdings vorhat, geht noch mal eine ganze Stufe \u00fcber das, was wir bisher als Social Media kennen, hinaus: Metaverse soll eine Art virtuelle Lebensumgebung werden, in der Menschen arbeiten, konsumieren und ihre Freizeit verbringen. Wenn man damit allerdings das bisherige Gesch\u00e4ftsgebaren von Facebook in Verbindung bringt, wie es Daniel Leisegang in einem <a href=\"https:\/\/www.blaetter.de\/ausgabe\/2021\/dezember\/vergiftete-welten-von-facebook-zum-metaverse\" target=\"_blank\" rel=\"noopener\">Artikel in den <em>Bl\u00e4ttern f\u00fcr deutsche und internationale Politik<\/em><\/a> macht, dann l\u00e4sst das wenig Gutes erwarten. Und man kann eigentlich nur zu dem Schluss kommen: Solche Kommunikationsinfrastruktur geh\u00f6rt unbedingt in \u00f6ffentliche H\u00e4nde! [Karl]<\/p>\n<p>8. \u00dcber Nebenwirkungen von Impfungen und Covid-19-Erkrankungen wird viel diskutiert, \u00fcber die Kollateralsch\u00e4den der Ma\u00dfnahmen im Zuge des &#8222;Krisenmanagements&#8220; eher weniger. Dabei sind diese auch drastisch, wie gerade aus einer <a href=\"https:\/\/www.wp.de\/region\/corona-dramatischer-anstieg-bei-suizidversuchen-von-kindern-id234241693.html\" target=\"_blank\" rel=\"noopener\">Meldung der <em>Westfalenpost<\/em><\/a> hervorgeht: Laut einer Studie der Essener Uniklinik ist die Zahl der Suizidversuche von Kindern zwischen M\u00e4rz und Ende Mai 2021 um 400 % im Vergleich zur Zeit vor Corona angestiegen. Als Ursache wird vor allem die soziale Isolation aufgrund von Schulschlie\u00dfungen vermutet. Und das ist dann ja nur die Spitze des Eisbergs, denn nicht jeder Minderj\u00e4hrige mit Depressionen begeht ja gleich einen Selbstmordversuch. [Karl]<\/p>\n<p>9. Die Firma Gr\u00fcnenthal hat sich k\u00fcrzlich offiziell bei den Opfern des von ihr Anfang der 60er-Jahre vertriebenen Medikaments Contergan entschuldigt. Laut Andreas Meyer, erstem Vorsitzenden des Vereins BCG \u2013 Bund Contergangesch\u00e4digter und Gr\u00fcnenthalopfer e. V., ist das jedoch bei Weitem nicht ausreichend, wie er in einem <a href=\"https:\/\/www.jungewelt.de\/artikel\/417866.contergan-skandal-sie-sollen-endlich-eine-entsch\u00e4digung-zahlen.html\" target=\"_blank\" rel=\"noopener\">Interview mit der <em>jungen Welt<\/em><\/a> ausf\u00fchrt. Vielmehr sollte die Firma endlich ad\u00e4quate Entsch\u00e4digungen zahlen, um die man sich bisher unter eifriger Mithilfe der Politik erfolgreich gedr\u00fcckt hat. [Karl]<\/p>\n<p>10. Am Beispiel des Aralsees, \u00fcber das ein <a href=\"https:\/\/www.n-tv.de\/wissen\/Am-Aralsee-spielt-sich-eine-Katastrophe-ab-article23031960.html\" target=\"_blank\" rel=\"noopener\">Artikel auf der Website von <em>ntv<\/em><\/a> berichtet, zeigt sich, wie der destruktive und r\u00fccksichtslose Umgang des Menschen mit der Natur schwerwiegende Auswirkungen zur Folge hat. Einst einer der gr\u00f6\u00dften Seen der Welt, hat das Gew\u00e4sser in nur einer Generation seit 1960 etwa 90 % seiner Fl\u00e4che eingeb\u00fc\u00dft &#8211; mit katastrophalen Auswirkungen auf Tiere, Umwelt, Klima und auch Menschen in der Region. Zwar gibt es Rettungsma\u00dfnahmen oder vielmehr die Versuche dazu, allerdings fehlt diesen das n\u00f6tige Geld, sodass der See vermutlich nicht mehr zu retten sein wird. [Karl]<\/p>\n<p>11. &#8222;Thin blue line&#8220; &#8211; mit diesem aus dem Milit\u00e4rischen abgeleiteten Begriff beschreiben mittlerweile viele Polizisten ihr Selbstverst\u00e4ndnis. Das Problem dabei, was in einem <a href=\"https:\/\/netzpolitik.org\/2022\/thin-blue-line-polizeiausbilder-warnt-vor-radikalisierung\/\" target=\"_blank\" rel=\"noopener\">Artikel auf <em>Netzpolitik.org<\/em><\/a> erl\u00e4utert wird: So wird neben einer verzerrten Realit\u00e4t des Polizistenberufs auch noch sehr stark Korpsgeist transportiert. Und gerade rechtsextreme Polizisten haben diese Symbolik immer wieder verwendet. Einige Stimmen aus dem Polizeiapparat sehen das daher auch als eine kritische Form der Radikalisierung, wohingegen in weiten Teilen der Polizei absolut kein Problembewusstsein hinsichtlich dieser Thematik zu bestehen scheint. Bedenklich! [Karl]<\/p>\n<p>12. Chinas Social-Credit-Bewertungssystem, das aufgrund von Unmengen von erfassten Daten das Verhalten der Menschen von einem Algorithmus in erw\u00fcnscht oder nicht erw\u00fcnscht einteilen l\u00e4sst, ist eine gruselige Sache, wie ich finde. Welche Missbrauchsm\u00f6glichkeiten es dabei gibt, wird in einem <a href=\"https:\/\/www.heise.de\/news\/Chinas-Sozialkreditsystem-Bewertungsbasis-fuer-Handlungen-im-Nachgang-aenderbar-6314435.html\" target=\"_blank\" rel=\"noopener\">Artikel auf <em>heise online<\/em><\/a> thematisiert. So k\u00f6nnen n\u00e4mlich beispielsweise die Beurteilungskriterien im Nachhinein ge\u00e4ndert werden. Zudem ist ja auch generell fragw\u00fcrdig, wer da nun definiert, was erw\u00fcnschtes Verhalten ist und was nicht. Orwell l\u00e4sst gr\u00fc\u00dfen &#8211; und vermutlich finden die \u00dcberwachungsfans in der hiesigen Politik dieses System auch recht interessant. [Karl]<\/p>\n<p>13. Und noch ein <a href=\"https:\/\/www.heise.de\/news\/OePNV-2-0-Mit-dem-mobilen-Ticket-zum-ausgefeilten-Bewegungsprofil-6314739.html\" target=\"_blank\" rel=\"noopener\">Artikel auf <em>heise online<\/em><\/a> zum Thema Datenschutz und \u00dcberwachung: Ein Hacker hat sich mal das Smartphone-Ticketing-System im Osnabr\u00fccker \u00d6PNV angeschaut und ist dabei nicht nur \u00fcber eine Schwachstelle der Yaniq-App ins Backend gelangt, sondern hat dort auch entdeckt, dass etliche Daten der User gespeichert werden. So ist es m\u00f6glich, ziemlich detaillierte Bewegungsprofile zu erstellen. Die Stadtwerke Osnabr\u00fcck meinten zwar, dass diese Daten alle nur anonymisiert erhoben w\u00fcrden, aber da die User ja ihre Tickets auch bezahlen m\u00fcssen, kann die Anonymit\u00e4t ja nun nicht komplett aufrechterhalten werden. Es geht immer weiter in Richtung des gl\u00e4sernen B\u00fcrgers &#8211; und alle machen mit, weil es ja so sch\u00f6n bequem ist. [Karl]<\/p>\n<p>14. Jens Maier hat es geschafft, sich selbst noch in der rechtsradikalen AfD als ganz rechts au\u00dfen in der Partei stehend zu positionieren. Nun sa\u00df er von 2017 bis 2021 f\u00fcr die Blaubraunen im Bundestag, wurde jetzt nicht wiedergew\u00e4hlt &#8211; und kehrt auf seinen urspr\u00fcnglichen Posten als Richter zur\u00fcck, wie ein <a href=\"https:\/\/taz.de\/AfD-Politiker-geht-zurueck-in-die-Justiz\/!5826772\/\" target=\"_blank\" rel=\"noopener\">Artikel in der <em>taz<\/em><\/a> berichtet. Dabei ist Maier schon vorher immer mal wieder dadurch aufgefallen, dass er seine pers\u00f6nliche politische Einstellung mit seinem richterlichen Urteilsverm\u00f6gen vermischt hat. Tolle Aussichten, wenn so einer nun wieder an einem Gericht sitzen wird &#8211; und eine Schwachstelle im deutschen Justizwesen, dass so was f\u00fcr einen Rechtsextremisten (sagt zumindest der Verfassungsschutz \u00fcber Maier) \u00fcberhaupt m\u00f6glich ist. [Karl]<\/p>\n<p>15. Dass Christian Lindner aus der Wirtschaftslegastheniker-Partei FDP als Finanzminister eine komplette Fehlbesetzung sein w\u00fcrde, war ja im Grunde schon von Anfang an klar. Dass sich nun gleich nach wenigen Wochen so deutlich zeigt, dass es Lindner vor allem um Selbstdarstellung und Klientelpolitik f\u00fcr Wohlhabende geht, zeigt Jens Berger in einem <a href=\"https:\/\/www.nachdenkseiten.de\/?p=79457\" target=\"_blank\" rel=\"noopener\">Artikel auf den <em>NachDenkSeiten<\/em><\/a> auf. Lindner schm\u00fcckt sich n\u00e4mlich mit fremden Federn, und seine gro\u00dfm\u00e4ulig angek\u00fcndigten Entlastungen betreffen vor allem Menschen mit hohen Einkommen. Na ja, die neoliberalen Presseorgane goutieren das nat\u00fcrlich, und damit hat Lindner ja genau das erreicht, was ein Blender wie er eben erreichen kann und m\u00f6chte. [Karl]<\/p>\n<p>16. Bei den Hamburger Kungeleien um die Cum-Ex-Verbrechen der Warburg-Bank hat es ja schon reichlich Absurdit\u00e4ten gegeben, mit denen sich die involvierten Politiker Olaf Scholz und Peter Tschentscher (beide SPD) herauszureden versuchten. Nun kommt noch etwas on top, \u00fcber das ein <a href=\"https:\/\/www.tagesschau.de\/investigativ\/panorama\/cum-ex-159.html\" target=\"_blank\" rel=\"noopener\">Artikel auf <em>tagesschau.de<\/em><\/a> berichtet: Die &#8222;knallharte Rechtsentscheidung&#8220;, auf welcher der Verzicht auf die R\u00fcckzahlung von 47 Millionen Euro ergaunertem Geld durch die Warburg-Bank basierte, fu\u00dfte vor allem auf &#8222;Fachliteratur&#8220; von Hartmut Klein &#8211; einem Mitarbeiter von Cum-Ex-Mastermind Hanno Berger. Kann man sich ja echt nicht ausdenken, so was, oder? [Karl]<\/p>\n","protected":false},"excerpt":{"rendered":"<p>An dieser Stelle pr\u00e4sentieren wir regelm\u00e4\u00dfig Links, die wir unter der Woche entdeckt haben, zu denen wir selbst nicht mehr viel schreiben m\u00fcssen und die wir teilenswert finden. Viel Spa\u00df beim Lesen und Anschauen!<\/p>\n","protected":false},"author":5,"featured_media":0,"comment_status":"open","ping_status":"open","sticky":false,"template":"","format":"standard","meta":{"footnotes":""},"categories":[193],"tags":[],"class_list":["post-24483","post","type-post","status-publish","format-standard","hentry","category-woechentliches"],"_links":{"self":[{"href":"https:\/\/www.unterstroemt.de\/index.php?rest_route=\/wp\/v2\/posts\/24483","targetHints":{"allow":["GET"]}}],"collection":[{"href":"https:\/\/www.unterstroemt.de\/index.php?rest_route=\/wp\/v2\/posts"}],"about":[{"href":"https:\/\/www.unterstroemt.de\/index.php?rest_route=\/wp\/v2\/types\/post"}],"author":[{"embeddable":true,"href":"https:\/\/www.unterstroemt.de\/index.php?rest_route=\/wp\/v2\/users\/5"}],"replies":[{"embeddable":true,"href":"https:\/\/www.unterstroemt.de\/index.php?rest_route=%2Fwp%2Fv2%2Fcomments&post=24483"}],"version-history":[{"count":24,"href":"https:\/\/www.unterstroemt.de\/index.php?rest_route=\/wp\/v2\/posts\/24483\/revisions"}],"predecessor-version":[{"id":24551,"href":"https:\/\/www.unterstroemt.de\/index.php?rest_route=\/wp\/v2\/posts\/24483\/revisions\/24551"}],"wp:attachment":[{"href":"https:\/\/www.unterstroemt.de\/index.php?rest_route=%2Fwp%2Fv2%2Fmedia&parent=24483"}],"wp:term":[{"taxonomy":"category","embeddable":true,"href":"https:\/\/www.unterstroemt.de\/index.php?rest_route=%2Fwp%2Fv2%2Fcategories&post=24483"},{"taxonomy":"post_tag","embeddable":true,"href":"https:\/\/www.unterstroemt.de\/index.php?rest_route=%2Fwp%2Fv2%2Ftags&post=24483"}],"curies":[{"name":"wp","href":"https:\/\/api.w.org\/{rel}","templated":true}]}}