{"id":2457,"date":"2015-02-08T11:11:39","date_gmt":"2015-02-08T10:11:39","guid":{"rendered":"https:\/\/www.unterstroemt.de\/?p=2457"},"modified":"2018-01-02T11:35:12","modified_gmt":"2018-01-02T10:35:12","slug":"interessantes-auf-kw-62015","status":"publish","type":"post","link":"https:\/\/www.unterstroemt.de\/?p=2457","title":{"rendered":"Interessantes aus KW 6\/2015"},"content":{"rendered":"<p>An dieser Stelle pr\u00e4sentieren wir regelm\u00e4\u00dfig Links, die wir unter der Woche entdeckt haben, zu denen wir selbst nicht mehr viel schreiben m\u00fcssen und die wir teilenswert finden. Viel Spa\u00df beim Lesen und Anschauen!<\/p>\n<p>1. Ein <a href=\"http:\/\/le-bohemien.net\/2015\/01\/31\/schuldenschnitt-die-mythen-des-deutschen-michels\/\" target=\"_blank\" rel=\"noopener\">sehr lesenswerter Artikel von Sebastian M\u00fcller<\/a> auf\u00a0<em>le Bohemien<\/em> besch\u00e4ftigt sich mit der irrationalen Angst der Deutschen vor dem Wahlerfolg von Syriza in Griechenland.<\/p>\n<p>2. Albrecht M\u00fcller von den\u00a0<em>Nachdenkseiten<\/em> geht in einem <a href=\"http:\/\/www.nachdenkseiten.de\/?p=24830#more-24830\" target=\"_blank\" rel=\"noopener\">Artikel<\/a>\u00a0auf das erschreckende Ausma\u00df an fehlendem \u00f6konomischem Sachverstand aufseiten der Bundesregierung, was den fatalen Export\u00fcberschuss Deutschlands betrifft, ein und erkl\u00e4rt das Dilemma, dass wir Deutschen aufgrund dieser Leistungsbilanz\u00fcbersch\u00fcsse unter unseren Verh\u00e4ltnissen leben &#8211; und die hier erbrachten Wirtschaftsleistungen in andere L\u00e4nder abflie\u00dfen und dort die Verschuldung anwachsen lassen.<\/p>\n<p>3. So, so, das ist also die Qualit\u00e4t des \u00f6ffentlich-rechtlichen Fernsehens. Der <em>WDR<\/em> produziert jetzt n\u00e4mlich auch <a href=\"https:\/\/www.youtube.com\/watch?v=QnZDd5JA1hw#t\" target=\"_blank\" rel=\"noopener\">YouTube-Videos<\/a>, die auf die Zielgruppe der Jugendlichen ma\u00dfgeschneidert sein sollen und in denen haneb\u00fcchener Unfug verbreitet wird, zum Beispiel wie in dem verlinkten Clip die M\u00e4r vom flei\u00dfigen, sparsamen Deutschen und dem faulen S\u00fcdl\u00e4nder. Sp\u00e4testens jetzt sollte klar sein, dass das geb\u00fchrenfinanzierte Fernsehen ein Auslaufmodell ist, das schnellstens abgeschafft geh\u00f6rt.<\/p>\n<p>4. BILDblog ist eine Seite dreier freier Journalisten, die Falschmeldungen und Manipulationen in deutschen Medien, oft genug von der BILD-Zeitung, blo\u00dfstellen, indem sie die Unwahrheiten und vermeintlichen Fehler benennen. Aufgrund von finanziellen Engp\u00e4ssen war es etwas ruhig um die Seite in den letzten Wochen, nun ist nach einer Spendenaktion aber ein weiteres Jahr gesichert. Gut so! Und die Macher erkl\u00e4ren deswegen auch gleich noch mal ausf\u00fchrlich: <a href=\"http:\/\/www.bildblog.de\/62600\/warum-wir-gegen-die-bild-zeitung-kaempfen\/\" target=\"_blank\" rel=\"noopener\">Warum wie gegen die &#8222;Bild&#8220;-Zeitung k\u00e4mpfen<\/a>.<\/p>\n<p>5. Tja, nun reiht sich also auch Pr\u00e4sident Obama in die Reihe der sogenannten Verschw\u00f6rungstheoretiker ein, die behaupten, dass die USA den Putsch in der Ukraine organisiert haben. Ein <a href=\"https:\/\/www.freitag.de\/autoren\/hans-springstein\/obama-bestaetigt-us-gefuehrten-putsch-in-kiew\" target=\"_blank\" rel=\"noopener\">interessanter Artikel<\/a> auf\u00a0<em>Der Freitag<\/em> von Hans Springstein verweist auf dies von Obama in einer Talkshow get\u00e4tigte Aussage und liefert noch einiges Weiteres an interessanten Hintergrundquellen, die den US-Einfluss beim Sturz der ukrainischen Regierung belegen.<\/p>\n<p>6. Pflichtprogramm! <a href=\"http:\/\/www.zdf.de\/ZDFmediathek\/kanaluebersicht\/aktuellste\/2078314?bc=saz%3Bsaz0#\/kanaluebersicht\/2078314\" target=\"_blank\" rel=\"noopener\">Die Anstalt<\/a>\u00a0im <em>ZDF\u00a0<\/em>war mal wieder ein Feuerwerk an Bonmots. Diesmal mit dem Themenschwerpunkt Charlie-Hebdo-Anschlag und Pegida, aber auch auf die neue griechische Regierung wird kurz eingegangen. Wie immer extrem kurzweilig und sehenswert!<\/p>\n<p>7. Walter von Rossum geht in einem <a href=\"http:\/\/www.nachdenkseiten.de\/?p=24870#more-24870\" target=\"_blank\" rel=\"noopener\">Artikel<\/a> auf den <em>Nachdenkseiten<\/em>\u00a0mit treffenden scharfen Worten auf die unangebrachte \u00dcberheblichkeit in unseren Medien ein, wenn diese sich mit dem Thema Islam besch\u00e4ftigen, hier am Beispiel der Sendung Titel These Temperamente dargestellt.<\/p>\n<p>8.In einem\u00a0<a href=\"http:\/\/www.tagesschau.de\/inland\/atomausstieg-101.html\" target=\"_blank\" rel=\"noopener\">Artikel auf\u00a0<em>tagesschau.de<\/em><\/a> wird \u00fcber Recherchen des\u00a0<em>ARD<\/em>-Magazins\u00a0<em>Monitor\u00a0<\/em>berichtet, die ergeben haben, dass das damalige Moratorium, mit dem nach dem Fukushima-Ungl\u00fcck die deutschen AKWs stillgelegt wurden, wohl absichtlich und gegen ausdr\u00fcckliche Warnungen von Experten so verfasst wurden, dass nun Klagen in Millionenh\u00f6he der Energiekonzerne gegen den deutschen Staat m\u00f6glich sind. Der damalige Leiter der Abteilung Reaktorsicherheit Gerald Hennenh\u00f6fer war \u00fcbrigens vorher als Lobbyist der Atomindustrie t\u00e4tig. Bananenrepublik l\u00e4sst gr\u00fc\u00dfen &#8230;<\/p>\n<p>9. Was es alles gibt! <a href=\"http:\/\/www.gute-nachrichten.com.de\/2015\/01\/umwelt\/aqualibre-stromgewinnung-aus-bojen-ist-serienreif\/\" target=\"_blank\" rel=\"noopener\">Der Blog\u00a0<em>Gute Nachrichten<\/em> berichtet<\/a>\u00a0\u00fcber stromerzeugende Bojen in Fl\u00fcssen, die gerade in der Donau sehr erfolgreich getestet werden.<\/p>\n<p>10. Immerhin ein Anfang! Aus einem <a href=\"http:\/\/derstandard.at\/2000011093565\/Kroatien-erlaesst-den-60000-aermsten-Buergern-die-Schulden\" target=\"_blank\" rel=\"noopener\">Artikel des \u00f6sterreichischen <\/a><em><a href=\"http:\/\/derstandard.at\/2000011093565\/Kroatien-erlaesst-den-60000-aermsten-Buergern-die-Schulden\" target=\"_blank\" rel=\"noopener\">Standard<\/a>\u00a0<\/em>geht hervor, dass die kroatische Regierung den 60.000 \u00e4rmsten B\u00fcrgern ihre Schulden erlassen will. In Deutschland w\u00e4re so was wohl undenkbar &#8230;<\/p>\n<p>11. Auf der Seite <a title=\"Kurzfilme bringen TTIP ins Kino\" href=\"http:\/\/www.muenster-gegen-ttip.de\/kurzfilme-bringen-ttip-ins-kino\/\" target=\"_blank\" rel=\"noopener\"><em>M\u00fcnster gegen TTIP<\/em><\/a> finden sich eine Reihe von informativen Kurzfilmen zum Thema Freihandelsabkommen. Wenn man dabei bedenkt, dass nur Teile des Abkommens bisher \u00fcberhaupt bis an die \u00d6ffentlichkeit gedrungen sind, dann m\u00f6chte man vielleicht lieber gar nicht erst fragen, was da noch im Geheimen verhandelt wird.<\/p>\n<p>12. Auf die satirische\u00a0<em>heute-Show<\/em> des <em>ZDF<\/em> haben wir ja auch schon das eine oder andere Mal verlinkt, was sich die Macher der Sendung nun allerdings geleistet haben, ist nicht gerade fein: In einem Artikel der Webseite fernsehkritik.tv (leider nicht mehr aufrufbar) wird berichtet, wie Aussagen der Linken-Politikerin Marlena Schiewer bewusst aus ihrem Zusammenhang gerissen wurden, sodass etwas komplett Gegenteiliges zum eigentlich Gesagten herauskam. Einen gewissen journalistischen Anstand sollte man auch von einer Satiresendung erwarten d\u00fcrfen &#8230; Mittlerweile ist auch eine <a href=\"http:\/\/www.presseportal.de\/pm\/7840\/2944832\/recherche-fehler-bei-heute-show-oliver-welke-entschuldigt-sich\" target=\"_blank\" rel=\"noopener\">Pressemitteilung<\/a> rausgekommen, in der man sich f\u00fcr den &#8222;Fehler&#8220; entschuldigt.<\/p>\n","protected":false},"excerpt":{"rendered":"<p>An dieser Stelle pr\u00e4sentieren wir regelm\u00e4\u00dfig Links, die wir unter der Woche entdeckt haben, zu denen wir selbst nicht mehr viel schreiben m\u00fcssen und die wir teilenswert finden. Viel Spa\u00df beim Lesen und Anschauen!<\/p>\n","protected":false},"author":3,"featured_media":0,"comment_status":"open","ping_status":"closed","sticky":false,"template":"","format":"standard","meta":{"footnotes":""},"categories":[193],"tags":[],"class_list":["post-2457","post","type-post","status-publish","format-standard","hentry","category-woechentliches"],"_links":{"self":[{"href":"https:\/\/www.unterstroemt.de\/index.php?rest_route=\/wp\/v2\/posts\/2457","targetHints":{"allow":["GET"]}}],"collection":[{"href":"https:\/\/www.unterstroemt.de\/index.php?rest_route=\/wp\/v2\/posts"}],"about":[{"href":"https:\/\/www.unterstroemt.de\/index.php?rest_route=\/wp\/v2\/types\/post"}],"author":[{"embeddable":true,"href":"https:\/\/www.unterstroemt.de\/index.php?rest_route=\/wp\/v2\/users\/3"}],"replies":[{"embeddable":true,"href":"https:\/\/www.unterstroemt.de\/index.php?rest_route=%2Fwp%2Fv2%2Fcomments&post=2457"}],"version-history":[{"count":20,"href":"https:\/\/www.unterstroemt.de\/index.php?rest_route=\/wp\/v2\/posts\/2457\/revisions"}],"predecessor-version":[{"id":9567,"href":"https:\/\/www.unterstroemt.de\/index.php?rest_route=\/wp\/v2\/posts\/2457\/revisions\/9567"}],"wp:attachment":[{"href":"https:\/\/www.unterstroemt.de\/index.php?rest_route=%2Fwp%2Fv2%2Fmedia&parent=2457"}],"wp:term":[{"taxonomy":"category","embeddable":true,"href":"https:\/\/www.unterstroemt.de\/index.php?rest_route=%2Fwp%2Fv2%2Fcategories&post=2457"},{"taxonomy":"post_tag","embeddable":true,"href":"https:\/\/www.unterstroemt.de\/index.php?rest_route=%2Fwp%2Fv2%2Ftags&post=2457"}],"curies":[{"name":"wp","href":"https:\/\/api.w.org\/{rel}","templated":true}]}}