{"id":24849,"date":"2022-03-06T14:34:34","date_gmt":"2022-03-06T13:34:34","guid":{"rendered":"https:\/\/www.unterstroemt.de\/?p=24849"},"modified":"2022-03-10T14:45:54","modified_gmt":"2022-03-10T13:45:54","slug":"interessantes-aus-kw-9-2022","status":"publish","type":"post","link":"https:\/\/www.unterstroemt.de\/?p=24849","title":{"rendered":"Interessantes aus KW 9\/2022"},"content":{"rendered":"<p>An dieser Stelle pr\u00e4sentieren wir regelm\u00e4\u00dfig Links, die wir unter der Woche entdeckt haben, zu denen wir selbst nicht mehr viel schreiben m\u00fcssen und die wir teilenswert finden. Viel Spa\u00df beim Lesen und Anschauen!<\/p>\n<p>1. In einem <a href=\"https:\/\/www.blaetter.de\/ausgabe\/2022\/februar\/ueberleben-um-zu-erinnern\" target=\"_blank\" rel=\"noopener\">Artikel in den <em>Bl\u00e4ttern f\u00fcr deutsche und internationale Politik<\/em><\/a> zeichnet Benet Lehmann den Lebensweg von Esther Bejarano nach. Die im letzten Jahr im Juli verstorbene Auschwitz-\u00dcberlebende war eine beeindruckende Zeitzeugin mit hoher Medienpr\u00e4senz &#8211; was allerdings nicht immer so war, denn einen gro\u00dfen Teil ihres Lebens hat sie eher in (klein)b\u00fcrgerlichen Verh\u00e4ltnissen verbracht. Da altersbedingt immer weniger Holocaust-\u00dcberlebende \u00fcbrig bleiben, um von ihren Erfahrungen zu berichten, ist es umso wichtiger, dass j\u00fcngere Generationen das Andenken an das unbeschreibliche Grauen aufrechterhalten. [Karl]<\/p>\n<p>2. W\u00e4hrend zurzeit der \u00f6ffentliche Fokus eindeutig auf dem Krieg in der Ukraine liegt, macht die Klimakatastrophe leider keine Pause. Das bekommen gerade die Australier besonders hart zu sp\u00fcren: Nachdem dort im letzten Jahr gewaltige Waldbr\u00e4nde w\u00fcteten, suchen nun extreme Regenf\u00e4lle mit daraus resultierenden \u00dcberschwemmungen Teile des Landes heim, wie aus einem <a href=\"https:\/\/www.spiegel.de\/panorama\/australien-300-000-menschen-sollen-sich-wegen-ueberschwemmungen-fuer-evakuierung-bereit-machen-a-aca69865-55d5-4e10-a153-9dd6c98bdac4\" target=\"_blank\" rel=\"noopener\">Artikel auf <em>Spiegel Online<\/em><\/a> hervorgeht. Die Zahl der Toten und Vermissten steigt, und es ist leider noch kein Ende in Sicht, da weitere St\u00fcrme mit Starkregen erwartet werden. [Karl]<\/p>\n<p>3. Im Zuge des Wirecard-Prozesses sind nun laut einem <a href=\"https:\/\/www.tagesschau.de\/investigativ\/wdr\/wirecard-dubioser-geldkreislauf-101.html\" target=\"_blank\" rel=\"noopener\">Artikel auf <em>tagesschau.de<\/em><\/a> neue Dokumente aufgetaucht, die den ehemaligen Chef des Skandalunternehmens Markus Braun belasten. Darin geht es um zirkulierende Finanztransaktionen, bei denen vieles darauf hindeutet, dass sie vor allem dazu dienten, Geld aus dem Konzern zu ziehen und zu veruntreuen. Braun bestreitet nat\u00fcrlich mal wieder alles, aber das ist ja nun auch nicht sonderlich \u00fcberraschend. [Karl]<\/p>\n<p>4. Katja Thorwarth hat f\u00fcr die <em>Frankfurter Rundschau<\/em> ein <a href=\"https:\/\/www.fr.de\/politik\/ukraine-krieg-bundeswehr-aufruestung-interview-jutta-ditfurth-news-91380249.html\" target=\"_blank\" rel=\"noopener\">Interview mit Jutta Ditfurth<\/a> gef\u00fchrt. Und es ist sehr interessant, was die Soziologin, Autorin und ehemalige Gr\u00fcnen-Politikerin, die jetzt f\u00fcr die \u00d6kologische Linke in Frankfurt politisch aktiv ist, zum Krieg in der Ukraine zu sagen hat. Sie kritisiert n\u00e4mlich deutlich die gerade von der Bundesregierung beschlossenen deutlich erh\u00f6hten R\u00fcstungsausgaben und zeigt auf, welche nicht nur geopolitischen Konsequenzen das haben kann, sondern auch was hierzulande die Auswirkungen sein werden, da diese Milliardenbetr\u00e4ge ja irgendwo anders eingespart werden m\u00fcssen. Es ist wohltuend, auch mal eine pazifistische Stimme in der derzeit sehr aufgeheizten \u00f6ffentlichen Debatte zu h\u00f6ren! [Karl]<\/p>\n<p>5. Und noch was zum Krieg in der Ukraine: In einem <a href=\"https:\/\/uebermedien.de\/69002\/von-kriegsopfern-erster-und-zweiter-klasse\/\" target=\"_blank\" rel=\"noopener\">Kommentar auf <em>\u00dcber Medien<\/em><\/a> beklagt Emran Feroz den offenkundigen Rassismus, der bei vielen \u00f6ffentlich get\u00e4tigten \u00c4u\u00dferungen zu diesem Konflikt mitschwingt. Da werden die Ukrainer als uns Europ\u00e4ern n\u00e4herstehender und zivilisierter bezeichnet als beispielsweise Menschen aus Afghanistan oder Syrien, die ebenfalls vor einem Krieg fliehen. Das geht sogar so weit, dass dieser Konflikt nun benutzt wird, um andere Gefl\u00fcchtete zu diskreditieren, da ukrainische M\u00e4nner eben heldenhaft ihr Land verteidigen w\u00fcrden, w\u00e4hrend andere feige fliehen w\u00fcrden &#8211; ohne dabei die Unterschiede der Kriege zu ber\u00fccksichtigen. Ekelhaft, was da so zum Vorschein kommt. [Karl]<\/p>\n<p>6. Und das im vorherigen Hinweis Geschilderte ist nicht die einzige Form von Rassismus, die sich da nun im Zuge des Ukraine-Krieges Bahn bricht. So berichtet ein <a href=\"https:\/\/www.n-tv.de\/politik\/Aus-der-Ukraine-Fluechtende-erleben-Rassismus-article23174444.html\" target=\"_blank\" rel=\"noopener\">Artikel von <em>ntv<\/em><\/a>, dass nicht wei\u00dfe Menschen bei der Flucht aus der Ukraine an der Grenze massiv behindert und teilweise sogar am Verlassen des Landes gehindert wurden. Dabei handelt es sich \u00fcberwiegend um Studenten aus Indien und afrikanische L\u00e4ndern. Wer doch rausgekommen ist, hat dann an der polnischen Grenze schon wieder mit rassistischen Beamten zu tun. Und auch aus Deutschland wird berichtet, dass in Z\u00fcgen an der deutsch-polnischen Grenze vor allem dunkelh\u00e4utige Menschen kontrolliert wurden. [Karl]<\/p>\n<p>7. Wenn komplett Wahnsinnige eine M\u00f6glichkeit bekommen, ihren Irrsinn weit zu verbreiten, dann wird&#8217;s brandgef\u00e4hrlich. So fordert, wie aus einem <a href=\"https:\/\/www.nzz.ch\/meinung\/springer-chef-mathias-doepfner-blaest-zum-angriff-ld.1673017\" target=\"_blank\" rel=\"noopener\">Kommentar von Oliver Maksan<\/a> in der <em>Neuen Z\u00fcrcher Zeitung<\/em> hervorgeht, Springer-Chef Mathias D\u00f6pfner doch auf der BILD-Website tats\u00e4chlich, dass die Nato sich milit\u00e4risch in der Ukraine einschalten sollte. Dass dies vermutlich einen Dritten Weltkrieg ausl\u00f6sen und damit unter Umst\u00e4nden auch das Ende allen Lebens auf unserem Planeten bedeuten w\u00fcrde, scheint D\u00f6pfner nicht zu k\u00fcmmern. Die Kriegshetze und -geilheit wird also noch mal auf ein neues Level gehievt. [Karl]<\/p>\n<p>8. Eine milit\u00e4risch \u00fcberlegene Macht mit einem despotischen Herrscher marschiert in ein Nachbarland ein, attackiert dort auch Zivilisten und will eigene politische Strukturen dort etablieren. Die Rede ist hier jetzt nicht von Russland und der Ukraine, sondern von dem, was die T\u00fcrkei seit 2018 in Nordsyrien mit den kurdischen Autonomiegebieten veranstaltet &#8211; und seit dem Ukraine-Krieg offensichtlich noch mal wieder forciert hat, wie ein <a href=\"https:\/\/www.german-foreign-policy.com\/news\/detail\/8860\" target=\"_blank\" rel=\"noopener\">Artikel von <em>German-Foreign-Policy.com<\/em><\/a> berichtet. Unterst\u00fctzung erh\u00e4lt die T\u00fcrkei dabei von der Nato und auch von Deutschland, das nach wie vor Waffen dorthin liefert. Ach ja: Und als Sahneh\u00e4ubchen paktiert die T\u00fcrkei dabei auch noch mit IS-Dschihadisten. Wie war das noch mal mit zweierlei Ma\u00df und so? [Karl]<\/p>\n<p>9. Thomas Fricke setzt sich in seiner <a href=\"https:\/\/www.spiegel.de\/wirtschaft\/soziales\/bundeswehr-wenn-der-staat-ploetzlich-doch-milliarden-raushauen-kann-kolumne-a-883721fe-f2ab-44b1-b181-b4578476c7bc\" target=\"_blank\" rel=\"noopener\">Kolumne auf <em>Spiegel Online<\/em><\/a> mit den gerade bewilligten Sonderausgaben von 100 Milliarden Euro f\u00fcr die Bundeswehr auseinander. Diese erachtet er zwar nicht als generell unsinnig, fragt sich allerdings, wieso einerseits immer wieder behauptet wird, es m\u00fcsse gespart werden, wenn dann andauernd Notlagen f\u00fcr Sonderausgaben auftreten (Finanzkrise, Eurokrise, Gefl\u00fcchtete, Flutkatastrophe, Corona) und dort dann das Geld nur korrigierend anstatt zuvor vorausschauend verhindernd ausgegeben wird. Zudem fragt er sich, warum die Klimakatastrophe nicht als eine solche Notlage begriffen wird. Und zeigt noch den politischen Sprengstoff auf, wenn nun die Milit\u00e4rgelder durch K\u00fcrzungen im Sozialen ausgeglichen werden sollen. [Karl]<\/p>\n<p>10. Am letzten Montag ist der aktuelle Bericht des Weltklimarats (IPCC) ver\u00f6ffentlicht worden. Was dort auf 3600 Seiten steht, wird in einem <a href=\"https:\/\/www.youtube.com\/watch?v=L_YAsOp-Scs\" target=\"_blank\" rel=\"noopener\">Video von <em>Der Standard<\/em><\/a> auf deren <em>YouTube<\/em>-Kanal in vier Minuten zusammengefasst. Darin wird nicht nur der aktuelle Zustand, der ausgesprochen besorgniserregend ist, dargestellt, sondern auch die k\u00fcnftigen Auswirkungen sowie M\u00f6glichkeiten, etwas gegen diese fatale Entwicklung machen zu k\u00f6nnen. [Karl]<\/p>\n","protected":false},"excerpt":{"rendered":"<p>An dieser Stelle pr\u00e4sentieren wir regelm\u00e4\u00dfig Links, die wir unter der Woche entdeckt haben, zu denen wir selbst nicht mehr viel schreiben m\u00fcssen und die wir teilenswert finden. Viel Spa\u00df beim Lesen und Anschauen!<\/p>\n","protected":false},"author":5,"featured_media":0,"comment_status":"open","ping_status":"open","sticky":false,"template":"","format":"standard","meta":{"footnotes":""},"categories":[193],"tags":[],"class_list":["post-24849","post","type-post","status-publish","format-standard","hentry","category-woechentliches"],"_links":{"self":[{"href":"https:\/\/www.unterstroemt.de\/index.php?rest_route=\/wp\/v2\/posts\/24849","targetHints":{"allow":["GET"]}}],"collection":[{"href":"https:\/\/www.unterstroemt.de\/index.php?rest_route=\/wp\/v2\/posts"}],"about":[{"href":"https:\/\/www.unterstroemt.de\/index.php?rest_route=\/wp\/v2\/types\/post"}],"author":[{"embeddable":true,"href":"https:\/\/www.unterstroemt.de\/index.php?rest_route=\/wp\/v2\/users\/5"}],"replies":[{"embeddable":true,"href":"https:\/\/www.unterstroemt.de\/index.php?rest_route=%2Fwp%2Fv2%2Fcomments&post=24849"}],"version-history":[{"count":13,"href":"https:\/\/www.unterstroemt.de\/index.php?rest_route=\/wp\/v2\/posts\/24849\/revisions"}],"predecessor-version":[{"id":24886,"href":"https:\/\/www.unterstroemt.de\/index.php?rest_route=\/wp\/v2\/posts\/24849\/revisions\/24886"}],"wp:attachment":[{"href":"https:\/\/www.unterstroemt.de\/index.php?rest_route=%2Fwp%2Fv2%2Fmedia&parent=24849"}],"wp:term":[{"taxonomy":"category","embeddable":true,"href":"https:\/\/www.unterstroemt.de\/index.php?rest_route=%2Fwp%2Fv2%2Fcategories&post=24849"},{"taxonomy":"post_tag","embeddable":true,"href":"https:\/\/www.unterstroemt.de\/index.php?rest_route=%2Fwp%2Fv2%2Ftags&post=24849"}],"curies":[{"name":"wp","href":"https:\/\/api.w.org\/{rel}","templated":true}]}}