{"id":2486,"date":"2015-02-15T11:45:19","date_gmt":"2015-02-15T10:45:19","guid":{"rendered":"https:\/\/www.unterstroemt.de\/?p=2486"},"modified":"2019-08-25T19:18:17","modified_gmt":"2019-08-25T17:18:17","slug":"interessantes-aus-kw-72015","status":"publish","type":"post","link":"https:\/\/www.unterstroemt.de\/?p=2486","title":{"rendered":"Interessantes aus KW 7\/2015"},"content":{"rendered":"<p>An dieser Stelle pr\u00e4sentieren wir regelm\u00e4\u00dfig Links, die wir unter der Woche entdeckt haben, zu denen wir selbst nicht mehr viel schreiben m\u00fcssen und die wir teilenswert finden. Viel Spa\u00df beim Lesen und Anschauen!<\/p>\n<p>1. Springer ist wirklich jedes Mittel recht, um politisch nicht genehme Positionen zu diffamieren. Wie nun ein <a href=\"http:\/\/www.spiegel.de\/wirtschaft\/soziales\/giannis-varoufakis-ist-griechenlands-finanzminister-antisemit-a-1017402.html\" target=\"_blank\" rel=\"noopener noreferrer\">Artikel auf\u00a0<em>Spiegel online<\/em><\/a> berichtet, war an den Antisemitismus-Vorw\u00fcrfen in Springers\u00a0<em>Welt<\/em> gegen den neuen griechischen Finanzminister Vanoufakis nichts dran. Aber erst mal so was in die Welt setzen &#8211; das ist ausgesprochen billig, widerlich und sch\u00e4big!<\/p>\n<p>2. <a href=\"https:\/\/www.blaetter.de\/archiv\/jahrgaenge\/2015\/februar\/podemos-und-co.-spaniens-neue-linke\" target=\"_blank\" rel=\"noopener noreferrer\">Podemos und Co.: Spaniens neue Linke<\/a>. Unter diesem Titel gibt Julia Macher in den\u00a0<em>Bl\u00e4ttern f\u00fcr deutsche und internationale Politik<\/em> einen interessanten \u00dcberblick \u00fcber die linken Bewegungen in Spanien, die sich durchaus Chancen bei den dort in diesem Jahr anstehenden zahlreichen Wahlen ausrechnen.<\/p>\n<p>3. Ein <a href=\"http:\/\/www.sueddeutsche.de\/gesundheit\/kritik-an-arzneimittelherstellern-die-pharmaindustrie-ist-schlimmer-als-die-mafia-1.2267631\" target=\"_blank\" rel=\"noopener noreferrer\">Interview mit Peter C. G\u00f8tzsche in der <em>S\u00fcddeutschen Zeitung<\/em><\/a> bietet erschreckende Einblicke in die Pharmaindustrie. G\u00f8tzsche ist selbst Arzt und hat f\u00fcr Pharmafirmen gearbeitet. Heute bezeichnet vergleicht er die Arzneimittelhersteller mit der Mafia und weist auf die Hunderttausenden von Toten hin, die die gro\u00dfen Pharmakonzerne aufgrund von Betr\u00fcgereien, Korruption, Studienf\u00e4lschungen usw. auf dem Gewissen haben.<\/p>\n<p>4. <a href=\"http:\/\/www.fr-online.de\/meinung\/griechenland-weicheier-verschwoeren-sich-gegen-uns,1472602,29789134.html\" target=\"_blank\" rel=\"noopener noreferrer\">Tom Schimmecks Kommentar<\/a> in der\u00a0<em>Frankfurter Rundschau <\/em>bringt es auf den Punkt: Der h\u00e4ssliche Deutsche ist wieder zur\u00fcck, und es wird langsam, aber sicher immer einsamer um ihn. Wer jetzt denkt, es geht in der Kolumne um Pegida und Co. &#8211; nein, es geht um die politischen und medialen Reaktionen auf die neue griechische Regierung.<\/p>\n<p>5. &#8222;Satire darf alles!&#8220; &#8222;Unsere westlichen Werte stehen f\u00fcr Meinungsfreiheit!&#8220; Wie schnell es mit diesen Postulaten, die ja in den letzten Wochen nach dem Attentat auf die Charlie-Hebdo-Redaktion inflation\u00e4r von jedem herausposaunt wurden, vorbei ist, darf gerade der Berliner Blog\u00a0<em>Metronaut<\/em> erfahren: Laut einem\u00a0<a href=\"http:\/\/www.kraftfuttermischwerk.de\/blogg\/berliner-blog-wegen-der-nutzung-satirischer-olympia-motive-vom-land-berlin-abgemahnt\/\" target=\"_blank\" rel=\"noopener noreferrer\">Artikel auf\u00a0<em>Kraftfuttermischwerk<\/em><\/a>\u00a0haben die Blog-Betreiber eine Abmahnung von der Stadt Berlin erhalten, weil sie in einem satirischen Kontext auf die nationalsozialistische Geschichte von Olympischen Spielen in Berlin aufmerksam gemacht haben. Bravo, CDU und SPD!<\/p>\n<p>6. Molly Scott Cato ist Europaabgeordnete der britischen Gr\u00fcnen und durfte in dieser Funktion Einblick in die Verhandlungsdokumente von TTIP nehmen. Zwar darf sie aus Geheimhaltungsgr\u00fcnden nichts dar\u00fcber berichten, was in diesen Dokumenten steht (so viel zur Transparenz, wenn gew\u00e4hlte Volksvertreter ihre W\u00e4hler nicht informieren d\u00fcrfen), aber das, was sie in einem Artikel, der auf den\u00a0<em>Nachdenkseiten<\/em> \u00fcbersetzt ver\u00f6ffentlicht wurde (leider nicht mehr aufrufbar), dazu aussagt, reicht schon aus, um best\u00e4tigt zu bekommen, dass es sich dabei um einen Generalangriff auf die Demokratie handelt!<\/p>\n<p>7. <a href=\"http:\/\/www.zeit.de\/2009\/32\/Das-therapierte-Kind-32\" target=\"_blank\" rel=\"noopener noreferrer\">Ich will doch nur spielen<\/a>\u00a0&#8211; so titelt ein sehr interessanter l\u00e4ngerer Artikel in der\u00a0<em>Zeit<\/em>\u00a0(der zwar schon ein bisschen \u00e4lter ist, n\u00e4mlich von 2009, aber nach wie vor aktuell &#8211; und ich hab ihn gerade erst entdeckt) und beschriebt damit sehr gut die desastr\u00f6se Situation, in der die meisten Kinder heute mehr oder weniger aufwachsen. Gerade f\u00fcr Eltern sehr zu empfehlen, das man zu lesen und dann selbstreflektierend dar\u00fcber nachzudenken.<\/p>\n<p>8. Irgendwie ja nichts \u00dcberraschendes, aber nun eben auch durch eine Studie nachgewiesen, wie die <a href=\"http:\/\/www.weltagrarbericht.de\/aktuelles\/nachrichten\/news\/de\/30323.html\" target=\"_blank\" rel=\"noopener noreferrer\">Webseite\u00a0<em>weltagrarbericht.de<\/em> schildert:<\/a>\u00a0Wer mehr Bioprodukte isst, hat weniger Pestizide im K\u00f6rper. Da man die meisten Menschen ja nur \u00fcber die Egoschiene bekommt (Umwelt? Egal! Landwirtschaftliche Arbeitskr\u00e4fte? Egal!), ist das zumindest mal eine Tatsache, die man weiterverbreiten sollte &#8230;<\/p>\n<p>9. Max Bank von <em>LobbyControl<\/em> hat sich bei der Forum Europe TTIP-Konferenz umgesehen und dazu einen <a href=\"https:\/\/www.lobbycontrol.de\/2015\/02\/ttip-konferenz-lobbyisten-kaufen-sich-kontakt-zur-politik\/\" target=\"_blank\" rel=\"noopener noreferrer\">Artikel<\/a>\u00a0auf der <em>LobbyControl<\/em>-Webseite verfasst. Wie nicht anders zu erwarten war, diente die Veranstaltung vor allem daf\u00fcr, dass gro\u00dfe Unternehmen und Lobbyverb\u00e4nde ihre Interessen an Politiker herantragen konnten. TTIP-Style halt &#8230;<\/p>\n<p>10. Ein <a href=\"http:\/\/www.fr-online.de\/meinung\/kosovo-so-absurd-ist-die-deutsche-asylpolitik,1472602,29844172.html\" target=\"_blank\" rel=\"noopener noreferrer\">Kommentar von Daniel Haufler<\/a>\u00a0in der <em>Frankfurter Rundschau<\/em>\u00a0bringt die Absurdit\u00e4t der deutschen Asylpolitik kurz, aber treffend auf den Punkt: Wenn zu viele Fl\u00fcchtlinge aus einem Land kommen, dann wird das einfach zu einem sicheren Herkunftsland erkl\u00e4rt. Reichlich zynische Praxis, wie ich finde &#8230;<\/p>\n<p>11. Ein <a href=\"https:\/\/www.taz.de\/Debatte-AfD\/!154534\/\" target=\"_blank\" rel=\"noopener noreferrer\">Artikel in der <em>taz<\/em><\/a> besch\u00e4ftigt sich\u00a0etwas genauer mit der AfD: Wer sind deren W\u00e4hler, welche Str\u00f6mungen gibt es in der Partei, wie ist die AfD im gesamtgesellschaftlichen Kontext zu verorten? F\u00fcr unterstr\u00f6mt-Leser nicht unbedingt viel Neues, aber doch recht gut zusammengefasst und daher durchaus lesenswert.<\/p>\n","protected":false},"excerpt":{"rendered":"<p>An dieser Stelle pr\u00e4sentieren wir regelm\u00e4\u00dfig Links, die wir unter der Woche entdeckt haben, zu denen wir selbst nicht mehr viel schreiben m\u00fcssen und die wir teilenswert finden. Viel Spa\u00df beim Lesen und Anschauen!<\/p>\n","protected":false},"author":3,"featured_media":0,"comment_status":"open","ping_status":"closed","sticky":false,"template":"","format":"standard","meta":{"footnotes":""},"categories":[193],"tags":[],"class_list":["post-2486","post","type-post","status-publish","format-standard","hentry","category-woechentliches"],"_links":{"self":[{"href":"https:\/\/www.unterstroemt.de\/index.php?rest_route=\/wp\/v2\/posts\/2486","targetHints":{"allow":["GET"]}}],"collection":[{"href":"https:\/\/www.unterstroemt.de\/index.php?rest_route=\/wp\/v2\/posts"}],"about":[{"href":"https:\/\/www.unterstroemt.de\/index.php?rest_route=\/wp\/v2\/types\/post"}],"author":[{"embeddable":true,"href":"https:\/\/www.unterstroemt.de\/index.php?rest_route=\/wp\/v2\/users\/3"}],"replies":[{"embeddable":true,"href":"https:\/\/www.unterstroemt.de\/index.php?rest_route=%2Fwp%2Fv2%2Fcomments&post=2486"}],"version-history":[{"count":17,"href":"https:\/\/www.unterstroemt.de\/index.php?rest_route=\/wp\/v2\/posts\/2486\/revisions"}],"predecessor-version":[{"id":16811,"href":"https:\/\/www.unterstroemt.de\/index.php?rest_route=\/wp\/v2\/posts\/2486\/revisions\/16811"}],"wp:attachment":[{"href":"https:\/\/www.unterstroemt.de\/index.php?rest_route=%2Fwp%2Fv2%2Fmedia&parent=2486"}],"wp:term":[{"taxonomy":"category","embeddable":true,"href":"https:\/\/www.unterstroemt.de\/index.php?rest_route=%2Fwp%2Fv2%2Fcategories&post=2486"},{"taxonomy":"post_tag","embeddable":true,"href":"https:\/\/www.unterstroemt.de\/index.php?rest_route=%2Fwp%2Fv2%2Ftags&post=2486"}],"curies":[{"name":"wp","href":"https:\/\/api.w.org\/{rel}","templated":true}]}}