{"id":24945,"date":"2022-03-27T13:56:16","date_gmt":"2022-03-27T11:56:16","guid":{"rendered":"https:\/\/www.unterstroemt.de\/?p=24945"},"modified":"2022-03-31T17:20:10","modified_gmt":"2022-03-31T15:20:10","slug":"interessantes-aus-kw-12-2022","status":"publish","type":"post","link":"https:\/\/www.unterstroemt.de\/?p=24945","title":{"rendered":"Interessantes aus KW 12\/2022"},"content":{"rendered":"<p>An dieser Stelle pr\u00e4sentieren wir regelm\u00e4\u00dfig Links, die wir unter der Woche entdeckt haben, zu denen wir selbst nicht mehr viel schreiben m\u00fcssen und die wir teilenswert finden. Viel Spa\u00df beim Lesen und Anschauen!<\/p>\n<p>1. Jagoda Marinic spricht in einer <a href=\"https:\/\/taz.de\/Politische-Debattenkultur-in-Deutschland\/!5838331\/\" target=\"_blank\" rel=\"noopener\">Kolumne in der <em>taz<\/em><\/a> ein Ph\u00e4nomen an, das ich auch schon l\u00e4nger beobachte: die zunehmende Unf\u00e4higkeit, komplexe Themen auch entsprechend zu diskutieren. Das f\u00fchrt bei immer mehr Menschen zu einem Unverst\u00e4ndnis von Geschehnissen, insbesondere in solchen krisenhaften Zeiten wie gerade jetzt. Resultat davon sind laut Marinic dann Verdr\u00e4ngen von Unangenehmem und Passivit\u00e4t. Dabei w\u00e4re genau das Gegenteil wichtig. [Karl]<\/p>\n<p>2. In der <em>S\u00fcddeutschen Zeitung<\/em> findet sich ein interessantes <a href=\"https:\/\/www.sueddeutsche.de\/wirtschaft\/google-privatsphaere-interview-1.5549567\" target=\"_blank\" rel=\"noopener\">Interview mit Leena Simon<\/a>. Die IT-Beraterin und Netzpolitologin von <em>Digitalcourage<\/em> erl\u00e4utert darin, warum sie Google nicht nutzt als Suchmaschine und was an der Datensammelei dieses Konzerns so gef\u00e4hrlich ist. Ein Thema, was uns fast alle betrifft, und zumindest jeder von Euch, der das hier liest, ist ja nun auch im Internet unterwegs. Sch\u00f6n auch noch, dass Simon erkl\u00e4rt, warum die Floskel &#8222;Ich hab ja nichts zu verbergen&#8220; kompletter Bl\u00f6dsinn ist. [Karl]<\/p>\n<p>3. Jens Berger kommentiert in einem <a href=\"https:\/\/www.nachdenkseiten.de\/?p=82168\" target=\"_blank\" rel=\"noopener\">Artikel auf den <em>NachDenkSeiten<\/em><\/a> recht treffend das Verhalten von Bundeswirtschaftsminister Robert Habeck (Gr\u00fcne), der gerade auf Staatsbesuch in Katar war, um dort Gaslieferungen als Ersatz f\u00fcr das Erdgas aus Russland klarzumachen. Dabei verweist Berger sehr zu Recht darauf, dass trotz des v\u00f6lkerrechtswidrigen Einmarsches in der Ukraine Katar wohl doch ein deutlich fieseres und r\u00fcckschrittlicheres Regime ist als Putins Russland, was er mit zahlreichen Beispielen belegen kann. Wo sind da noch mal die Ideale der Gr\u00fcnen geblieben, was Menschenrechte usw. angeht? [Karl]<\/p>\n<p>4. K\u00fcnstliche Intelligenz (KI) wird mittlerweile in vielen Bereichen eingesetzt, beispielsweise auch in der Medizin, um dort in der Medikamentenentwicklung f\u00fcr den Menschen gef\u00e4hrliche Nebenwirkungen auszuschlie\u00dfen. Nun haben, wie ein <a href=\"https:\/\/www.heise.de\/news\/Weckruf-KI-entwickelt-40-000-potenzielle-Chemiewaffen-in-sechs-Stunden-6587025.html\" target=\"_blank\" rel=\"noopener\">Artikel auf <em>heise online<\/em><\/a> berichtet, Forscher, die genau das machen, einfach mal die Zielsetzung f\u00fcr die KI genau umgedreht. Das Resultat: Innerhalb von sechs Stunden hat die KI die Formeln f\u00fcr 40.000 m\u00f6gliche Chemiewaffen entwickelt, einige davon bereits bekannt, andere allerdings noch nicht. Wenn solche Daten in die falschen H\u00e4nde kommen &#8230; oder wenn so eine KI das selbstst\u00e4ndig entwickelt, um es dann selbst zu nutzen &#8230; Meine Skepsis gegen\u00fcber dieser Form der Technik ist durch diesen Bericht nicht gerade kleiner geworden. [Karl]<\/p>\n<p>5. 100 Tage ist die neue Bundesregierung nun im Amt, und anl\u00e4sslich dessen hat <a href=\"https:\/\/netzpolitik.org\/2022\/100-tage-bundesregierung-grosse-vorhaben-und-grosse-baustellen\/\" target=\"_blank\" rel=\"noopener\"><em>Netzpolitik.org<\/em> mal mit zwei Bundestagspolitikern gesprochen<\/a>, die das Thema Digitalisierung als Fachgebiet haben, n\u00e4mlich mit Maik Au\u00dfendorf (Gr\u00fcne) und Anke Domseit-Berg (Linke). Was dabei deutlich wird: Es sind durchaus Vorhaben und Bem\u00fchungen zu erkennen, die 16 Jahre digitalen Stillstand unter Angela Merkel (CDU) hinter sich zu lassen, allerdings hakt und klemmt es doch noch in vielen Bereichen, vor allem da die Strukturen, wer wof\u00fcr zust\u00e4ndig sein soll, noch nicht gekl\u00e4rt sind. Bleibt zu hoffen, dass sich hier in n\u00e4chster Zeit einiges tut, damit Deutschland nicht weiter digitales Entwicklungsland bleibt. [Karl]<\/p>\n<p>6. Es lohnt sich eigentlich immer, Harald Welzer zuzuh\u00f6ren, so auch seinem <a href=\"https:\/\/www.stern.de\/plus\/gesellschaft\/ukraine-krieg---harald-welzer---nirgends-hoert-man--moment-mal---31701534.html\" target=\"_blank\" rel=\"noopener\">Kommentar im <em>Stern<\/em><\/a> zum Ukraine-Krieg. Darin \u00e4u\u00dfert er sich n\u00e4mlich sehr besorgt \u00fcber die seit einigen Wochen zu beobachtende stete Verbreitung von Kriegsrhetorik und gewaltverherrlichender Sprache. Das Problem dabei ist n\u00e4mlich, dass so die Sichtweise auf m\u00f6gliche L\u00f6sungen, mit denen ein Ende der Gewalt herbeigef\u00fchrt werden kann, verstellt wird. Und so suhlen sich gerade viele Medien und Politiker in einer Sprache wie vor gut 100 Jahren vor dem Ersten Weltkrieg. Sch\u00f6n, solche besonnenen und differenzierten Stimmen wie die von Welzer zu lesen &#8211; wenngleich sie viel zu selten geworden sind. [Karl]<\/p>\n<p>7. In einem <a href=\"https:\/\/taz.de\/Klimaschutz-in-der-Landwirtschaft\/!5842012\/\" target=\"_blank\" rel=\"noopener\">Artikel zum <em>taz lab<\/em><\/a> beschreibt Ute Scheub, wie die Landwirtschaft zum Klimaschutz anstatt zur Klimakatastrophe (was aktuell leider gerade der Fall ist) beitragen k\u00f6nnte: mit Humus. Darin wird n\u00e4mlich sehr viel CO2 gespeichert, zudem ist das extrem wasserspeichernd und damit ein guter Schutz vor \u00dcberschwemmungen. Das Problem: Die industrialisierte Landwirtschaft vernichtet eher Humus, anstatt welchen zu schaffen. Hier b\u00f6te sich ein sehr guter Ansatz, um durch eine kleinteilige und \u00f6kologische Landwirtschaft nicht nur Klima- und Artenschutz zu betreiben, sondern zudem auch noch Nahrungssicherheit herzustellen. [Karl]<\/p>\n","protected":false},"excerpt":{"rendered":"<p>An dieser Stelle pr\u00e4sentieren wir regelm\u00e4\u00dfig Links, die wir unter der Woche entdeckt haben, zu denen wir selbst nicht mehr viel schreiben m\u00fcssen und die wir teilenswert finden. Viel Spa\u00df beim Lesen und Anschauen!<\/p>\n","protected":false},"author":5,"featured_media":0,"comment_status":"open","ping_status":"open","sticky":false,"template":"","format":"standard","meta":{"footnotes":""},"categories":[193],"tags":[],"class_list":["post-24945","post","type-post","status-publish","format-standard","hentry","category-woechentliches"],"_links":{"self":[{"href":"https:\/\/www.unterstroemt.de\/index.php?rest_route=\/wp\/v2\/posts\/24945","targetHints":{"allow":["GET"]}}],"collection":[{"href":"https:\/\/www.unterstroemt.de\/index.php?rest_route=\/wp\/v2\/posts"}],"about":[{"href":"https:\/\/www.unterstroemt.de\/index.php?rest_route=\/wp\/v2\/types\/post"}],"author":[{"embeddable":true,"href":"https:\/\/www.unterstroemt.de\/index.php?rest_route=\/wp\/v2\/users\/5"}],"replies":[{"embeddable":true,"href":"https:\/\/www.unterstroemt.de\/index.php?rest_route=%2Fwp%2Fv2%2Fcomments&post=24945"}],"version-history":[{"count":10,"href":"https:\/\/www.unterstroemt.de\/index.php?rest_route=\/wp\/v2\/posts\/24945\/revisions"}],"predecessor-version":[{"id":24989,"href":"https:\/\/www.unterstroemt.de\/index.php?rest_route=\/wp\/v2\/posts\/24945\/revisions\/24989"}],"wp:attachment":[{"href":"https:\/\/www.unterstroemt.de\/index.php?rest_route=%2Fwp%2Fv2%2Fmedia&parent=24945"}],"wp:term":[{"taxonomy":"category","embeddable":true,"href":"https:\/\/www.unterstroemt.de\/index.php?rest_route=%2Fwp%2Fv2%2Fcategories&post=24945"},{"taxonomy":"post_tag","embeddable":true,"href":"https:\/\/www.unterstroemt.de\/index.php?rest_route=%2Fwp%2Fv2%2Ftags&post=24945"}],"curies":[{"name":"wp","href":"https:\/\/api.w.org\/{rel}","templated":true}]}}