{"id":25079,"date":"2022-04-19T20:06:27","date_gmt":"2022-04-19T18:06:27","guid":{"rendered":"https:\/\/www.unterstroemt.de\/?p=25079"},"modified":"2022-04-19T20:06:27","modified_gmt":"2022-04-19T18:06:27","slug":"die-rhetorik-veraendert-sich","status":"publish","type":"post","link":"https:\/\/www.unterstroemt.de\/?p=25079","title":{"rendered":"Die Rhetorik ver\u00e4ndert sich"},"content":{"rendered":"<p>Zuerst haben wir wieder Kriege gef\u00fchrt. Dann haben wir, der Logik folgend, behauptet, unser Milit\u00e4r muss professionalisiert werden und eine Berufsarmee muss geschafften werden. Dann haben wir alle rechtsextremen Netzwerke in dieser Bundeswehr ignoriert, bagatellisiert oder in langen Gerichtsverhandlungen unbedeutend gemacht. Wir haben Soldaten in Uniform freie Fahrt im \u00d6PNV gew\u00e4hrt, damit wir uns an ihren Anblick gew\u00f6hnen. Und milit\u00e4rische Rituale bilden weiterhin einen wichtigen Baustein der politischen Abdankung, auch wenn sie Nina Hagen spielen lassen.<\/p>\n<p><em>Ein Gastbeitrag von J\u00f6rg Rupp<\/em><\/p>\n<p>Dann haben wir wieder Orden verteilt und \u00fcber S\u00e4rgen geweint, immer in Gottesdiensten, damit wir auch die Kirche auf unserer Seite haben.<\/p>\n<p>Dann haben wir einen Krieg verloren und so getan, als w\u00e4ren wir es nicht gewesen. Wir mussten daher auch nicht dar\u00fcber nachdenken.<\/p>\n<p>Als der n\u00e4chste Krieg kam, haben wir wieder jede*n, der*die die milit\u00e4rische Logik infrage gestellt hat, zu Naivlingen und Tr\u00e4umenden herabgew\u00fcrdigt, haben ihnen abgesprochen, die &#8222;neue Realit\u00e4t&#8220; anzuerkennen, die nat\u00fcrlich nur die der Regierenden war. Wir haben Solidarit\u00e4t einseitig verteilt, und wir wussten keine andere Antwort als Waffenlieferungen. Parallel dazu haben wir angefangen, die Politik der Verst\u00e4ndigung als &#8222;Fehler&#8220; zu bezeichnen und jede*n, der*die dazu beigetragen hat, dass man Verst\u00e4ndigung und Ann\u00e4herung versucht hat, fast schon als Verr\u00e4ter bezeichnet &#8211; jedenfalls tut man alles daf\u00fcr, dass das nicht mehr vorkommt. Wir fordern H\u00e4rte, und Dinge sind unabwendbar. T\u00e4glich und aus allen Ecken vergleichen wir andere gerne mit uns vor 90 Jahren &#8211; dann wird das weniger schlimm, was wir getan haben, und zumindest wird endlich wahr, dass andere genauso schlimm sind. Vor allem die, die damals mit anderen daf\u00fcr gesorgt haben, dass wir aufh\u00f6ren mussten.<\/p>\n<p>Wir werden gef\u00fcttert mit Bildern von Leid und Tod, mit Geschichten von Flucht und Vertreibung, von exzessiver Gewalt &#8211; als w\u00fcrde nicht jeder Krieg genauso aussehen &#8211; auch die, die wir f\u00fchren. Die Bestie ist immer der*die andere.<\/p>\n<p>Angeblich sind es unsere Interessen und wir, die da verteidigt werden m\u00fcssen, obwohl wir vor Kurzem gar keinen Anlass gesehen haben, den, den wir hier aufr\u00fcsten, als einen von uns zu sehen &#8211; weder milit\u00e4risch noch wirtschaftlich.<\/p>\n<p>Bald schon werden wir dar\u00fcber sprechen, dass doch unsere S\u00f6hne und feministisch auch unserer T\u00f6chter wieder einen Zwangsdienst aus\u00fcben sollen, am besten an der Waffe. Das hat noch niemandem geschadet, und wenn der Feind kommt, dann kann ja wenigstens jede*r schie\u00dfen und sich wehren. Weglaufen ist nicht vorgesehen. Auch heute nicht. Und nat\u00fcrlich sind die, die das dann nicht tun werden, f\u00fcr viele wieder unsolidarisch und Vaterlandsverr\u00e4ter*innen.<\/p>\n<p>Nicht der Krieg kostet Leben, sondern die Waffen, die nicht geliefert werden (Selenskyi). Wir haben 82 Jahre lang Frieden gelernt. Wir haben in 5 Wochen alles vergessen, was wir dazu wussten.<\/p>\n<p>Ich bin sehr, sehr m\u00fcde. Aber ich bef\u00fcrchte, wir m\u00fcssen noch einmal von vorne anfangen zu lernen. Vor allem aus den Fehlern, die wir gemacht haben.<\/p>\n","protected":false},"excerpt":{"rendered":"<p>Ein Gastbeitrag von J\u00f6rg Rupp<\/p>\n<p>Zuerst haben wir wieder Kriege gef\u00fchrt. Dann haben wir, der Logik folgend, behauptet, unser Milit\u00e4r muss professionalisiert werden und eine Berufsarmee muss geschafften werden. Dann haben wir alle rechtsextremen Netzwerke in dieser Bundeswehr ignoriert, bagatellisiert oder in langen Gerichtsverhandlungen unbedeutend gemacht. Wir haben Soldaten in Uniform freie Fahrt im \u00d6PNV gew\u00e4hrt, damit wir uns an ihren Anblick gew\u00f6hnen. Und milit\u00e4rische Rituale bilden weiterhin einen wichtigen Baustein der politischen Abdankung, auch wenn sie Nina Hagen spielen lassen.<\/p>\n","protected":false},"author":3,"featured_media":0,"comment_status":"open","ping_status":"open","sticky":false,"template":"","format":"standard","meta":{"footnotes":""},"categories":[50,52],"tags":[178,834,160],"class_list":["post-25079","post","type-post","status-publish","format-standard","hentry","category-politisches","category-soziales","tag-krieg","tag-militarisierung","tag-ukraine"],"_links":{"self":[{"href":"https:\/\/www.unterstroemt.de\/index.php?rest_route=\/wp\/v2\/posts\/25079","targetHints":{"allow":["GET"]}}],"collection":[{"href":"https:\/\/www.unterstroemt.de\/index.php?rest_route=\/wp\/v2\/posts"}],"about":[{"href":"https:\/\/www.unterstroemt.de\/index.php?rest_route=\/wp\/v2\/types\/post"}],"author":[{"embeddable":true,"href":"https:\/\/www.unterstroemt.de\/index.php?rest_route=\/wp\/v2\/users\/3"}],"replies":[{"embeddable":true,"href":"https:\/\/www.unterstroemt.de\/index.php?rest_route=%2Fwp%2Fv2%2Fcomments&post=25079"}],"version-history":[{"count":1,"href":"https:\/\/www.unterstroemt.de\/index.php?rest_route=\/wp\/v2\/posts\/25079\/revisions"}],"predecessor-version":[{"id":25080,"href":"https:\/\/www.unterstroemt.de\/index.php?rest_route=\/wp\/v2\/posts\/25079\/revisions\/25080"}],"wp:attachment":[{"href":"https:\/\/www.unterstroemt.de\/index.php?rest_route=%2Fwp%2Fv2%2Fmedia&parent=25079"}],"wp:term":[{"taxonomy":"category","embeddable":true,"href":"https:\/\/www.unterstroemt.de\/index.php?rest_route=%2Fwp%2Fv2%2Fcategories&post=25079"},{"taxonomy":"post_tag","embeddable":true,"href":"https:\/\/www.unterstroemt.de\/index.php?rest_route=%2Fwp%2Fv2%2Ftags&post=25079"}],"curies":[{"name":"wp","href":"https:\/\/api.w.org\/{rel}","templated":true}]}}