{"id":26009,"date":"2022-09-29T11:36:22","date_gmt":"2022-09-29T09:36:22","guid":{"rendered":"https:\/\/www.unterstroemt.de\/?p=26009"},"modified":"2022-09-29T11:36:22","modified_gmt":"2022-09-29T09:36:22","slug":"der-wald-stirbt","status":"publish","type":"post","link":"https:\/\/www.unterstroemt.de\/?p=26009","title":{"rendered":"Der Wald stirbt"},"content":{"rendered":"<p>Vor zwei Jahren habe ich ja schon mal meine Eindr\u00fccke nach einem Wanderurlaub in einem <a href=\"https:\/\/www.unterstroemt.de\/?p=21383\" target=\"_blank\" rel=\"noopener\">Artikel<\/a> geschildert und dabei auf den zunehmend schlechteren Zustand des Waldes fokussiert. Nun komme ich gerade wieder aus dem Urlaub, auch wieder Wandern in der gleichen Region an der Mosel &#8211; und es sieht so viel schlimmer aus, als es vor zwei Jahren noch zu bef\u00fcrchten war.<\/p>\n<p>Klar, es gibt in letzter Zeit immer wieder bedr\u00fcckende Berichte \u00fcber den Zustand des deutschen Waldes oder \u00fcber die Auswirkungen der D\u00fcrre und Hitze in diesem Jahr (z. B. <a href=\"https:\/\/www.ardmediathek.de\/video\/dokus-im-ersten\/die-grosse-duerre-reicht-unser-wasser\/das-erste\/Y3JpZDovL2Rhc2Vyc3RlLmRlL3JlcG9ydGFnZSBfIGRva3VtZW50YXRpb24gaW0gZXJzdGVuLzZkOTI2YjA4LTg4ZWItNGRjYS1hOWJiLTEyZTBhZmY1Y2U1OA\" target=\"_blank\" rel=\"noopener\">hier<\/a>), aber wenn man das dann live erlebt in einer Gegend, die man seit Jahren kennt und sch\u00e4tzt, dann ist das doch noch mal eine andere Nummer.<\/p>\n<p>Um Euch einen Eindruck davon zu verschaffen, habe ich einige Bilder gemacht, die zeigen, wie schlimm es zurzeit um den deutschen Wald steht:<\/p>\n<p><img loading=\"lazy\" decoding=\"async\" class=\"aligncenter wp-image-26014 size-large\" src=\"https:\/\/www.unterstroemt.de\/wp-content\/uploads\/P9190048-1024x768.jpg\" alt=\"\" width=\"648\" height=\"486\" srcset=\"https:\/\/www.unterstroemt.de\/wp-content\/uploads\/P9190048-1024x768.jpg 1024w, https:\/\/www.unterstroemt.de\/wp-content\/uploads\/P9190048-300x225.jpg 300w, https:\/\/www.unterstroemt.de\/wp-content\/uploads\/P9190048-768x576.jpg 768w, https:\/\/www.unterstroemt.de\/wp-content\/uploads\/P9190048-1536x1152.jpg 1536w, https:\/\/www.unterstroemt.de\/wp-content\/uploads\/P9190048-2048x1536.jpg 2048w, https:\/\/www.unterstroemt.de\/wp-content\/uploads\/P9190048-1320x990.jpg 1320w\" sizes=\"auto, (max-width: 648px) 100vw, 648px\" \/><\/p>\n<p><img loading=\"lazy\" decoding=\"async\" class=\"aligncenter wp-image-26015 size-large\" src=\"https:\/\/www.unterstroemt.de\/wp-content\/uploads\/P9190049-1024x768.jpg\" alt=\"\" width=\"648\" height=\"486\" srcset=\"https:\/\/www.unterstroemt.de\/wp-content\/uploads\/P9190049-1024x768.jpg 1024w, https:\/\/www.unterstroemt.de\/wp-content\/uploads\/P9190049-300x225.jpg 300w, https:\/\/www.unterstroemt.de\/wp-content\/uploads\/P9190049-768x576.jpg 768w, https:\/\/www.unterstroemt.de\/wp-content\/uploads\/P9190049-1536x1152.jpg 1536w, https:\/\/www.unterstroemt.de\/wp-content\/uploads\/P9190049-2048x1536.jpg 2048w, https:\/\/www.unterstroemt.de\/wp-content\/uploads\/P9190049-1320x990.jpg 1320w\" sizes=\"auto, (max-width: 648px) 100vw, 648px\" \/><\/p>\n<p><img loading=\"lazy\" decoding=\"async\" class=\"aligncenter wp-image-26016 size-large\" src=\"https:\/\/www.unterstroemt.de\/wp-content\/uploads\/P9200066-768x1024.jpg\" alt=\"\" width=\"648\" height=\"864\" srcset=\"https:\/\/www.unterstroemt.de\/wp-content\/uploads\/P9200066-768x1024.jpg 768w, https:\/\/www.unterstroemt.de\/wp-content\/uploads\/P9200066-225x300.jpg 225w, https:\/\/www.unterstroemt.de\/wp-content\/uploads\/P9200066-1152x1536.jpg 1152w, https:\/\/www.unterstroemt.de\/wp-content\/uploads\/P9200066-1536x2048.jpg 1536w, https:\/\/www.unterstroemt.de\/wp-content\/uploads\/P9200066-1320x1760.jpg 1320w, https:\/\/www.unterstroemt.de\/wp-content\/uploads\/P9200066-scaled.jpg 1920w\" sizes=\"auto, (max-width: 648px) 100vw, 648px\" \/><\/p>\n<p><img loading=\"lazy\" decoding=\"async\" class=\"aligncenter wp-image-26017 size-large\" src=\"https:\/\/www.unterstroemt.de\/wp-content\/uploads\/P9200067-768x1024.jpg\" alt=\"\" width=\"648\" height=\"864\" srcset=\"https:\/\/www.unterstroemt.de\/wp-content\/uploads\/P9200067-768x1024.jpg 768w, https:\/\/www.unterstroemt.de\/wp-content\/uploads\/P9200067-225x300.jpg 225w, https:\/\/www.unterstroemt.de\/wp-content\/uploads\/P9200067-1152x1536.jpg 1152w, https:\/\/www.unterstroemt.de\/wp-content\/uploads\/P9200067-1536x2048.jpg 1536w, https:\/\/www.unterstroemt.de\/wp-content\/uploads\/P9200067-1320x1760.jpg 1320w, https:\/\/www.unterstroemt.de\/wp-content\/uploads\/P9200067-scaled.jpg 1920w\" sizes=\"auto, (max-width: 648px) 100vw, 648px\" \/><\/p>\n<p><img loading=\"lazy\" decoding=\"async\" class=\"aligncenter wp-image-26018 size-large\" src=\"https:\/\/www.unterstroemt.de\/wp-content\/uploads\/P9200068-768x1024.jpg\" alt=\"\" width=\"648\" height=\"864\" srcset=\"https:\/\/www.unterstroemt.de\/wp-content\/uploads\/P9200068-768x1024.jpg 768w, https:\/\/www.unterstroemt.de\/wp-content\/uploads\/P9200068-225x300.jpg 225w, https:\/\/www.unterstroemt.de\/wp-content\/uploads\/P9200068-1152x1536.jpg 1152w, https:\/\/www.unterstroemt.de\/wp-content\/uploads\/P9200068-1536x2048.jpg 1536w, https:\/\/www.unterstroemt.de\/wp-content\/uploads\/P9200068-1320x1760.jpg 1320w, https:\/\/www.unterstroemt.de\/wp-content\/uploads\/P9200068-scaled.jpg 1920w\" sizes=\"auto, (max-width: 648px) 100vw, 648px\" \/><\/p>\n<p><img loading=\"lazy\" decoding=\"async\" class=\"aligncenter wp-image-26019 size-large\" src=\"https:\/\/www.unterstroemt.de\/wp-content\/uploads\/P9200069-1024x768.jpg\" alt=\"\" width=\"648\" height=\"486\" srcset=\"https:\/\/www.unterstroemt.de\/wp-content\/uploads\/P9200069-1024x768.jpg 1024w, https:\/\/www.unterstroemt.de\/wp-content\/uploads\/P9200069-300x225.jpg 300w, https:\/\/www.unterstroemt.de\/wp-content\/uploads\/P9200069-768x576.jpg 768w, https:\/\/www.unterstroemt.de\/wp-content\/uploads\/P9200069-1536x1152.jpg 1536w, https:\/\/www.unterstroemt.de\/wp-content\/uploads\/P9200069-2048x1536.jpg 2048w, https:\/\/www.unterstroemt.de\/wp-content\/uploads\/P9200069-1320x990.jpg 1320w\" sizes=\"auto, (max-width: 648px) 100vw, 648px\" \/><\/p>\n<p>&nbsp;<\/p>\n<p><img loading=\"lazy\" decoding=\"async\" class=\"aligncenter wp-image-26021 size-large\" src=\"https:\/\/www.unterstroemt.de\/wp-content\/uploads\/P9210105-1024x768.jpg\" alt=\"\" width=\"648\" height=\"486\" srcset=\"https:\/\/www.unterstroemt.de\/wp-content\/uploads\/P9210105-1024x768.jpg 1024w, https:\/\/www.unterstroemt.de\/wp-content\/uploads\/P9210105-300x225.jpg 300w, https:\/\/www.unterstroemt.de\/wp-content\/uploads\/P9210105-768x576.jpg 768w, https:\/\/www.unterstroemt.de\/wp-content\/uploads\/P9210105-1536x1152.jpg 1536w, https:\/\/www.unterstroemt.de\/wp-content\/uploads\/P9210105-2048x1536.jpg 2048w, https:\/\/www.unterstroemt.de\/wp-content\/uploads\/P9210105-1320x990.jpg 1320w\" sizes=\"auto, (max-width: 648px) 100vw, 648px\" \/><\/p>\n<p><img loading=\"lazy\" decoding=\"async\" class=\"aligncenter wp-image-26022 size-large\" src=\"https:\/\/www.unterstroemt.de\/wp-content\/uploads\/P9210106-1024x768.jpg\" alt=\"\" width=\"648\" height=\"486\" srcset=\"https:\/\/www.unterstroemt.de\/wp-content\/uploads\/P9210106-1024x768.jpg 1024w, https:\/\/www.unterstroemt.de\/wp-content\/uploads\/P9210106-300x225.jpg 300w, https:\/\/www.unterstroemt.de\/wp-content\/uploads\/P9210106-768x576.jpg 768w, https:\/\/www.unterstroemt.de\/wp-content\/uploads\/P9210106-1536x1152.jpg 1536w, https:\/\/www.unterstroemt.de\/wp-content\/uploads\/P9210106-2048x1536.jpg 2048w, https:\/\/www.unterstroemt.de\/wp-content\/uploads\/P9210106-1320x990.jpg 1320w\" sizes=\"auto, (max-width: 648px) 100vw, 648px\" \/><\/p>\n<p><img loading=\"lazy\" decoding=\"async\" class=\"aligncenter wp-image-26023 size-large\" src=\"https:\/\/www.unterstroemt.de\/wp-content\/uploads\/P9220129-1024x768.jpg\" alt=\"\" width=\"648\" height=\"486\" srcset=\"https:\/\/www.unterstroemt.de\/wp-content\/uploads\/P9220129-1024x768.jpg 1024w, https:\/\/www.unterstroemt.de\/wp-content\/uploads\/P9220129-300x225.jpg 300w, https:\/\/www.unterstroemt.de\/wp-content\/uploads\/P9220129-768x576.jpg 768w, https:\/\/www.unterstroemt.de\/wp-content\/uploads\/P9220129-1536x1152.jpg 1536w, https:\/\/www.unterstroemt.de\/wp-content\/uploads\/P9220129-2048x1536.jpg 2048w, https:\/\/www.unterstroemt.de\/wp-content\/uploads\/P9220129-1320x990.jpg 1320w\" sizes=\"auto, (max-width: 648px) 100vw, 648px\" \/><\/p>\n<p><img loading=\"lazy\" decoding=\"async\" class=\"aligncenter wp-image-26024 size-large\" src=\"https:\/\/www.unterstroemt.de\/wp-content\/uploads\/P9220130-768x1024.jpg\" alt=\"\" width=\"648\" height=\"864\" srcset=\"https:\/\/www.unterstroemt.de\/wp-content\/uploads\/P9220130-768x1024.jpg 768w, https:\/\/www.unterstroemt.de\/wp-content\/uploads\/P9220130-225x300.jpg 225w, https:\/\/www.unterstroemt.de\/wp-content\/uploads\/P9220130-1152x1536.jpg 1152w, https:\/\/www.unterstroemt.de\/wp-content\/uploads\/P9220130-1536x2048.jpg 1536w, https:\/\/www.unterstroemt.de\/wp-content\/uploads\/P9220130-1320x1760.jpg 1320w, https:\/\/www.unterstroemt.de\/wp-content\/uploads\/P9220130-scaled.jpg 1920w\" sizes=\"auto, (max-width: 648px) 100vw, 648px\" \/><\/p>\n<p><img loading=\"lazy\" decoding=\"async\" class=\"aligncenter wp-image-26025 size-large\" src=\"https:\/\/www.unterstroemt.de\/wp-content\/uploads\/P9220132-1024x768.jpg\" alt=\"\" width=\"648\" height=\"486\" srcset=\"https:\/\/www.unterstroemt.de\/wp-content\/uploads\/P9220132-1024x768.jpg 1024w, https:\/\/www.unterstroemt.de\/wp-content\/uploads\/P9220132-300x225.jpg 300w, https:\/\/www.unterstroemt.de\/wp-content\/uploads\/P9220132-768x576.jpg 768w, https:\/\/www.unterstroemt.de\/wp-content\/uploads\/P9220132-1536x1152.jpg 1536w, https:\/\/www.unterstroemt.de\/wp-content\/uploads\/P9220132-2048x1536.jpg 2048w, https:\/\/www.unterstroemt.de\/wp-content\/uploads\/P9220132-1320x990.jpg 1320w\" sizes=\"auto, (max-width: 648px) 100vw, 648px\" \/><\/p>\n<p>&nbsp;<\/p>\n<p>Was uns auf unseren Wanderungen aufgefallen und ja auch auf den Bildern zu erkennen ist: Es sind nicht nur die oft gezielt quasi als Plantagen angepflanzten Fichten, die gerade mit dem Hitzestress und der D\u00fcrre nicht zurechtkommen, wie ja schon \u00f6fter betont wurde und wie es auch Susanne G\u00f6tze und Annika Joeres in einem <a href=\"https:\/\/www.blaetter.de\/ausgabe\/2022\/september\/brennende-fichten-das-elend-des-deutschen-waldes\" target=\"_blank\" rel=\"noopener\">Artikel in den <em>Bl\u00e4ttern f\u00fcr deutsche und internationale Politik<\/em><\/a> schildern, sondern auch Laubb\u00e4ume wie Eichen, aber auch Birken und Buchen.<\/p>\n<p>Generell konnten wir immer wieder sehen, dass es gerade die jungen B\u00e4ume waren, die erst ein paar Meter hoch gewachsen sind, die komplett vertrocknet waren. Klar, deren Wurzeln reichen ja auch noch nicht so tief wie bei den \u00e4lteren, gr\u00f6\u00dferen B\u00e4umen, die somit noch ans absinkende Grundwasser heranreichen k\u00f6nnen.<\/p>\n<p>Das Resultat davon: Der Waldboden sah so aus wie im Herbst und nicht wie normalerweise im Sp\u00e4tsommer: Wir schritten durch hoch liegendes vertrocknetes Laub, und das eigentlich \u00fcberall, wo wir durch den Wald gingen. Was ja auch kein Wunder ist, denn es sind eben nicht nur einzelne B\u00e4ume, deren Laub bereits vertrocknet ist und daher abgeworfen wurde, sondern ganze Abschnitte des Waldes.<\/p>\n<p>Ohne jetzt ein ausgewiesener Forstexperte zu sein, kann ich mir vorstellen, dass zwei, drei weitere solche D\u00fcrre- und Hitzesommer in den n\u00e4chsten Jahren dann auch vielen der jetzt noch gr\u00fcnenden B\u00e4ume den Garaus machen d\u00fcrften.<\/p>\n<p>Und was noch hinzukommt: Derart im Trocken- und Hitzestress befindlichen B\u00e4ume haben dann auch anderen Extremwettern, wie beispielsweise St\u00fcrmen, weniger entgegenzusetzen. Und von denen gibt es ja aufgrund der Klimakatastrophe leider auch immer mehr. Wenn also zuk\u00fcnftig mehr B\u00e4ume sturmbedingt entwurzelt werden, aber immer weniger junge B\u00e4ume nachwachsen, da diese noch w\u00e4hrend der Wachstumsphase vertrocknen, dann kann sich jeder ausmalen, was das bedeutet.<\/p>\n<p>Nun sollte man meinen, dass der Ernst der Lage so offensichtlich ist, dass ihn auch der Letzte begreifen w\u00fcrde. Doch das ist nicht so, denn Windkraftgegner &#8222;argumentieren&#8220; immer noch (z. B. in <a href=\"https:\/\/www.facebook.com\/MenschundPolitikheute\/posts\/pfbid02sgndqbdZBrokjGdbm5jYknsDm5p7Xa9H8yfx6y32T8tRiHjM4AFfnt4GBYtz2tCl\" target=\"_blank\" rel=\"noopener\">Diskussionen auf Facebook<\/a>), dass ja f\u00fcr Windr\u00e4der angeblich so viel B\u00e4ume gef\u00e4llt werden m\u00fcssten. Dann sollten die sich vielleicht mal anschauen, was die Klimakatastrophe f\u00fcr Sch\u00e4den im Wald anrichtet, denen viel mehr B\u00e4ume zum Opfer fallen. W\u00e4ren also mal schon seit Jahren gezielt ein paar B\u00e4ume mehr f\u00fcr Windkraftanlagen gef\u00e4llt worden, dann w\u00fcrde es heute vielleicht besser um den Wald bestellt sein.<\/p>\n<p>Und eine weitere Absurdit\u00e4t, die uns aufzeigte, dass sich wohl kein wirklicher Richtungswechsel mehr einschlagen lassen wird, haben wir dann noch direkt im Urlaub beobachten k\u00f6nnen, wenn wir n\u00e4mlich die Waldpfade verlassen hatten: Fast alle Menschen dort waren mittlerweile mit E-Bikes unterwegs, normale Fahrr\u00e4der sahen wir so gut wie gar keine mehr.<\/p>\n<p>Wenn ein E-Bike benutzt wird, um Autofahrten zu vermeiden oder vielleicht sogar ein Auto komplett zu ersetzen, dann ist das eine gute Sache. Genauso sinnvoll ist es, wenn dadurch beispielsweise \u00e4ltere Menschen die M\u00f6glichkeit haben, noch mit dem Fahrrad unterwegs zu sein, die das sonst kr\u00e4ftem\u00e4\u00dfig nicht mehr packen w\u00fcrden.<\/p>\n<p>Wenn allerdings statt normaler Fahrr\u00e4der E-Bikes gefahren werden, auf denen dann die meisten &#8222;Radler&#8220; nur noch unbeweglich draufsitzen und ein wenig am Gaspedal drehen, statt in die Pedale zu treten, dann wird hier einfach eine ressourcenschonende Fortbewegungsart deutliche ressourcenintensiver, denn die E-Bikes m\u00fcssen ja nicht nur mit Strom aufgeladen werden, sondern ben\u00f6tigen auch in der Herstellung deutlich mehr Rohstoffe als die allermeisten herk\u00f6mmlichen Drahtesel.<\/p>\n<p>So haben uns die E-Biker, wenn wir den geschundenen Wald verlassen haben, gleich ganz direkt aufgezeigt, was in unserer Gesellschaft verkehrt l\u00e4uft und warum wir die Klimakatastrophe nicht abbremsen werden: Die eigene Bequemlichkeit, immer wieder neu geschaffene Bed\u00fcrfnisse und eine ausgepr\u00e4gte Konsumgeilheit passen eben nicht dazu, unsere \u00fcberlastete Biosph\u00e4re ein wenig entlasten und aufrechterhalten zu k\u00f6nnen.<\/p>\n<p>Am Wald sieht man es jetzt schon allzu deutlich, dass die Klimakatastrophe bereits bei uns angekommen ist. Machen wir uns also auf weitere Unannehmlichkeiten gefasst, die nicht lange auf sich warten lassen werden &#8230;<\/p>\n","protected":false},"excerpt":{"rendered":"<p>Vor zwei Jahren habe ich ja schon mal meine Eindr\u00fccke nach einem Wanderurlaub in einem Artikel geschildert und dabei auf den zunehmend schlechteren Zustand des Waldes fokussiert. Nun komme ich gerade wieder aus dem Urlaub, auch wieder Wandern in der gleichen Region an der Mosel &#8211; und es sieht so viel schlimmer aus, als es vor zwei Jahren noch zu bef\u00fcrchten war.<\/p>\n","protected":false},"author":3,"featured_media":0,"comment_status":"open","ping_status":"open","sticky":false,"template":"","format":"standard","meta":{"footnotes":""},"categories":[616,52],"tags":[785,692],"class_list":["post-26009","post","type-post","status-publish","format-standard","hentry","category-umwelt","category-soziales","tag-klimakatastrophe","tag-waldsterben"],"_links":{"self":[{"href":"https:\/\/www.unterstroemt.de\/index.php?rest_route=\/wp\/v2\/posts\/26009","targetHints":{"allow":["GET"]}}],"collection":[{"href":"https:\/\/www.unterstroemt.de\/index.php?rest_route=\/wp\/v2\/posts"}],"about":[{"href":"https:\/\/www.unterstroemt.de\/index.php?rest_route=\/wp\/v2\/types\/post"}],"author":[{"embeddable":true,"href":"https:\/\/www.unterstroemt.de\/index.php?rest_route=\/wp\/v2\/users\/3"}],"replies":[{"embeddable":true,"href":"https:\/\/www.unterstroemt.de\/index.php?rest_route=%2Fwp%2Fv2%2Fcomments&post=26009"}],"version-history":[{"count":13,"href":"https:\/\/www.unterstroemt.de\/index.php?rest_route=\/wp\/v2\/posts\/26009\/revisions"}],"predecessor-version":[{"id":26036,"href":"https:\/\/www.unterstroemt.de\/index.php?rest_route=\/wp\/v2\/posts\/26009\/revisions\/26036"}],"wp:attachment":[{"href":"https:\/\/www.unterstroemt.de\/index.php?rest_route=%2Fwp%2Fv2%2Fmedia&parent=26009"}],"wp:term":[{"taxonomy":"category","embeddable":true,"href":"https:\/\/www.unterstroemt.de\/index.php?rest_route=%2Fwp%2Fv2%2Fcategories&post=26009"},{"taxonomy":"post_tag","embeddable":true,"href":"https:\/\/www.unterstroemt.de\/index.php?rest_route=%2Fwp%2Fv2%2Ftags&post=26009"}],"curies":[{"name":"wp","href":"https:\/\/api.w.org\/{rel}","templated":true}]}}