{"id":26845,"date":"2023-03-26T14:54:13","date_gmt":"2023-03-26T12:54:13","guid":{"rendered":"https:\/\/www.unterstroemt.de\/?p=26845"},"modified":"2023-03-29T15:49:08","modified_gmt":"2023-03-29T13:49:08","slug":"interessantes-aus-kw-12-2023","status":"publish","type":"post","link":"https:\/\/www.unterstroemt.de\/?p=26845","title":{"rendered":"Interessantes aus KW 12\/2023"},"content":{"rendered":"<p>An dieser Stelle pr\u00e4sentieren wir regelm\u00e4\u00dfig Links, die wir unter der Woche entdeckt haben, zu denen wir selbst nicht mehr viel schreiben m\u00fcssen und die wir teilenswert finden. Viel Spa\u00df beim Lesen und Anschauen!<\/p>\n<p>1. Da wiehert der Amtsschimmel! Laut einer <a href=\"https:\/\/www.sueddeutsche.de\/muenchen\/klimapolitik-protest-sekundenkleber-verbot-anordnung-muenchen-1.5774354\" target=\"_blank\" rel=\"noopener\">Meldung der <em>S\u00fcddeutschen Zeitung<\/em><\/a> ist es einigen M\u00fcnchner Klimaaktivisten nun unter Androhung eines Zwangsgeldes von 1000 Euro verboten, Sekundenkleber mit sich zu f\u00fchren. Ausnahmen von diesem Verbot k\u00f6nnen beantragt werden. Der Kreisverwaltungsrat, der dies angeordnet hat, wird von den Gr\u00fcnen angef\u00fchrt. Mehr muss man im Grunde nicht wissen, um zu verstehen, warum es mit Klimaschutz hierzulande nichts wird &#8230; [Karl]<\/p>\n<p>2. Die US-amerikanische Philosophin Nancy Fraser findet sehr deutlich Worte bei ihrer Kritik des Kapitalismus, den sie als kannibalischen Allesfresser bezeichnet. Und daf\u00fcr hat sie auch gute Gr\u00fcnde, wie aus einer <a href=\"https:\/\/taz.de\/Neues-Buch-ueber-Gegenwartskapitalismus\/!5918463\/\" target=\"_blank\" rel=\"noopener\">Rezension in der <em>taz<\/em><\/a> ihres neusten Buches &#8222;Der Allesfresser. Wie der Kapitalismus seine eigenen Grundlagen verschlingt&#8220; hervorgeht. Das Problem dabei: Der aktuelle Status quo der Destruktivit\u00e4t ist bereits so weit fortgeschritten, dass L\u00f6sungen f\u00fcr dieses Dilemma alles andere als einfach sind &#8211; was den Rezensenten Robert Misik offensichtlich auch betr\u00fcbt. Aber Sch\u00f6nf\u00e4rberei bringt ja nun mal auch nichts. [Karl]<\/p>\n<p>3. Deutsche Politiker bereisen ja gerade vermehrt S\u00fcdamerika, um dort neben Zustimmung f\u00fcr Sanktionen gegen Russland auch noch f\u00fcr intensivierte Wirtschaftsbeziehungen zu werben. W\u00e4hrend es f\u00fcr Ersteres \u00fcberwiegend Absagen gab, steht man auf dem Subkontinent Letzterem doch deutlich positiver gegen\u00fcber. Das Problem dabei, das Sophia Boddenberg in einem <a href=\"https:\/\/www.blaetter.de\/ausgabe\/2023\/maerz\/scholz-in-lateinamerika-der-mythos-vom-nachhaltigen-rohstoffabbau\" target=\"_blank\" rel=\"noopener\">Artikel in den <em>Bl\u00e4ttern f\u00fcr deutsche und internationale Politik<\/em><\/a> erl\u00e4utert: Trotz sch\u00f6ner Worte von Partnerschaft auf Augenh\u00f6he, w\u00fcrden so neokoloniale Strukturen nur noch vertieft. Auch hier unterscheidet sich die Ampel-Regierung also so gut wie nicht von den Vorg\u00e4ngerregierungen unter CDU-F\u00fchrung. [Karl]<\/p>\n<p>4. Und gleich noch ein <a href=\"https:\/\/www.blaetter.de\/ausgabe\/2023\/maerz\/das-ende-der-israelischen-demokratie\" target=\"_blank\" rel=\"noopener\">Artikel in den <em>Bl\u00e4ttern f\u00fcr deutsche und internationale Politik<\/em><\/a>: Eliav Lieblich und Adam Shinar beschreiben, wie die aktuelle Rechtsau\u00dfen-Regierung in Israel die dortige Demokratie zu demontieren versucht. In Israel herrscht n\u00e4mlich ein sehr spezielles System der Gewaltenteilung, und darauf haben es Premierminister Benjamin Netanjahu und seine rechtsextreme Spie\u00dfgesellen nun abgesehen. Daf\u00fcr wird nicht nur versucht, das Oberste Gericht des Landes umzustrukturieren, sondern zudem soll auch noch die Medienlandschaft &#8222;auf Linie&#8220; gebracht werden. Orb\u00e0ns Ungarn l\u00e4sst gr\u00fc\u00dfen. F\u00fcr einen Friedensprozess mit den Pal\u00e4stinensern sind das nat\u00fcrlich alles andere als gute Aussichten. [Karl]<\/p>\n<p>5. Als 2007 der ehemalige CDU-Ministerpr\u00e4sident von Baden-W\u00fcrttemberg und Nazi-Richter Hans Filbinger starb, bestritt der damalige Ministerpr\u00e4sident des Landes G\u00fcnther Oettinger dessen sch\u00e4bige Vergangenheit und stilisierte ihn sogar noch zum Widerst\u00e4ndler gegen das NS-Regime. Nun sind die Zuschriften von (vor allem) CDU-Mitgliedern und -W\u00e4hlern \u00f6ffentlich einsehbar geworden. In einem <a href=\"https:\/\/www.faz.net\/aktuell\/politik\/inland\/guenther-oettinges-filbinger-rede-risse-im-cdu-milieu-18755869.html\" target=\"_blank\" rel=\"noopener\">Artikel in der <em>FAZ<\/em><\/a> wird daraus ausgiebig zitiert &#8211; und es wird deutlich, dass Rechtsoffenheit bis Rechtsextremismus im CDU-Umfeld keine neuen Ph\u00e4nomene ist, sondern schon immer vorhanden waren und auch mit gro\u00dfer Selbstverst\u00e4ndlichkeit ge\u00e4u\u00dfert wurden. Da erscheint einem dann auch ein Parteivorsitzender Merz letztlich als logische Konsequenz solch ekliger Denke. [Karl]<\/p>\n<p>6. Die Entwicklung von k\u00fcnstlicher Intelligenz (KI) schreitet rasch voran, und so werden auch zunehmend Probleme sichtbar, die damit einhergehen. Christian St\u00f6cker befasst sich genau damit in seiner <a href=\"https:\/\/www.spiegel.de\/wissenschaft\/mensch\/warum-wir-schleunigst-robotergesetze-brauchen-kolumne-a-8188327a-66f6-466d-af8c-9619cfa33558\" target=\"_blank\" rel=\"noopener\">Kolumne auf <em>Spiegel Online<\/em><\/a>, indem er nicht nur m\u00f6glich Kollateralsch\u00e4den dieser Entwicklung beschreibt, sondern auch problematisiert, dass die Entwickler von KI nicht gerade transparent damit umgehen, womit sie ihr Produkt f\u00fcttern, damit es eigenst\u00e4ndige Entscheidungen treffen kann. Da diese Tools sehr m\u00e4chtig sind und noch m\u00e4chtiger zu werden drohen, w\u00e4re hier eine demokratische Kontrolle dringend notwendig. [Karl]<\/p>\n<p>7. Ein <a href=\"https:\/\/www.dw.com\/de\/gewinn-f\u00fcr-bewohner-gesch\u00e4fte-und-lebensqualit\u00e4t-wie-15-minuten-st\u00e4dte-urbanes-leben-neu-denken\/a-64790239\" target=\"_blank\" rel=\"noopener\">Artikel der <em>Deutschen Welle<\/em><\/a> befasst sich mit dem interessanten Konzept der 15-Minuten-St\u00e4dte. Dahinter steckt die Idee, dass Menschen alle Dinge ihres allt\u00e4glichen Bedarfs (Arbeitsplatz, Schule, Einkaufen, Freizeitangebote usw.) innerhalb von 15 Minuten zu Fu\u00df oder mit dem Fahrrad erreichen k\u00f6nnen. Das Ziel ist es, die Lebensqualit\u00e4t der Einwohner zu steigern, die Gesundheitsbelastung der Menschen zu reduzieren und soziale Ausgrenzung zu vermindern. Einige St\u00e4dte in aller Welt experimentieren bereits damit, allerdings d\u00fcrfte es im Autoland Deutschland schwierig sein, derartige Ideen umzusetzen. [Karl]<\/p>\n<p>8. In einem <a href=\"https:\/\/www.berliner-zeitung.de\/open-source\/nord-stream-noch-konnte-die-theorie-von-seymour-hersh-nicht-widerlegt-werden-li.328733\" target=\"_blank\" rel=\"noopener\">Gastbeitrag in der <em>Berliner Zeitung<\/em><\/a> besch\u00e4ftigt sich Fabian Scheidler mit den beiden Narrativen zur Urheberschaft des Anschlags auf die Nord-Stream-Pipeline. Und dabei kommt er zu dem Schluss, dass die Geschichte von den pro-ukrainischen Privatpersonen mit einer Segeljacht doch recht unwahrscheinlich ist und einige kritische Fehler aufweist, w\u00e4hrend die Recherche vom Investigativjournalisten Seymour Hersh bisher noch nicht widerlegt werden konnte. Aber Hersh benennt eben auch klar die US-Regierung als Urheber der Tat, und das ist nat\u00fcrlich weder in den USA noch bei uns besonders gern gesehen &#8230; [Karl]<\/p>\n<p>9. Arl\u00e9n Buchholz hat Lehramt studiert, dann aber davon abgesehen, ein Referendariat zu machen und den Lehrerberuf auch auszu\u00fcben. Warum, das erl\u00e4utert sie in einem <a href=\"https:\/\/www.t-online.de\/nachrichten\/deutschland\/gesellschaft\/id_100143994\/bildungsgipfel-ex-lehramtsstudentin-klagt-an-der-druck-macht-krank-.html\" target=\"_blank\" rel=\"noopener\">Artikel auf <em>t-online<\/em><\/a>. Und dabei wird dann auch deutlich, warum es einerseits so einen gro\u00dfen Lehrermangel in Deutschland gibt und warum dieser andererseits die Attraktivit\u00e4t des Lehrerberufs noch weiter schm\u00e4lert. Scheint ein ziemlicher Teufelskreis zu sein, der zeigt, dass in unserem Schulwesen einiges ganz anders aufgezogen werden m\u00fcsste. [Karl]<\/p>\n<p>10. Am Montag ist der Synthesebericht des Weltklimarats (IPCC) ver\u00f6ffentlich worden, und die Aussagen darin sind eindeutig, wie Klimaexperte Niklas H\u00f6hne in einem <a href=\"https:\/\/www.spiegel.de\/wissenschaft\/natur\/klimaschutz-wer-fuer-kernenergie-e-fuels-und-gasheizungen-ist-sollte-diesen-bericht-lesen-a-d3ca3ad0-7450-4e97-bd5f-49e729db0b02\" target=\"_blank\" rel=\"noopener\">Gastbeitrag auf <em>Spiegel Online<\/em><\/a> feststellt: Wenn Klimaschutz weiterhin f\u00fcr politische Grabenk\u00e4mpfe missbraucht und nicht endlich als \u00fcberparteiliches Ziel ernst genommen wird, dann haut das nicht mehr hin, die Erderw\u00e4rmung auf 1,5 Grad zu beschr\u00e4nken. Was dann zu sehr unangenehmen Konsequenzen f\u00fchren w\u00fcrde. Na ja, stattdessen diskutiert man in der Politik lieber \u00fcber den Neubau von Autobahnen, Atomkraft und E-Fuels. [Karl]<\/p>\n<p>11. In Frankreich zeigt sich immer deutlicher, dass der Neoliberalismus notfalls auch zu totalit\u00e4ren Mitteln greift, wenn Politik gegen die Bev\u00f6lkerung durchgesetzt werden soll. So berichtet Frank Blenz in einem <a href=\"https:\/\/www.nachdenkseiten.de\/?p=95473\" target=\"_blank\" rel=\"noopener\">Artikel auf den <em>NachDenkSeiten<\/em><\/a>, mit welche massiver Polizeigewalt gerade gegen die vielen Menschen vorgegangen wird, die gegen die am Parlament vorbei durchgesetzte Rentenreform von Pr\u00e4sident Emmanuel Macron demonstrieren. Das hat alles mit Demokratie und Rechtsstaat nicht mehr viel zu tun &#8211; und das in einem Nachbarland von uns, mitten in der EU. Alarmierend! [Karl]<\/p>\n","protected":false},"excerpt":{"rendered":"<p>An dieser Stelle pr\u00e4sentieren wir regelm\u00e4\u00dfig Links, die wir unter der Woche entdeckt haben, zu denen wir selbst nicht mehr viel schreiben m\u00fcssen und die wir teilenswert finden. Viel Spa\u00df beim Lesen und Anschauen!<\/p>\n","protected":false},"author":5,"featured_media":0,"comment_status":"open","ping_status":"open","sticky":false,"template":"","format":"standard","meta":{"footnotes":""},"categories":[193],"tags":[],"class_list":["post-26845","post","type-post","status-publish","format-standard","hentry","category-woechentliches"],"_links":{"self":[{"href":"https:\/\/www.unterstroemt.de\/index.php?rest_route=\/wp\/v2\/posts\/26845","targetHints":{"allow":["GET"]}}],"collection":[{"href":"https:\/\/www.unterstroemt.de\/index.php?rest_route=\/wp\/v2\/posts"}],"about":[{"href":"https:\/\/www.unterstroemt.de\/index.php?rest_route=\/wp\/v2\/types\/post"}],"author":[{"embeddable":true,"href":"https:\/\/www.unterstroemt.de\/index.php?rest_route=\/wp\/v2\/users\/5"}],"replies":[{"embeddable":true,"href":"https:\/\/www.unterstroemt.de\/index.php?rest_route=%2Fwp%2Fv2%2Fcomments&post=26845"}],"version-history":[{"count":15,"href":"https:\/\/www.unterstroemt.de\/index.php?rest_route=\/wp\/v2\/posts\/26845\/revisions"}],"predecessor-version":[{"id":26897,"href":"https:\/\/www.unterstroemt.de\/index.php?rest_route=\/wp\/v2\/posts\/26845\/revisions\/26897"}],"wp:attachment":[{"href":"https:\/\/www.unterstroemt.de\/index.php?rest_route=%2Fwp%2Fv2%2Fmedia&parent=26845"}],"wp:term":[{"taxonomy":"category","embeddable":true,"href":"https:\/\/www.unterstroemt.de\/index.php?rest_route=%2Fwp%2Fv2%2Fcategories&post=26845"},{"taxonomy":"post_tag","embeddable":true,"href":"https:\/\/www.unterstroemt.de\/index.php?rest_route=%2Fwp%2Fv2%2Ftags&post=26845"}],"curies":[{"name":"wp","href":"https:\/\/api.w.org\/{rel}","templated":true}]}}