{"id":26997,"date":"2023-04-16T17:56:09","date_gmt":"2023-04-16T15:56:09","guid":{"rendered":"https:\/\/www.unterstroemt.de\/?p=26997"},"modified":"2023-04-19T19:03:37","modified_gmt":"2023-04-19T17:03:37","slug":"interessantes-aus-kw-15-2023","status":"publish","type":"post","link":"https:\/\/www.unterstroemt.de\/?p=26997","title":{"rendered":"Interessantes aus KW 15\/2023"},"content":{"rendered":"<p>An dieser Stelle pr\u00e4sentieren wir regelm\u00e4\u00dfig Links, die wir unter der Woche entdeckt haben, zu denen wir selbst nicht mehr viel schreiben m\u00fcssen und die wir teilenswert finden. Viel Spa\u00df beim Lesen und Anschauen!<\/p>\n<p>1. Albrecht von Lucke befasst sich in einem <a href=\"https:\/\/www.blaetter.de\/ausgabe\/2023\/april\/wahlrechtsdeformation-ampel-gegen-rot-gruen-rot\" target=\"_blank\" rel=\"noopener\">Artikel in den <em>Bl\u00e4ttern f\u00fcr deutsche und internationale Politik<\/em><\/a> mit der Wahlrechtsreform der Bundesregierung. Und diese verdient wohl eher den Namen &#8222;Deformation&#8220;, denn sie richtet sich sehr gezielt gegen die Linkspartei, da zuk\u00fcnftig gewonnene Direktmandate nicht mehr dazu f\u00fchren sollen, dass eine Partei dann im Bundestag vertreten ist. Das ist nicht nur undemokratisch und d\u00fcrfte progressive Mehrheiten in absehbarer Zukunft erst mal ausschlie\u00dfen, sondern erh\u00f6ht auch die Schwierigkeiten kleiner Parteien, gew\u00e4hlt zu werden. Deutlicher kann man nicht machen, dass man nur an einem Weiter-so-Kurs interessiert ist. Wann raffen des endlich auch die W\u00e4hler von SPD und Gr\u00fcnen? [Karl]<\/p>\n<p>2. Vor 29 Jahren fand in Ruanda der entsetzliche V\u00f6lkermord an den Tutsi statt, dem etwa eine Million Menschen zum Opfer gefallen sind. Nun droht eine Fortsetzung im benachbarten Kongo, wie aus einem <a href=\"https:\/\/www.n-tv.de\/politik\/Im-Kongo-droht-ein-neuer-Voelkermord-article24039222.html\" target=\"_blank\" rel=\"noopener\">Artikel von <em>ntv<\/em><\/a> hervorgeht. Das ist zum einen darin begr\u00fcndet, dass die beiden Nachbarl\u00e4nder beide die Heimat der Volksgruppen der Hutu und Tutsi sind, zum anderen wird gerade im Kongo massiv Stimmung gesch\u00fcrt, und es finden auch schon erst Massaker statt. Die UN halten sich dabei mal wieder auffallend zur\u00fcck, und auch sonst h\u00f6rt man so gut wie nichts von Politikern und Medien dazu. Klar, sind ja auch &#8222;nur&#8220; Afrikaner, die da weggemetzelt werden. Rassismus dr\u00fcckt sich eben manchmal auch im Wegschauen und Schweigen aus. [Karl]<\/p>\n<p>3. Wenig \u00dcberraschendes gibt es laut einem <a href=\"https:\/\/www.rnd.de\/politik\/italien-gesetzentwurf-verbietet-fremdwoerter-bis-zu-100-000-euro-strafe-DVA233XR7NC4DA6DE4VHJTB5E4.html\" target=\"_blank\" rel=\"noopener\">Artikel des <em>Redaktionsnetzwerks Deutschland<\/em><\/a> von der postfaschistischen Regierung in Italien zu berichten. Diese macht n\u00e4mlich das, was Rechtsextremisten immer so machen: Tats\u00e4chliche Probleme nicht angehen und stattdessen dann ideologische Nebelkerzen z\u00fcnden. So soll es in Italien unter Androhung hoher Geldstrafen demn\u00e4chst in \u00f6ffentlicher Kommunikation, an Schulen und im Fernsehen verboten sein, nicht italienische W\u00f6rter zu verwenden. Diese tolle Idee hatte schon mal Benito Mussolini &#8211; scheint mir also ein bisschen sehr geschichtsvergessen zu sein, was Giorgina Meloni und ihre braunen Kumpanen da so anzetteln. [Karl]<\/p>\n<p>4. Laut einem <a href=\"https:\/\/www.tagesspiegel.de\/gesellschaft\/medien\/entspricht-nicht-unseren-standards-bild-loscht-artikel-uber-reichsburger-9620780.html\" target=\"_blank\" rel=\"noopener\">Artikel im <em>Tagesspiegel<\/em><\/a> gibt es offensichtlich pers\u00f6nliche Verbindungen eines BILD-Reporters mit Peter Fitzek, einer f\u00fchrenden Figur der deutschen Reichsb\u00fcrgerszene. Zumindest hatte der Journalist Letzterem Tickets f\u00fcr die Vorpremiere in Halle eines Theaterst\u00fccks besorgt, das die Reichsb\u00fcrger thematisiert, und Fitzek dort auch pers\u00f6nlich in Empfang genommen. Den daraus resultierenden Artikel nahm man nach kritischer Anfrage bei BILD wieder von der Website und distanzierte sich davon. Warum glaub ich dem rechten Schmierenblatt nur nicht, dass das aufrichtig gemeint sein k\u00f6nnte? [Karl]<\/p>\n<p>5. Die Unschuldsvermutung ist ein wichtiges Gut unseres deutschen Justizsystems. Genauso wie die Tatsache, dass einem Beschuldigten die ihm vorgeworfene Straftat nachgewiesen werden muss mit schl\u00fcssigen Beweisen. Dass das leider nicht immer so ist, geht gerade aus dem Prozess am Dresdner Oberlandesgericht gegen die Antifaschistin Lina E. hervor, was Tobias E\u00dfer in einem <a href=\"https:\/\/www.t-online.de\/region\/dresden\/id_100156136\/linksextreme-lina-e-das-vorgehen-der-justiz-in-dresden-ist-unwuerdig.html\" target=\"_blank\" rel=\"noopener\">Kommentar auf <em>t-online<\/em><\/a> zu Recht als &#8222;Gesinnungsjustiz&#8220; und &#8222;Schande&#8220; bezeichnet. Ohne schlagkr\u00e4ftige Beweise und nur auf fragw\u00fcrdige Aussagen gest\u00fctzt, sitzt Lina E. nun schon zweieinhalb Jahre in Untersuchungshaft und soll zu acht Jahren Gef\u00e4ngnis verurteilt werden. Wenn man sieht, wie Rechtsextremisten von deutschen Gerichten immer wieder mit Samthandschuhen angefasst werden, dann wird leider deutlich, wie verkehrt unsere Justiz in weiten Teilen tickt. [Karl]<\/p>\n<p>6. Susann Witt-Stahl befasst sich in einem <a href=\"https:\/\/www.jungewelt.de\/artikel\/448433.html\" target=\"_blank\" rel=\"noopener\">Kommentar in der <em>jungen Welt<\/em><\/a> mit Katerina Prokopenko. Die Frau von Denis Prokopenko, ehemaliger Nazihooligan, Rassist und mittlerweile Kommandeur der faschistischen ukrainischen Asow-Brigaden, ist gerade auf Werbetour in vielen westlichen Medien zu sehen und dabei auch gern gesehener Gast bei etlichen Politikern &#8211; u. a. auch im Ausw\u00e4rtigen Amt. Da scheint ja unserer Bundesau\u00dfenplapperina Annelena Baerbock mittlerweile wirklich jeder moralische und politische Kompass abhandengekommen zu sein, wobei einen das auch nicht mehr so wirklich wundern sollte &#8230; [Karl]<\/p>\n<p>7. Am 1. Mai wird es ja das lang diskutierte Deutschlandticket geben, mit dem dann jeder f\u00fcr 49 Euro im Monat \u00fcberall in Deutschland Regionalz\u00fcge nutzen kann. Das Ganze ist als Nachfolger des 9-Euro-Tickets gedacht &#8211; und taugt doch leider genau dazu eher nicht, wie Inken Behrmann und Valentin Ih\u00dfen in einem <a href=\"https:\/\/www.blaetter.de\/ausgabe\/2023\/april\/deutschlandticket-verkehrswende-retour\" target=\"_blank\" rel=\"noopener\">Artikel in den <em>Bl\u00e4ttern f\u00fcr deutsche und internationale Geschichte<\/em><\/a> feststellen. Dazu ist der Preis n\u00e4mlich einfach zu hoch, sodass ihn gerade \u00e4rmere Menschen nicht aufbringen k\u00f6nnen. Die positiven Effekte des 9-Euro-Tickets in den Bereichen Klimaschutz und gesellschaftliche Teilhabe d\u00fcrften somit mit dem Deutschlandticket nicht erreicht werden. [Karl]<\/p>\n<p>8. In einem kurzen <a href=\"https:\/\/taz.de\/Deutscher-Atomausstieg\/!5924686\/\" target=\"_blank\" rel=\"noopener\">Kommentar in der <em>taz<\/em><\/a> stellt Anja Kr\u00fcger da, wie nun nach dem deutschen Atomausstieg die Bef\u00fcrworter dieser Zomietechnologie am Lamentieren sind und dabei hemmungslos mit L\u00fcgen \u00c4ngste sch\u00fcren. Zudem fordert sie von der Bundesregierung, nun auch auf europ\u00e4ischer Ebene daf\u00fcr einzutreten, dass dort der Atomausstieg vollzogen wird. Einflussm\u00f6glichkeiten w\u00e4ren vorhanden &#8211; ob das mit dem Willen genauso aussieht, wage ich allerdings zu bezweifeln. [Karl]<\/p>\n<p>9. In der <em>taz<\/em> findet sich ein <a href=\"https:\/\/taz.de\/Risiken-von-KI\/!5923244\/\" target=\"_blank\" rel=\"noopener\">Interview mit Judith Simon<\/a>. Die Professorin f\u00fcr Ethik in der Informationstechnologie macht sich darin einige Gedanken \u00fcber die aktuelle Entwicklung von k\u00fcnstlicher Intelligenz &#8211; und stelle fest, dass zurzeit alles einfach viel zu schnell geht. Da werden KI-Anwendungen entwickelt und auf den Markt gebracht, ohne dass es \u00fcberhaupt entsprechende rechtliche Richtlinien und Rahmenbedingungen f\u00fcr deren Nutzung und die daraus resultierenden Probleme gibt. Dass sie dabei letztlich nicht mehr als an die Verantwortung der KI entwickelnden Unternehmen appellieren kann, ist f\u00fcr mich leider kein gutes Zeichen &#8230; [Karl]<\/p>\n<p>10. Dass in Kriegsgebieten besondere Regeln f\u00fcr Journalisten gelten, ist irgendwie nachvollziehbar. Was sich nun allerdings gerade die Kiewer Regierung leistet, ist ein ziemlicher Angriff auf die Pressefreiheit, wie eine <a href=\"https:\/\/www.reporter-ohne-grenzen.de\/pressemitteilungen\/meldung\/front-verbot-fuer-medienschaffende\" target=\"_blank\" rel=\"noopener\">Meldung von <em>Reporter ohne Grenzen<\/em><\/a> berichtet. So werden jetzt, offensichtlich sehr willk\u00fcrlich, Zonen an der Front und in Frontn\u00e4he festgelegt, aus denen Medienschaffende nicht mehr berichten d\u00fcrfen. Das sorgt f\u00fcr reichlich Kritik vonseiten ukrainischer und internationaler Journalisten, zumal der Eindruck entsteht, dass die regierungstreue Presse bevorzugt behandelt wird. Und man sollte sich auch die Frage stellen, was denn in diesen Gebieten nun vor den Augen der \u00d6ffentlichkeit verborgen werden soll. [Karl]<\/p>\n<p>11. Geleakte Aussagen von Springer-Chef Mathias D\u00f6pfner sorgten gerade f\u00fcr viel Wirbel, da er darin parteiische Berichterstattung f\u00fcr die FDP forderte, seine Verachtung f\u00fcr Ostdeutsche ausdr\u00fcckte und den Ernst der Klimakatastrophe herunterspielte. Claudia Wangerin fragt sich nun in einem <a href=\"https:\/\/www.telepolis.de\/features\/Ueberraschung-Doepfner-ist-FDP-Fan-verachtet-Ossis-und-nimmt-Klimakrise-nicht-ernst-8963350.html\" target=\"_blank\" rel=\"noopener\">Artikel auf <em>Telepolis<\/em><\/a>, was denn diese Aufregung darum eigentlich solle. Schlie\u00dflich k\u00f6nnen solche \u00c4u\u00dferungen und die dahinterstehende Geisteshaltung bei jemandem, der mit BILD und WELT Deutschlands \u00fcbelste Hetzpostillen verantwortet doch eigentlich nicht \u00fcberraschen. Viel L\u00e4rm also um nichts &#8211; vielmehr sollte man die Frage stellen, ob solche Konzernmedien, die dann Typen wie D\u00f6pfner zur Verbreitung ihrer Agenda in entsprechende Positionen hieven, nicht generell eine \u00fcble Sache sind. [Karl]<\/p>\n","protected":false},"excerpt":{"rendered":"<p>An dieser Stelle pr\u00e4sentieren wir regelm\u00e4\u00dfig Links, die wir unter der Woche entdeckt haben, zu denen wir selbst nicht mehr viel schreiben m\u00fcssen und die wir teilenswert finden. Viel Spa\u00df beim Lesen und Anschauen!<\/p>\n","protected":false},"author":5,"featured_media":0,"comment_status":"open","ping_status":"open","sticky":false,"template":"","format":"standard","meta":{"footnotes":""},"categories":[193],"tags":[],"class_list":["post-26997","post","type-post","status-publish","format-standard","hentry","category-woechentliches"],"_links":{"self":[{"href":"https:\/\/www.unterstroemt.de\/index.php?rest_route=\/wp\/v2\/posts\/26997","targetHints":{"allow":["GET"]}}],"collection":[{"href":"https:\/\/www.unterstroemt.de\/index.php?rest_route=\/wp\/v2\/posts"}],"about":[{"href":"https:\/\/www.unterstroemt.de\/index.php?rest_route=\/wp\/v2\/types\/post"}],"author":[{"embeddable":true,"href":"https:\/\/www.unterstroemt.de\/index.php?rest_route=\/wp\/v2\/users\/5"}],"replies":[{"embeddable":true,"href":"https:\/\/www.unterstroemt.de\/index.php?rest_route=%2Fwp%2Fv2%2Fcomments&post=26997"}],"version-history":[{"count":13,"href":"https:\/\/www.unterstroemt.de\/index.php?rest_route=\/wp\/v2\/posts\/26997\/revisions"}],"predecessor-version":[{"id":27030,"href":"https:\/\/www.unterstroemt.de\/index.php?rest_route=\/wp\/v2\/posts\/26997\/revisions\/27030"}],"wp:attachment":[{"href":"https:\/\/www.unterstroemt.de\/index.php?rest_route=%2Fwp%2Fv2%2Fmedia&parent=26997"}],"wp:term":[{"taxonomy":"category","embeddable":true,"href":"https:\/\/www.unterstroemt.de\/index.php?rest_route=%2Fwp%2Fv2%2Fcategories&post=26997"},{"taxonomy":"post_tag","embeddable":true,"href":"https:\/\/www.unterstroemt.de\/index.php?rest_route=%2Fwp%2Fv2%2Ftags&post=26997"}],"curies":[{"name":"wp","href":"https:\/\/api.w.org\/{rel}","templated":true}]}}