{"id":27246,"date":"2023-06-25T15:31:57","date_gmt":"2023-06-25T13:31:57","guid":{"rendered":"https:\/\/www.unterstroemt.de\/?p=27246"},"modified":"2023-06-27T08:24:46","modified_gmt":"2023-06-27T06:24:46","slug":"interessantes-aus-kw-25-2023","status":"publish","type":"post","link":"https:\/\/www.unterstroemt.de\/?p=27246","title":{"rendered":"Interessantes aus KW 25\/2023"},"content":{"rendered":"<p>An dieser Stelle pr\u00e4sentieren wir regelm\u00e4\u00dfig Links, die wir unter der Woche entdeckt haben, zu denen wir selbst nicht mehr viel schreiben m\u00fcssen und die wir teilenswert finden. Viel Spa\u00df beim Lesen und Anschauen!<\/p>\n<p>1. Der Klimawandel und der Kapitalismus passen einfach nicht zusammen, auch wenn Letzterer Ersteren bedingt. Nur leider kann unser Wirtschaftssystem keine ad\u00e4quaten L\u00f6sungen f\u00fcr die Probleme der Klimakrise bereitstellen. Wozu das f\u00fchrt, sieht man gerade in Uruguay, wo laut einem <a href=\"https:\/\/www.tagesspiegel.de\/internationales\/durre-katastrophe-uruguay-mischt-fluss-mit-trinkwasser--man-kann-es-schlucken-9950178.html\" target=\"_blank\" rel=\"noopener\">Artikel im <em>Tagesspiegel<\/em><\/a> die Wasserversorgung gerade kaum noch aufrechterhalten werden kann. Politisches Missmanagement, Raubbau an der Natur und eben die damit einhergehende Ver\u00e4nderung des Klimas f\u00fchren so dazu, dass immer mehr Menschen in dem Land, was fr\u00fcher f\u00fcr seine gute Trinkwasserqualit\u00e4t bekannt war, kein Leitungswasser mehr trinken k\u00f6nnen. Ein Vorgeschmack darauf, was uns hier auch noch erwarten d\u00fcrfte. [Karl]<\/p>\n<p>2. So funktioniert heutzutage die mediale Erregungs\u00f6konomie: G\u00fcnther Jauch enth\u00fcllt bei einem kleinen Sender einen Skandal beim ZDF &#8211; der allerdings schon 27 Jahre zur\u00fcckliegt und damals auch hinreichend mediale Aufmerksamkeit erfuhr. Nun wir, wie ein <a href=\"https:\/\/uebermedien.de\/85270\/guenther-jauch-enthuellt-nach-27-jahren-noch-einmal-einen-bekannten-zdf-skandal\/\" target=\"_blank\" rel=\"noopener\">Artikel auf <em>\u00dcber Medien<\/em><\/a> berichtet, das Ganze noch mal m\u00e4chtig aufgebauscht, die BILD keift mit rum, auch andere Medien springen auf den Zug auf, der doch eigentlich schon lange abgefahren ist &#8211; und ein rechter M\u00f6chtegernjournalist fordert deswegen sogar den R\u00fccktritt von Georg Restle und Jan B\u00f6hmermann, die ja nun gar nichts mit der Sache zu tun haben. Was f\u00fcr eine Posse! [Karl]<\/p>\n<p>3. In einem <a href=\"https:\/\/www.scinexx.de\/news\/energie\/grosswaermepumpen-koennten-waermebedarf-deutschlands-decken\/\" target=\"_blank\" rel=\"noopener\">Artikel auf <em>Scienxx<\/em><\/a> wird das Konzept der Gro\u00dfw\u00e4rmepumpen vorgestellt. Und diesem hat eine Studie gerade recht gute Aussichten attestiert, einen wichtigen Beitrag zum Erreichen der Klimaneutralit\u00e4t leisten zu k\u00f6nnen. Allerdings w\u00e4ren daf\u00fcr ein paar regulatorische Eingriffe vonseiten der Politik notwendig, um tats\u00e4chlich m\u00f6glichst bald das offenbar enorme Potenzial dieser Technologie nutzen zu k\u00f6nnen. Wenn man bedenkt, dass es W\u00e4rmepumpen ja schon seit Jahrzehnten gibt, dann frage ich mich, warum da noch nicht l\u00e4ngst viel mehr geschehen ist. [Karl]<\/p>\n<p>4. Chantal Louis beleuchtet in einem <a href=\"https:\/\/www.emma.de\/artikel\/trans-gesetz-wissen-sie-was-sie-tun-340379\" target=\"_blank\" rel=\"noopener\">Artikel in der <em>Emma<\/em><\/a> das sogenannte Selbstbestimmungsgesetz, dass es Menschen erm\u00f6glichen soll, auf unkomplizierte Weise ihren offiziellen Geschlechtseintrag zu \u00e4ndern. Daraus resultieren jedoch allerlei Probleme, und vor allem scheint es der Autorin nachvollziehbar problematisch, dass auch Kinder ohne jede psychologische Beratung ein anderes Geschlecht annehmen k\u00f6nnen. Au\u00dferdem soll es dann auch wieder Ausnahmen geben, was wiederum Trans-Verb\u00e4nde gegen das Gesetz aufbringt. Vor allem finde ich es nicht gerade fortschrittlich, dass Schutzr\u00e4ume f\u00fcr Frauen so unterminiert werden k\u00f6nnen, indem M\u00e4nner dort einfach Zutritt finden, wenn sie sich eben als Frau bezeichnen. [Karl]<\/p>\n<p>5. Angesichts der immer offensichtlicheren Folgen des Klimawandels bzw. der Erderw\u00e4rmung f\u00e4llt es denen, die nach wie vor entgegen aller wissenschaftlichen Erkenntnisse leugnen, dass der Mensch irgendwas damit zu tun haben k\u00f6nnte, zunehmend schwerer, ihren Standpunkt noch irgendwie aufrechtzuerhalten. Na ja, wenn schon die Argumente fehlen, dann wird eben gep\u00f6belt und gedroht, was laut einem <a href=\"https:\/\/taz.de\/Drohungen-gegen-Meteorologinnen\/!5937563\/\" target=\"_blank\" rel=\"noopener\">Artikel in der <em>taz<\/em><\/a> zurzeit versch\u00e4rft Meteorologen und Klimaforscher zu sp\u00fcren bekommen. So ein hasserf\u00fclltes Gebaren wird dann gern auch mal mit Verschw\u00f6rungsmythen (&#8222;Wetterkontrolle&#8220;) unterf\u00fcttert &#8211; kein Wunder, dass die meisten dieser Spinner vom rechten Rand kommen. [Karl]<\/p>\n<p>6. Der Humangeograf Daniel Mullis, der Rechts- und Politikwissenschaftler Maximilian Pichl und die Soziologin Vanessa E. Thompson \u00e4u\u00dfern in einem <a href=\"https:\/\/taz.de\/Gefahr-antidemokratischer-Tendenzen\/!5937734\/\" target=\"_blank\" rel=\"noopener\">Kommentar in der <em>taz<\/em><\/a> ihre Bef\u00fcrchtungen, dass Deutschland zunehmend in Richtung Autoritarismus kippen k\u00f6nnte. So zeigen die Autoren einige Tendenzen auf, die in diese Richtung weisen, beispielsweise die Abschottung der EU-Au\u00dfengrenzen und die Kriminalisierung von Klimaaktivisten, und die zudem sich auch noch in Wechselwirkung gegenseitig hochschaukeln. Allerdings zeigen sie auch auf, wie dieser Entwicklung begegnet werden kann, um so unsere Demokratie weiter aufrechtzuerhalten. [Karl]<\/p>\n<p>7. In einer <a href=\"https:\/\/www.deutschlandfunk.de\/soziologe-heitmeyer-der-begriff-protestwaehler-ist-komplett-verharmlosend-102.html\" target=\"_blank\" rel=\"noopener\">Meldung des <em>Deutschlandfunk<\/em><\/a><em><a href=\"https:\/\/www.deutschlandfunk.de\/soziologe-heitmeyer-der-begriff-protestwaehler-ist-komplett-verharmlosend-102.html\" target=\"_blank\" rel=\"noopener\">s<\/a><\/em>\u00a0wird wiedergegeben, wie der Soziologe Wilhelm Heitmeyer das aktuelle Umfragehoch der AfD einsch\u00e4tzt. Dabei warnt er davor, die Blaubraunen als reine Protestpartei oder Rechtspopulisten abzutun, sondern verweist auf den antidemokratischen Kern dieser Partei. Wichtig sei es, dass Menschen in ihrem Umfeld Aussagen von AfD-J\u00fcngern nicht einfach unwidersprochen stehen lassen, sondern den Konflikt suchen, um eine weitere Normalisierung rechter Menschen- und Demokratieverachtung nicht weiter zuzulassen. [Karl]<\/p>\n<p>8. Ein <a href=\"https:\/\/www.gegen-hartz.de\/news\/buergergeld-geben-eltern-das-geld-fuer-tabak-und-alkohol-statt-fuer-ihre-kinder-aus\" target=\"_blank\" rel=\"noopener\">Artikel von <em>gegen-hartz.de<\/em><\/a> berichtet \u00fcber eine Studie, die j\u00fcngst nachgewiesen hat, dass an dem nach wie vor weit verbreiteten Vorurteil, arme Eltern w\u00fcrde Transferleistungen eher f\u00fcr Alkohol, Zigaretten und Unterhaltungselektronik statt f\u00fcr ihre Kinder ausgeben, nichts dran ist. Allerdings werden eben immer wieder solche F\u00e4lle in den Medien, beispielsweise in Form von sogenannten Doku-Soaps, prominent pr\u00e4sentiert, sodass hier vom Einzelnen aufs Allgemeine geschlossen und Menschen generell stigmatisiert werden. Hier w\u00e4re es sowohl an der Politik als auch an den Medien, endlich mal an die Ursachen von Armut ranzugehen, statt arme Menschen weiter zu diffamieren. [Karl]<\/p>\n<p>9. Der Begriff &#8222;Kulturkampf&#8220; ist zurzeit ja sehr pr\u00e4sent. Und so befasst sich auch Annika Leister in einem <a href=\"https:\/\/www.t-online.de\/nachrichten\/tagesanbruch\/id_100194018\/kulturkampf-um-gendersternchen-und-co-ein-schlechtes-zeichen-fuer-die-zukunft.html\" target=\"_blank\" rel=\"noopener\">Kommentar auf <em>t-online<\/em><\/a> damit, indem sie feststellt, wie leichtsinnig und populistisch zurzeit alles M\u00f6gliche als Kulturkampf betitelt wird, und zwar in bester AfD-Manier nicht nur von den Blaubraunen, sondern vor allem auch von CDU\/CSU, FDP und diesen Parteien nahestehenden Medien. Das f\u00fchrt zum einen zu einer weiteren Spaltung der Gesellschaft, zum anderen werden so wirklich wichtige Themen nicht oder kaum diskutiert oder politisch beackert. Eine fatale Entwicklung! [Karl]<\/p>\n<p>10. Schon mal was von &#8222;Phubbing&#8220; geh\u00f6rt? Das bezeichnet ein Ph\u00e4nomen, wenn sich Partner oder Freunde unterhalten und einer dabei st\u00e4ndig in sein Smartphone glotzt, sodass der andere sich dadurch missachtet und zur\u00fcckgesetzt f\u00fchlt. Ein <a href=\"https:\/\/utopia.de\/ratgeber\/phubbing-warum-du-das-handy-einfach-mal-liegen-lassen-solltest\/\" target=\"_blank\" rel=\"noopener\">Artikel auf <em>Utopia<\/em><\/a> beschreibt dieses Zeitgeistph\u00e4nomen, erkl\u00e4rt, was dadurch f\u00fcr Sch\u00e4den verursacht werden k\u00f6nnen, und gibt aber auch (wie von Utopia gewohnt) ein paar Tipps, um Phubbing entgegenwirken zu k\u00f6nnen. [Karl]<\/p>\n<p>11. In der <em>Frankfurter Rundschau<\/em> findet sich ein <a href=\"https:\/\/www.fr.de\/kultur\/gesellschaft\/philosoph-michael-sandel-der-hochmut-der-eliten-ist-ein-grund-fuer-das-ressentiment-92332766.html\" target=\"_blank\" rel=\"noopener\">Interview mit Michael Sandel<\/a>. Der bekannte US-amerikanische Philosoph zeigt darin auf, wie sehr der Neoliberalismus die aktuell zu beobachtende Hinwendung vieler Menschen zu Parteien, die vor allem Ressentiments bedienen, verursacht hat. Darin spiegelt sich, so Sandel, vor allem eine Reaktion auf das Gef\u00fchl, von den sogenannten Eliten verachtet zu werden, wieder. Dass dann Rechtsau\u00dfen wie beispielsweise Donald Trump letztlich auch nichts f\u00fcr die normalen B\u00fcrger \u00fcbrig haben, selbst zu den Eliten z\u00e4hlen und ihre populistischen Ank\u00fcndigungen von mehr Gerechtigkeit nie umsetzen, tut deren Popularit\u00e4t fatalerweise keine Abbruch. [Karl]<\/p>\n<p>12. Die Bundesregierung hat ein Tierhaltungskennzeichnungsgesetz (allerdings zun\u00e4chst nur f\u00fcr Schweine g\u00fcltig) beschlossen. Auch wenn sich beispielsweise die Gr\u00fcnen daf\u00fcr feiern, so ist das doch nicht viel mehr als eine &#8222;Nebelkerze&#8220; f\u00fcr die Verbraucher, wie Mahi Klosterhalfen in einer <a href=\"https:\/\/albert-schweitzer-stiftung.de\/aktuell\/haltungskennzeichnung-rueckschritt-fuer-tiere\" target=\"_blank\" rel=\"noopener\">Pressemitteilung der <em>Albert Schweitzer Stiftung<\/em><\/a> feststellt. Die Kriterien des neuen Labels sind zum einen n\u00e4mlich schwer nachzuvollziehen f\u00fcr die Kunden, zum anderen werden dabei nur die Haltungsbedingungen benannt, \u00fcber das Wohlergehen der Tiere (erst recht nicht w\u00e4hrend aller Lebensphasen, also von der Zucht bis zur Schlachtung) wird hingegen gar nichts ausgesagt. Also mal wieder nur hei\u00dfe populistische Luft statt einer wirklichen Verbesserung. [Karl]<\/p>\n","protected":false},"excerpt":{"rendered":"<p>An dieser Stelle pr\u00e4sentieren wir regelm\u00e4\u00dfig Links, die wir unter der Woche entdeckt haben, zu denen wir selbst nicht mehr viel schreiben m\u00fcssen und die wir teilenswert finden. Viel Spa\u00df beim Lesen und Anschauen!<\/p>\n","protected":false},"author":5,"featured_media":0,"comment_status":"open","ping_status":"open","sticky":false,"template":"","format":"standard","meta":{"footnotes":""},"categories":[193],"tags":[],"class_list":["post-27246","post","type-post","status-publish","format-standard","hentry","category-woechentliches"],"_links":{"self":[{"href":"https:\/\/www.unterstroemt.de\/index.php?rest_route=\/wp\/v2\/posts\/27246","targetHints":{"allow":["GET"]}}],"collection":[{"href":"https:\/\/www.unterstroemt.de\/index.php?rest_route=\/wp\/v2\/posts"}],"about":[{"href":"https:\/\/www.unterstroemt.de\/index.php?rest_route=\/wp\/v2\/types\/post"}],"author":[{"embeddable":true,"href":"https:\/\/www.unterstroemt.de\/index.php?rest_route=\/wp\/v2\/users\/5"}],"replies":[{"embeddable":true,"href":"https:\/\/www.unterstroemt.de\/index.php?rest_route=%2Fwp%2Fv2%2Fcomments&post=27246"}],"version-history":[{"count":15,"href":"https:\/\/www.unterstroemt.de\/index.php?rest_route=\/wp\/v2\/posts\/27246\/revisions"}],"predecessor-version":[{"id":27262,"href":"https:\/\/www.unterstroemt.de\/index.php?rest_route=\/wp\/v2\/posts\/27246\/revisions\/27262"}],"wp:attachment":[{"href":"https:\/\/www.unterstroemt.de\/index.php?rest_route=%2Fwp%2Fv2%2Fmedia&parent=27246"}],"wp:term":[{"taxonomy":"category","embeddable":true,"href":"https:\/\/www.unterstroemt.de\/index.php?rest_route=%2Fwp%2Fv2%2Fcategories&post=27246"},{"taxonomy":"post_tag","embeddable":true,"href":"https:\/\/www.unterstroemt.de\/index.php?rest_route=%2Fwp%2Fv2%2Ftags&post=27246"}],"curies":[{"name":"wp","href":"https:\/\/api.w.org\/{rel}","templated":true}]}}