{"id":27299,"date":"2023-07-09T21:33:36","date_gmt":"2023-07-09T19:33:36","guid":{"rendered":"https:\/\/www.unterstroemt.de\/?p=27299"},"modified":"2023-07-09T21:33:36","modified_gmt":"2023-07-09T19:33:36","slug":"interessantes-aus-kw-27-2023","status":"publish","type":"post","link":"https:\/\/www.unterstroemt.de\/?p=27299","title":{"rendered":"Interessantes aus KW 27\/2023"},"content":{"rendered":"<p>An dieser Stelle pr\u00e4sentieren wir regelm\u00e4\u00dfig Links, die wir unter der Woche entdeckt haben, zu denen wir selbst nicht mehr viel schreiben m\u00fcssen und die wir teilenswert finden. Viel Spa\u00df beim Lesen und Anschauen!<\/p>\n<p>1. Das Gef\u00e4ngnissystem in den USA ist schon reichlich absurd, aber es wird eben viel Geld damit gemacht. Und so sitzen dort extrem viele Menschen im Knast, sind danach vorbestraft und haben die damit verbundenen Einschr\u00e4nkungen in Kauf zu nehmen. Lukas Hermsmeier beleuchtet dieses System in einem <a href=\"https:\/\/www.blaetter.de\/ausgabe\/2023\/juni\/chicago-praevention-statt-polizei\" target=\"_blank\" rel=\"noopener\">Artikel in den <em>Bl\u00e4ttern f\u00fcr deutsche und internationale Politik<\/em><\/a> und verweist vor allem darauf, wie es anders gehen k\u00f6nnte: Der neu gew\u00e4hlte B\u00fcrgermeister von Chicago Brandon Johnson will hier n\u00e4mlich deutliche Umstrukturierungen vornehmen: mehr Pr\u00e4vention statt mehr Polizei. W\u00e4re w\u00fcnschenswert, wenn er damit Erfolg hat und das dann Schule machen w\u00fcrde. [Karl]<\/p>\n<p>2. Chris van Tulleken hat gerade das Buch &#8222;Gef\u00e4hrlich lecker&#8220; geschrieben. Darin befasst sich der Arzt und Professor mit der Lebensmittelindustrie, wie er in einem <a href=\"https:\/\/www.derstandard.at\/story\/3000000175790\/arzt-lebensmittelkonzerne-machen-uns-gezielt-abhaengig-von-ungesundem-muell?utm_source=pocket-newtab-global-de-DE\" target=\"_blank\" rel=\"noopener\">Interview mit dem <em>Standard<\/em><\/a> erl\u00e4utert, die er mit der Tabakindustrie vergleicht: Beiden geht es darum, Profite zu machen, indem man Menschen mit ungesundem Zeug s\u00fcchtig macht. Hochverarbeitete Lebensmittel seien n\u00e4mlich genau nach diese Prinzip konzipiert, sodass es hier einer strengen Regulierung bed\u00fcrfe. Doch daran haben gro\u00dfe Konzerne und die von ihnen alimentierten Politiker leider kein Interesse. [Karl]<\/p>\n<p>3. Vor 30 Jahren starben in Bad Kleinen (Mecklenburg-Vorpommern) der Wolfgang Grams von der RAF und der GSG9-Beamte Michael Newrzella. Ein <a href=\"https:\/\/www.ndr.de\/geschichte\/schauplaetze\/Unaufklaerbar-Toedliches-Versagen-in-Bad-Kleinen-vor-30-Jahren,badkleinen109.html\" target=\"_blank\" rel=\"noopener\">Artikel vom <em>NDR<\/em><\/a> rekapituliert die Ereignisse und konstatiert ein Versagen der ausf\u00fchrenden Organe, das allerdings bis heute nicht aufgekl\u00e4rt werden konnte. Und das wird es vermutlich auch zuk\u00fcnftig nicht mehr, denn Spuren wurden vernichtet, zudem gab es haufenweise widerspr\u00fcchliche und unglaubw\u00fcrdige Aussagen. So werden wir also nie genau erfahren, was am Bahnhof von Bad Kleinen geschehen ist und wie es vor allem zum Tod von Wolfgang Grams gekommen ist. [Karl]<\/p>\n<p>4. Die 4-Tage-Woche wird zurzeit immer wieder ins Gespr\u00e4ch gebracht, allerdings haben Voodoo-\u00d6konomen wie beispielsweise Frank Thelen nicht viel daf\u00fcr \u00fcbrig. Dass dessen Aussage, dass dann unsere Welt nicht mehr funktionieren w\u00fcrde, blanker Unsinn ist, zeigt Andreas Weck in einem <a href=\"https:\/\/t3n.de\/news\/4-tage-woche-frank-thelen-1560575\/\" target=\"_blank\" rel=\"noopener\">Kommentar auf <em>t3n<\/em><\/a>, indem er mit Zahlen belegt, dass Arbeitszeitverk\u00fcrzungen und steigender Wohlstand bisher sehr wohl immer Hand in Hand gegangen sind. Zeit also, endlich mal neue Wege in der Arbeitswelt zu gehen &#8211; womit sich neoliberale Betonk\u00f6pfe allerdings erfahrungsgem\u00e4\u00df ja immer recht schwertun. [Karl]<\/p>\n<p>5. In einer <a href=\"https:\/\/www.bund.net\/themen\/aktuelles\/detail-aktuelles\/news\/atommuell-in-zwischenlager-nicht-sicher\/\" target=\"_blank\" rel=\"noopener\">Meldung vom <em>BUND<\/em><\/a> geht es um eine Studie, die von der NGO erstellt wurde zum Thema Sicherheit der aktuellen Atomm\u00fclllagerung in Deutschland. Und darin kommt man zu keinem guten Ergebnis, denn es steht zum einen immer noch in weiter Ferne, ein Endlager zu finden, und dazu sind die Zwischenlager, in denen der radioaktive Abfall zurzeit gelagert wird, alles andere als sicher. Und dann gibt es echt immer noch einige Ewiggestrige, die dieser bekloppten Technologie hinterhertrauern &#8230; [Karl]<\/p>\n<p>6. Anl\u00e4sslich des Todes eines 17-J\u00e4hrigen, der in Frankreich bei einer Verkehrskontrolle erschossen wurde, besch\u00e4ftigt sich Ajla Lubic in einem <a href=\"https:\/\/picknmixpolitics.de\/wenn-rassismus-toetet\/\" target=\"_blank\" rel=\"noopener\">Artikel seines Blogs <em>Pick &#8217;n&#8216; Mix Politics<\/em><\/a> mit rassistischer Polizeigewalt in Frankreich. Aus einer sehr pers\u00f6nlichen Perspektive zeigt er auf, dass auch in einer modernen Gesellschaft wie Frankreich struktureller Rassismus nach wie tief verwurzelt ist. Und das schl\u00e4gt sich dann eben auch darin nieder, dass vor allem als ethnisch fremd wahrgenommene Menschen vermehrt bei Polizeieins\u00e4tzen ums Leben kommen. [Karl]<\/p>\n","protected":false},"excerpt":{"rendered":"<p>An dieser Stelle pr\u00e4sentieren wir regelm\u00e4\u00dfig Links, die wir unter der Woche entdeckt haben, zu denen wir selbst nicht mehr viel schreiben m\u00fcssen und die wir teilenswert finden. Viel Spa\u00df beim Lesen und Anschauen!<\/p>\n","protected":false},"author":5,"featured_media":0,"comment_status":"open","ping_status":"open","sticky":false,"template":"","format":"standard","meta":{"footnotes":""},"categories":[193],"tags":[],"class_list":["post-27299","post","type-post","status-publish","format-standard","hentry","category-woechentliches"],"_links":{"self":[{"href":"https:\/\/www.unterstroemt.de\/index.php?rest_route=\/wp\/v2\/posts\/27299","targetHints":{"allow":["GET"]}}],"collection":[{"href":"https:\/\/www.unterstroemt.de\/index.php?rest_route=\/wp\/v2\/posts"}],"about":[{"href":"https:\/\/www.unterstroemt.de\/index.php?rest_route=\/wp\/v2\/types\/post"}],"author":[{"embeddable":true,"href":"https:\/\/www.unterstroemt.de\/index.php?rest_route=\/wp\/v2\/users\/5"}],"replies":[{"embeddable":true,"href":"https:\/\/www.unterstroemt.de\/index.php?rest_route=%2Fwp%2Fv2%2Fcomments&post=27299"}],"version-history":[{"count":8,"href":"https:\/\/www.unterstroemt.de\/index.php?rest_route=\/wp\/v2\/posts\/27299\/revisions"}],"predecessor-version":[{"id":27308,"href":"https:\/\/www.unterstroemt.de\/index.php?rest_route=\/wp\/v2\/posts\/27299\/revisions\/27308"}],"wp:attachment":[{"href":"https:\/\/www.unterstroemt.de\/index.php?rest_route=%2Fwp%2Fv2%2Fmedia&parent=27299"}],"wp:term":[{"taxonomy":"category","embeddable":true,"href":"https:\/\/www.unterstroemt.de\/index.php?rest_route=%2Fwp%2Fv2%2Fcategories&post=27299"},{"taxonomy":"post_tag","embeddable":true,"href":"https:\/\/www.unterstroemt.de\/index.php?rest_route=%2Fwp%2Fv2%2Ftags&post=27299"}],"curies":[{"name":"wp","href":"https:\/\/api.w.org\/{rel}","templated":true}]}}