{"id":27332,"date":"2023-07-16T11:48:04","date_gmt":"2023-07-16T09:48:04","guid":{"rendered":"https:\/\/www.unterstroemt.de\/?p=27332"},"modified":"2023-07-16T11:48:04","modified_gmt":"2023-07-16T09:48:04","slug":"interessantes-aus-kw-28-2023","status":"publish","type":"post","link":"https:\/\/www.unterstroemt.de\/?p=27332","title":{"rendered":"Interessantes aus KW 28\/2023"},"content":{"rendered":"<p>An dieser Stelle pr\u00e4sentieren wir regelm\u00e4\u00dfig Links, die wir unter der Woche entdeckt haben, zu denen wir selbst nicht mehr viel schreiben m\u00fcssen und die wir teilenswert finden. Viel Spa\u00df beim Lesen und Anschauen!<\/p>\n<p>1. Immer mehr Investoren kaufen sich in Arztpraxen ein. Warum das hochproblematisch ist, erl\u00e4utert der Augenarzt Horst Helbig in einem <a href=\"https:\/\/taz.de\/Augenarzt-ueber-Kauf-von-Arztpraxen\/!5941543\/\" target=\"_blank\" rel=\"noopener\">Interview mit der <em>taz<\/em><\/a>. Auf diese Weise entstehen n\u00e4mlich Monopole, welche dann die Politik unter Druck setzen k\u00f6nnen, wenn diese Regulierungen durchsetzen m\u00f6chte. Zudem wird auf diese Weise immer mehr nach Profitabilit\u00e4t behandelt als nach medizinischer Notwendigkeit. Es w\u00e4re dringend Zeit, hier gegenzusteuern, allerdings kommt von der Politik bisher (mal wieder) viel zu wenig. [Karl]<\/p>\n<p>2. Der Klimaforscher Stefan Rahmsdorf beschreibt in einem <a href=\"https:\/\/www.spiegel.de\/wissenschaft\/klimakrise-weniger-tempo-bedeutet-mehr-katastrophen-a-c4ef1dc8-35b1-47f2-8bd3-e01f16cd63b4\" target=\"_blank\" rel=\"noopener\">Artikel auf <em>Spiegel Online<\/em><\/a>, dass die Diskussion \u00fcber zu schnellen Klimaschutz, die zurzeit besonders von ewiggestrigen Kreisen (CDU\/CSU, FDP, AfD und diesen nahestehenden Medien) betrieben wird, ausgesprochen kontraproduktiv und unsinnig ist. Das Problem ist n\u00e4mlich, dass schon viel zu viel Zeit vertr\u00f6delt wurde, sodass nun die Physik immer gnadenloser aufzeigt, dass es so nicht weitergehen kann. Wer also immer noch auf der Klimaschutzbremse steht, forciert weitere und gr\u00f6\u00dfere Naturkatastrophen und nimmt deren Opfer sehenden Auges in Kauf. [Karl]<\/p>\n<p>3. Der Hass gegen Klimaaktivisten nimmt immer widerw\u00e4rtigere Ausma\u00dfe an. So hat gerade in Stralsund ein Lkw-Fahrer nicht nur ein paar junge Menschen, welche die Stra\u00dfe blockiert haben, gewaltt\u00e4tig angegriffen, sondern er hat sogar seinen Laster benutzt, um die Aktivisten von der Stra\u00dfe zu dr\u00e4ngen. Dabei schleifte er einen jungen Mann ein bis zwei Meter mit, wie in einer <a href=\"https:\/\/www.ndr.de\/nachrichten\/mecklenburg-vorpommern\/Klimaaktivist-in-Stralsund-angefahren-Gericht-prueft-Fuehrerscheinentzug,letztegeneration374.html\" target=\"_blank\" rel=\"noopener\">Meldung des <em>NDR<\/em><\/a> berichtet wird. Bl\u00f6derweise f\u00fcr den Lkw-Fahrer war ein <em>NDR<\/em>-Team gerade vor Ort und hat den Vorfall aufgezeichnet. Nun wird gepr\u00fcft, wie lange dem Mann der F\u00fchrerschein entzogen werden soll. Ich w\u00e4re ja f\u00fcr lebenslang, dann solche Freaks geh\u00f6ren nicht hinters Steuer. [Karl]<\/p>\n<p>4. Die haushaltspolitische Sprecherin der Fraktion von Die Linke im Bundestag Gesine L\u00f6tzsch macht ihrem \u00c4rger \u00fcber den Haushaltsentwurf 2024 der Bundesregierung in einem <a href=\"https:\/\/www.jungewelt.de\/artikel\/454118.ein-herz-f\u00fcr-panzer.html\" target=\"_blank\" rel=\"noopener\">Kommentar in der <em>jungen Welt<\/em><\/a> Luft. Die Ausgaben f\u00fcrs Milit\u00e4r werden n\u00e4mlich stark steigen, was vor allem den Gewinnen der R\u00fcstungsindustrie zugutekommt, die gleich mal erhebliche Preissteigerungen f\u00fcr ihre Produkte offeriert. Und diese Produkte funktionieren dann allzu oft noch nicht mal einwandfrei. Daf\u00fcr wird dann im sozialen Bereich der Rotstift angesetzt. Leider nicht sehr \u00fcberraschend &#8230; [Karl]<\/p>\n<p>5. In Schleswig-Holstein ist die AfD deutlich schw\u00e4cher als in anderen Bundesl\u00e4ndern und bei der Landtagswahl im letzten Jahr sogar an der 5%-H\u00fcrde gescheitert. Woran das liegen k\u00f6nnten, analysiert Carsten Janz in einem <a href=\"https:\/\/www.t-online.de\/nachrichten\/deutschland\/innenpolitik\/id_100202592\/afd-auf-dem-vormarsch-in-deutschland-ausser-in-schleswig-holstein-warum-.html\" target=\"_blank\" rel=\"noopener\">Artikel auf <em>t-online<\/em><\/a>. Und da kommen einige Faktoren zusammen, die zum einen regional bedingt sind, zum anderen aber auch an der konsequenten Ablehnung der AfD durch alle anderen Parteien sowie eine unaufgeregte Regierungsarbeit liegen. Und dann sind die Schleswig-Holsteiner auch regelm\u00e4\u00dfig im Gl\u00fccksatlas von Deutschland auf dem ersten Platz, sodass die Panikmache und Hetze der AfD nicht so gut verf\u00e4ngt. [Karl]<\/p>\n<p>6. Im <a href=\"https:\/\/www.youtube.com\/watch?v=LphdJAioDrw\" target=\"_blank\" rel=\"noopener\">Wochenstartkommentar auf <em>radio eins<\/em><\/a> (<em>rbb<\/em>) findet Friedrich K\u00fcppersbusch deutliche kritische Worte zum Thema Streumunition. Diese ge\u00e4chtete Waffe wird n\u00e4mlich nun von den USA an die Ukraine geliefert &#8211; und Deutschland nickt das einfach ab und meint in Form von Bundespr\u00e4sident Frank-Walter Steinmeier, dass man da den Amerikanern nicht &#8222;in den Arm fallen&#8220; k\u00f6nnte. Dass er mit dieser Aussage dem Vertrag von Oslo widerspricht, in dem Deutschland sich verpflichtet hat, nicht nur keine Streumunition einzusetzen, sondern auch deren Einsatz durch andere m\u00f6glichst zu verhindern, scheint da niemanden in der Bundesregierung zu st\u00f6ren. Einfach nur noch besch\u00e4mend! [Karl]<\/p>\n<p>7. Ein <a href=\"https:\/\/www.jungewelt.de\/artikel\/454398.verboten-und-verfolgt-kommunisten-in-gefahr.html\" target=\"_blank\" rel=\"noopener\">Artikel in der <em>jungen Welt<\/em><\/a> berichtet \u00fcber die Verfolgung von Oppositionellen in der Ukraine, insbesondere \u00fcber die beiden Br\u00fcder Michail und Aleksandr Kononowitsch von der Kommunistischen Partei der Ukraine. Und was man dort zu lesen bekommt, zeigt, dass es in der Ukraine mit der Demokratie wohl doch nicht allzu weit her ist, wenn politisch unliebsame Menschen verhaftet, gefoltert und mit dem Tode bedroht werden. Ist das nicht genau das, was man Russlands Pr\u00e4sident Wladimir Putin immer vorwirft? [Karl]<\/p>\n<p>8. Auch wenn sich die AfD gern als b\u00fcrgerlich geriert: Laut einer <a href=\"https:\/\/taz.de\/Verfassungsschutz-zur-Jungen-Alternative\/!5947079\/\" target=\"_blank\" rel=\"noopener\">Meldung in der <em>taz<\/em><\/a> wurde deren Nachwuchsorganisation Junge Alternative (JA) in Brandenburg gerade vom Landesverfassungsschutz als rechtsextrem eingestuft und als &#8222;eine Gefahr f\u00fcr unsere Jugend, f\u00fcr unsere Demokratie, f\u00fcr unsere Freiheit sowie f\u00fcr unsere Sicherheit&#8220; bezeichnet. Eindeutiger geht&#8217;s ja kaum noch, oder? [Karl]<\/p>\n<p>9. An vielen Schulen werden Microsoft-Programme verwendet, die datenschutzrechtlich ausgesprochen bedenklich sind. Eltern haben bisher kaum eine Chance, sich dagegen zu wehren. Darum hat <em>Digitalcourage<\/em> nun die <a href=\"https:\/\/digitalcourage.de\/blog\/2023\/ag-eltern-und-schulsoftware\" target=\"_blank\" rel=\"noopener\">AG Eltern und Schulsoftware<\/a> ins Leben gerufen, eine Plattform, auf der sich interessierte Eltern vernetzen k\u00f6nnen und auch Kontakt zu entsprechenden Fachjuristen hergestellt werden soll. Gute Sache &#8211; aber schon unsch\u00f6n, dass so was \u00fcberhaupt notwendig ist. [Karl]<\/p>\n<p>10. Und noch ein <a href=\"https:\/\/digitalcourage.de\/blog\/2023\/initiative-digitalisierte-reisedokumente\" target=\"_blank\" rel=\"noopener\">Artikel von <em>Digitalcourage<\/em><\/a>: Darin geht es um die von der EU-Kommission geplante Einf\u00fchrung von digitalen Reise- und Ausweisdokumenten. Es steht n\u00e4mlich zu bef\u00fcrchten, dass auf diese Weise ein Digitalzwang ausge\u00fcbt wird, wenn Menschen mit physischen Dokumenten zun\u00e4chst diskriminiert werden in Form von langwierigeren Kontrollen und sp\u00e4ter diese Ausweise nicht mehr als g\u00fcltig akzeptiert werden. Zudem wird der anlasslosen Massen\u00fcberwachung mittels hochsensibler biometrischer Daten damit T\u00fcr und Tor ge\u00f6ffnet &#8211; wohinter die undemokratische Sichtweise steht, dass der B\u00fcrger grunds\u00e4tzlich als Feind angesehen wird. [Karl]<\/p>\n<p>11. Dass es Ausbeutung in der Zustellerbranche gibt, ist ja nichts Neues. Bisher hat Amazon hingegen immer bestritten, daf\u00fcr verantwortlich zu sein, da so etwas allein in den Bereich der Subunternehmer geh\u00f6re. Nun wird in einem <a href=\"https:\/\/correctiv.org\/aktuelles\/ungerechte-arbeit\/2023\/07\/05\/ausbeutung-paketboten-amazon-kurierunternehmen-unter-druck\/\" target=\"_blank\" rel=\"noopener\">Artikel von <em>Correctiv<\/em><\/a> berichtet, dass eine Recherche anderes ergeben hat: Amazon gibt die Rahmenbedingungen vor und setzt die Subunternehmer, welche die Sendungen f\u00fcr den Konzern ausliefern, so unter massiven Druck, den diese an ihre Fahrer weitergeben. Zudem findet auch noch eine umfassende \u00dcberwachung vonseiten Amazons statt. Insofern kann man da eigentlich von verdeckter Leiharbeit sprechen &#8211; aber Amazon w\u00e4scht sich nat\u00fcrlich die H\u00e4nde in Unschuld. Noch ein Grund mehr, nichts mehr bei diesem Ekelkonzern zu bestellen. [Karl]<\/p>\n<p>12. Dass das Elterngeld f\u00fcr wohlhabende Familien gestrichen werden soll, sorgt zurzeit \u00a0ja f\u00fcr reichlich Aufregung. Saskia H\u00f6dl betrachtet das in einem <a href=\"https:\/\/taz.de\/Umstrittene-Elterngeld-Kuerzungen\/!5942065\/\" target=\"_blank\" rel=\"noopener\">Kommentar in der <em>taz<\/em><\/a> mal genauer, und da wird schnell klar, dass es vor allem darum geht, dass Privilegierte ihre Privilegien verteidigen wollen &#8211; und nicht um soziale Gerechtigkeit, die da gern ins Feld gef\u00fchrt wird. Mal davon abgesehen, dass man durchaus auch in anderen Bereichen Einsparungen oder steuerliche Mehreinnahmen durchsetzen k\u00f6nnte als nun gerade im Familienressort, aber von Sachen wie Verm\u00f6gens- oder Erbschaftssteuern will die gleiche Klientel, die sich nun wegen des Elterngeldes aufregt, ja auch nichts wissen. [Karl]<\/p>\n","protected":false},"excerpt":{"rendered":"<p>An dieser Stelle pr\u00e4sentieren wir regelm\u00e4\u00dfig Links, die wir unter der Woche entdeckt haben, zu denen wir selbst nicht mehr viel schreiben m\u00fcssen und die wir teilenswert finden. Viel Spa\u00df beim Lesen und Anschauen!<\/p>\n","protected":false},"author":5,"featured_media":0,"comment_status":"open","ping_status":"open","sticky":false,"template":"","format":"standard","meta":{"footnotes":""},"categories":[193],"tags":[],"class_list":["post-27332","post","type-post","status-publish","format-standard","hentry","category-woechentliches"],"_links":{"self":[{"href":"https:\/\/www.unterstroemt.de\/index.php?rest_route=\/wp\/v2\/posts\/27332","targetHints":{"allow":["GET"]}}],"collection":[{"href":"https:\/\/www.unterstroemt.de\/index.php?rest_route=\/wp\/v2\/posts"}],"about":[{"href":"https:\/\/www.unterstroemt.de\/index.php?rest_route=\/wp\/v2\/types\/post"}],"author":[{"embeddable":true,"href":"https:\/\/www.unterstroemt.de\/index.php?rest_route=\/wp\/v2\/users\/5"}],"replies":[{"embeddable":true,"href":"https:\/\/www.unterstroemt.de\/index.php?rest_route=%2Fwp%2Fv2%2Fcomments&post=27332"}],"version-history":[{"count":13,"href":"https:\/\/www.unterstroemt.de\/index.php?rest_route=\/wp\/v2\/posts\/27332\/revisions"}],"predecessor-version":[{"id":27345,"href":"https:\/\/www.unterstroemt.de\/index.php?rest_route=\/wp\/v2\/posts\/27332\/revisions\/27345"}],"wp:attachment":[{"href":"https:\/\/www.unterstroemt.de\/index.php?rest_route=%2Fwp%2Fv2%2Fmedia&parent=27332"}],"wp:term":[{"taxonomy":"category","embeddable":true,"href":"https:\/\/www.unterstroemt.de\/index.php?rest_route=%2Fwp%2Fv2%2Fcategories&post=27332"},{"taxonomy":"post_tag","embeddable":true,"href":"https:\/\/www.unterstroemt.de\/index.php?rest_route=%2Fwp%2Fv2%2Ftags&post=27332"}],"curies":[{"name":"wp","href":"https:\/\/api.w.org\/{rel}","templated":true}]}}