{"id":27377,"date":"2023-07-26T20:28:05","date_gmt":"2023-07-26T18:28:05","guid":{"rendered":"https:\/\/www.unterstroemt.de\/?p=27377"},"modified":"2023-08-01T11:15:17","modified_gmt":"2023-08-01T09:15:17","slug":"so-funktioniert-rechte-agitation","status":"publish","type":"post","link":"https:\/\/www.unterstroemt.de\/?p=27377","title":{"rendered":"So funktioniert rechte Agitation"},"content":{"rendered":"<p>Gerade konnte ich in meinem pers\u00f6nlichen Umfeld bei Facebook beobachten, wie gut leider rechte Agitation funktioniert, wenn sie erst mal einen Aufh\u00e4nger bei nicht Rechten gefunden hat.<\/p>\n<p>Eine digitale Freundin von mir, die immer auch sehr gute politische Beitr\u00e4ge abseits des Mainstreams geteilt hat und mit der ich schon \u00f6fter auch angeregt diskutiert habe, hat sich seit einiger Zeit zunehmend \u00fcber identit\u00e4tspolitische Entwicklungen ereifert, und in den meisten F\u00e4llen war ich da auch komplett bei ihr. Sowohl \u00fcbertriebene Wokeness (s. <a href=\"https:\/\/www.unterstroemt.de\/?p=24964\" target=\"_blank\" rel=\"noopener\">hier<\/a>) als auch ein In-den-Vordergrund-R\u00fccken von Transpersonen vor allem auf Kosten von Frauen (s. <a href=\"https:\/\/www.unterstroemt.de\/?p=26901\" target=\"_blank\" rel=\"noopener\">hier<\/a>) habe ich ja auch schon kritisch kommentiert.<\/p>\n<p>Was mir dabei dann allerdings auch aufgefallen ist: In den letzten Monaten hat diese Freundin dann zunehmend auch Beitr\u00e4ge von rechten bis rechtsextremen Quellen geteilt zu dem Thema, oft mit dem Verweis, dass man ja woanders nichts dazu finden w\u00fcrde.<\/p>\n<p>Ich stehe ja auch dem Standpunkt, dass, wenn ich etwas nur bei einer rechten Hetzseite finde und nirgends anders, da auch nichts dran sein wird. Vor allem sollten man solchen Portalen nicht zu Klicks verhelfen, denn das erh\u00f6ht deren Reichweite und damit auch deren Werbeeinnahmen.<\/p>\n<p>Aber nun hat sich diese doch im Grunde links denkende Person zunehmend auf rechten Seiten rumgetrieben, da eben dort die identit\u00e4tspolitischen Themen im eigenen Sinne beackert wurden. Und da es ja auch viele andere Personen (wie mich selbst auch) gibt, die bei diesen Themen eine durchaus ambivalente und um Differenzierung bem\u00fchte Sichtweise haben, kann man das ja auch noch nicht mal als explizit rechts bezeichnen.<\/p>\n<p>Allerdings ist man dann eben schon mal ein St\u00fcck weit in der rechten Filterblase drin. Und dann passieren eben auch solche Sachen wie bei meiner Facebook-Freundin, dass auf einmal auch Beitr\u00e4ge geteilt werden, die sich in m. E. unangemessener Weise gegen Klimaaktivisten wenden.<\/p>\n<p>Das f\u00fchrte dann so weit, dass etwas von Broders Hetzportal <em>Achse des Guten<\/em> und von der SVP-Postille\u00a0<em>Weltwoche<\/em> geteilt wurde (ich verlinke das hier nicht, denn solchem Schund will ich in keinem Fall Klicks zukommen lassen), um damit die angebliche Doppelz\u00fcngigkeit der Klimaforschung zu belegen und diese damit zu diskreditieren: Der Klimaforscher Hans-Joachim Schellenhuber hat selbst einige Inlandsfl\u00fcge get\u00e4tigt, obwohl er sich eigentlich f\u00fcr deren Verbot ausgesprochen hatte.<\/p>\n<p>Als ich dann anmerkte, dass die <em>Achse des Guten<\/em> bestimmt keine seri\u00f6se Quelle ist, und fragte, ob dann demn\u00e4chst auch etwas aus der rechtsextremen <em>Jungen Freiheit<\/em> von ihr verlinkt w\u00fcrde, reagierte die Dame sehr pikiert. Ich h\u00e4tte ihr gar nichts zu vorzuschreiben auf ihrer Wall (was ich ja auch nicht gemacht habe), und au\u00dferdem w\u00e4re ich ja offenbar nur zu bl\u00f6d, zu verstehen, warum sie solche Artikel teilen w\u00fcrde, denn schlie\u00dflich w\u00fcrde dieses skandal\u00f6se Verhalten sonst nirgends thematisiert.<\/p>\n<p>Nun denn, eine nicht einmal 20 Sekunden dauernde Suche im Internet f\u00fchrte mich dann zu einem <a href=\"https:\/\/www.rnd.de\/politik\/klimaforscher-hans-joachim-schellnhuber-im-interview-warum-fliegen-sie-von-berlin-nach-muenchen-3YY6KPIZZFASLFXEF2JBK7GW7M.html\" target=\"_blank\" rel=\"noopener\">Interview mit Hans-Joachim Schellenhuber<\/a>, das vom RedaktionsNetzwerk Deutschland zu genau dem Thema gef\u00fchrt wurde. Nur hat er da eben die M\u00f6glichkeit, sein Verhalten zu erl\u00e4utern, und es ist keine plumpe Diffamierung wie im Artikel von der <em>Achse des Guten<\/em>. Was mich dann zu dem Schluss kommen l\u00e4sst, dass es meiner Facebook-Freundin gar nicht darum ging, diesen Sachverhalt zu diskutieren, sondern allein Emp\u00f6rung zu verbreiten, um damit dann unterschwellig (was ja ein best\u00e4ndigen Anliegen von rechten Hetzportalen ist) (Klima-)Wissenschaft zu diskreditieren.<\/p>\n<p>Da ist sie also sch\u00f6n \u00fcber das St\u00f6ckchen gesprungen, was ihr von Broder und Co. hingehalten wurde.<\/p>\n<p>Das Problem war nun, dass sich auch ihr Kommunikationsverhalten sehr an Rechtslastige angepasst hat. Sie zeterte n\u00e4mlich per pers\u00f6nlicher Nachricht im Messenger los, ich solle mich bei ihr entschuldigen, sonst w\u00fcrde sie mich von ihrer Wall kicken, die ja nur f\u00fcr privilegierte Leute sei (und f\u00fcr die ich ihrer Ansicht nach &#8211; wie schon gesagt &#8211; wohl nur zu bl\u00f6d sei). Sich bei Kritik gleich erst mal selbst als Opfer sehen und den Kritiker als ahnungslosen Trottel darstellen &#8211; das kennt man ja zur Gen\u00fcge von AfD-J\u00fcngern und \u00e4hnlichen rechten Gestalten. Das scheint also irgendwie bei der fortw\u00e4hrenden Nutzung rechter Websites auf sie abgef\u00e4rbt zu haben.<\/p>\n<p>Ich hab dann die Facebook-Freundschaft (pers\u00f6nlich sind wir uns nie begegnet) von meiner Seite aus beendet, denn irgendwie habe ich in meiner Freizeit keine Lust, auf die Suche nach verlorenem Hopfen und Malz zu gehen.<\/p>\n<p>\u00dcber die pers\u00f6nliche Ebene hinweg ist das allerdings eine Paradebeispiel daf\u00fcr, wie rechte Portale im Netz agitieren: Man &#8222;fischt&#8220; sich User, indem Dinge thematisiert werden, die nicht explizit rechts oder rechtsextrem sind, die aber auf eine skandalisierende Weise pr\u00e4sentiert werden. Das f\u00fchrt dann dazu, dass diese User \u00f6fter mal auf den rechten Seiten sind, vielleicht sogar denen in sozialen Medien folgen und so dann immer wieder Inhalte von diesen angezeigt bekommen. Und dann eben auch zu politisch eindeutigeren Themen. Wenn dann auch noch entsprechende Kommentare aus der Filterblase dieser Hetzseiten gelesen werden, dann erscheint das Ganze noch mal schl\u00fcssiger &#8211; und auf einmal teilt jemand, der eigentlich gar nichts mit rechtem Denken am Hut hat, rechte Hetze.<\/p>\n<p>Das ist kein ganz neues Prinzip, denn die BILD macht das beispielsweise schon seit Jahren so. Jeder von Euch kennt vermutlich jemanden, der mal meinte, dass er in der BILD ja &#8222;nur den guten Sportteil&#8220; lesen w\u00fcrde. Der ist auch in der Tat sehr ausf\u00fchrlich, nur ist eben auch dabei das Problem: Wenn man das Blatt erst mal in der Hand hat, ist die Gefahr auch sehr gro\u00df, dass man eben nicht nur den Sportteil anschaut, sondern auch was von dem restlichen Schmutz, der einem da pr\u00e4sentiert wird, liest.<\/p>\n<p>Und dann bleibt immer auch etwas davon haften, wenn man es nicht gleich kritisch hinterfragt oder es eben auch irgendwie ins eigene, teilweise auch nur latent ausgepr\u00e4gte, Weltbild passt.<\/p>\n<p>Nat\u00fcrlich gibt es auch vermeintlich seri\u00f6se Medien, die sich f\u00fcr als Journalismus getarnte Werbung hergeben, die eine bestimmte Agenda verfolgen und daher einseitig berichten (das war w\u00e4hrend der Corona-Pandemie zu beobachten, genauso wie das jetzt beim Ukraine-Krieg wieder der Fall ist) oder die schlichtweg Unfug schreiben, weil nicht gut recherchiert wurde (oder werden sollte). Aber das ist ja auch das Gute am Internet: Wenn ich irgendwo etwas lese, was ich zwar interessant finde, was mir aber irgendwie seltsam vorkommt, dann habe ich die M\u00f6glichkeit, andere Quellen heranzuziehen und zu schauen, was sich dort zu dem Thema findet.<\/p>\n<p>Wenn das, im Fall von Zeug, was auf rechten Hetzportalen steht, nirgends anders als in dieser Filterblase zu finden ist, dann kann man davon ausgehen, dass da auch nicht wirklich was dran ist oder dass das Ganze, wie im oben geschilderten Fall von Hans-Joachim Schellenhuber, zumindest manipulativ verfasst wurde, um eine bestimmte Intention zu verfolgen.<\/p>\n<p>Um das zu durchschauen, muss man im Grunde auch gar keine ausgewiesene Medienexpertise besitzen. Dass allerdings auch durchaus intelligente Menschen dieser Masche auf den Leim gehen, zeigt, mit welche harten Bandagen mittlerweile im \u00f6ffentlichen Diskurs agiert wird. Und dass es zunehmend darum geht, Best\u00e4tigung der eigenen Ansichten zu finden, als sich tats\u00e4chlich argumentativ auszutauschen. Genau das wird leider von rechten Agitatoren ausgenutzt, und das auch noch recht gekonnt.<\/p>\n<p>Hierin liegt bestimmt auch ein Grund f\u00fcr den immer deutlicher wahrnehmbaren Rechtsruck in immer mehr eigentlich liberalen Demokratien.<\/p>\n","protected":false},"excerpt":{"rendered":"<p>Gerade konnte ich in meinem pers\u00f6nlichen Umfeld bei Facebook beobachten, wie gut leider rechte Agitation funktioniert, wenn sie erst mal einen Aufh\u00e4nger bei nicht Rechten gefunden hat.<\/p>\n","protected":false},"author":3,"featured_media":0,"comment_status":"open","ping_status":"open","sticky":false,"template":"","format":"standard","meta":{"footnotes":""},"categories":[67,50,52],"tags":[1072,288,487],"class_list":["post-27377","post","type-post","status-publish","format-standard","hentry","category-medial-manipulatives","category-politisches","category-soziales","tag-identitaetspolitik","tag-rechtsruck","tag-teile-und-herrsche"],"_links":{"self":[{"href":"https:\/\/www.unterstroemt.de\/index.php?rest_route=\/wp\/v2\/posts\/27377","targetHints":{"allow":["GET"]}}],"collection":[{"href":"https:\/\/www.unterstroemt.de\/index.php?rest_route=\/wp\/v2\/posts"}],"about":[{"href":"https:\/\/www.unterstroemt.de\/index.php?rest_route=\/wp\/v2\/types\/post"}],"author":[{"embeddable":true,"href":"https:\/\/www.unterstroemt.de\/index.php?rest_route=\/wp\/v2\/users\/3"}],"replies":[{"embeddable":true,"href":"https:\/\/www.unterstroemt.de\/index.php?rest_route=%2Fwp%2Fv2%2Fcomments&post=27377"}],"version-history":[{"count":10,"href":"https:\/\/www.unterstroemt.de\/index.php?rest_route=\/wp\/v2\/posts\/27377\/revisions"}],"predecessor-version":[{"id":27409,"href":"https:\/\/www.unterstroemt.de\/index.php?rest_route=\/wp\/v2\/posts\/27377\/revisions\/27409"}],"wp:attachment":[{"href":"https:\/\/www.unterstroemt.de\/index.php?rest_route=%2Fwp%2Fv2%2Fmedia&parent=27377"}],"wp:term":[{"taxonomy":"category","embeddable":true,"href":"https:\/\/www.unterstroemt.de\/index.php?rest_route=%2Fwp%2Fv2%2Fcategories&post=27377"},{"taxonomy":"post_tag","embeddable":true,"href":"https:\/\/www.unterstroemt.de\/index.php?rest_route=%2Fwp%2Fv2%2Ftags&post=27377"}],"curies":[{"name":"wp","href":"https:\/\/api.w.org\/{rel}","templated":true}]}}