{"id":28206,"date":"2024-01-14T19:45:06","date_gmt":"2024-01-14T18:45:06","guid":{"rendered":"https:\/\/www.unterstroemt.de\/?p=28206"},"modified":"2024-01-14T19:45:06","modified_gmt":"2024-01-14T18:45:06","slug":"interessantes-aus-kw-2-2024","status":"publish","type":"post","link":"https:\/\/www.unterstroemt.de\/?p=28206","title":{"rendered":"Interessantes aus KW 2\/2024"},"content":{"rendered":"<p>An dieser Stelle pr\u00e4sentieren wir regelm\u00e4\u00dfig Links, die wir unter der Woche entdeckt haben, zu denen wir selbst nicht mehr viel schreiben m\u00fcssen und die wir teilenswert finden. Viel Spa\u00df beim Lesen und Anschauen!<\/p>\n<p>1. Neonazis, Identit\u00e4re, hochrangige AfD-Mitglieder, ein paar Verm\u00f6gende sowie Leute aus CDU-nahen Verb\u00e4nden treffen sich in einem Hotel in Potsdam, um dort verfassungsfeindliche Pl\u00e4ne zu schmieden, wie denn alle unerw\u00fcnschten Ausl\u00e4nder bei der Macht\u00fcbernahme einer rechten Regierung des Landes verwiesen werden k\u00f6nnen. Klingt abenteuerlich? Ist aber leider Realit\u00e4t, wie aus einem <a href=\"https:\/\/correctiv.org\/aktuelles\/neue-rechte\/2024\/01\/10\/geheimplan-remigration-vertreibung-afd-rechtsextreme-november-treffen\/\" target=\"_blank\" rel=\"noopener\">Rechercheartikel von <em>Correctiv<\/em><\/a> hervorgeht. Damit d\u00fcrften dann wohl endg\u00fcltig klar sein, dass uns bei einem weiteren Rechtsruck nichts Gutes zu erwarten h\u00e4tte. Erschreckend &#8211; aber leider auch nicht \u00fcberraschend. [Karl]<\/p>\n<p>2. Ein weiteres Treffen von Rechtsradikalen (darunter Martin Sellner von den Identit\u00e4ren und der Verleger und Strippenzieher der rechten Szene G\u00f6tz Kubitschek) fand laut einem <a href=\"https:\/\/www.spiegel.de\/politik\/deutschland\/peter-kurth-cdu-politiker-war-gastgeber-fuer-rechtsextreme-a-f3d92242-c607-4fa3-8c33-35fdd6027072\" target=\"_blank\" rel=\"noopener\">Artikel auf <em>Spiegel Online<\/em><\/a> im Juli letzten Jahres in Berlin statt &#8211; in der Wohnung des fr\u00fcheren Berliner Finanzsenators Peter Kurth (damals noch CDU, jetzt wohl nicht mehr). Darauf angesprochen, wird Kurth (wenig \u00fcberraschend) sehr schwammig, aber es zeigt, dass sich die Rechtsextremisten formieren und organisieren &#8211; und dass sie auch in der CDU und deren Umfeld zu finden sind. [Karl]<\/p>\n<p>3. Auf <em>Spiegel Online<\/em> findet sich ein interessantes <a href=\"https:\/\/www.spiegel.de\/panorama\/justiz\/schmerzgriffe-der-polizei-fuer-die-betroffenen-kann-so-ein-einsatz-gravierende-folgen-haben-a-27bb9206-bb10-448d-9057-8a42ba292770\" target=\"_blank\" rel=\"noopener\">Interview mit der Kriminologin Hannah Espin Grau<\/a> zum Thema Gewaltanwendung durch die Polizei. Hierbei wird vor allem auf die sogenannten Schmerzgriffe fokussiert, die mittlerweile als &#8222;mildes Mittel&#8220; recht h\u00e4ufig angewendet werden, f\u00fcr die Betroffenen aber durchaus schwerwiegende Folgen haben k\u00f6nnen. Was generell auch wieder mitschwingt: Es fehlt in Deutschland einfach eine Kontrollinstanz, die sich mit Polizeigewalt befasst und diese auch sanktionieren kann. [Karl]<\/p>\n<p>4. Maurice H\u00f6fgen befasst sich in einem <a href=\"https:\/\/www.geldfuerdiewelt.de\/p\/burgergeld-wie-sich-die-spd-von-rechten\" target=\"_blank\" rel=\"noopener\">Artikel seines Blogs <em>Geld f\u00fcr die Welt<\/em><\/a> mit dem Gesetzesentwurf von Bundesarbeitsminister Hubertus Heil (SPD) zum B\u00fcrgergeld. Wie immer analysiert H\u00f6fgen sehr kompetent und zahlensicher, dass durch dieses Gesetz nichts gewonnen, aber viel verloren wird, da sich Heil vor allem von Merz, Weidel, BILD und anderen rechts-neoliberalen Hetzern treiben lie\u00df, wobei das vor allem den Blaubraunen Zulauf von frustrierten W\u00e4hlern aus der Arbeiterschaft bescheren d\u00fcrfte. Die Sanktionen werden also zuk\u00fcnftig versch\u00e4rft, wenn man keine &#8222;zumutbare&#8220; (wie auch immer das genau definiert wird) Arbeit annimmt. Das ist \u00fcbelster Sozialdarwinismus, einhergehend mit einer Verunglimpfung aller B\u00fcrgergeldempf\u00e4nger. Und so was von der SPD &#8230; [Karl]<\/p>\n<p>5. Abw\u00e4rme aus M\u00fcllverbrennungsanlagen gilt seit diesem Jahr in Deutschland als gr\u00fcne Energie. Die Begr\u00fcndung: Die Abf\u00e4lle sind unvermeidbar, sodass es am sinnvollsten ist, daraus Energie zu gewinnen. Das sieht man in einer <a href=\"https:\/\/www.bund.net\/themen\/aktuelles\/detail-aktuelles\/news\/warum-wir-weiter-sinnlos-muell-verbrennen\/\" target=\"_blank\" rel=\"noopener\">Meldung vom <em>BUND<\/em><\/a> allerdings ein bisschen anders, denn im Restm\u00fcll finden sich viele Stoffe, die recycelt werden k\u00f6nnten, sodass der geplante Neubau von M\u00fcllverbrennungsanlagen einer angestrebten Kreislaufwirtschaft sehr im Wege st\u00fcnde. M\u00fcllvermeidung und konsequentere M\u00fclltrennung w\u00e4ren also deutlich sinnvoller, als nicht sauberer Energie einen gr\u00fcnen Anstrich zu verpassen. [Karl]<\/p>\n<p>6. Harry Nutt wirft in einem <a href=\"https:\/\/www.berliner-zeitung.de\/kultur-vergnuegen\/kulturelle-aneignung-freiheit-fuer-mr-bojangles-wie-weiter-beim-thema-li.2173442\" target=\"_blank\" rel=\"noopener\">Artikel in der <em>Berliner Zeitung<\/em><\/a> einen recht differenzierten Blick auf das viel diskutierte Ph\u00e4nomen der kulturellen Aneignung. Dabei zeigt er an einigen Beispielen auf, dass Kultur schon immer so funktioniert hat, dass Aspekte verschiedenen kulturellen Ursprungs zu etwas Neuem zusammengef\u00fchrt wurden. Wichtig sei dabei vor allem der Respekt, mit dem sich diejenigen mit unterschiedlichen Backgrounds begegnen. Eine sehr angemessene und unaufgeregte Sichtweise, die ich mir auch f\u00fcr weite Teile des \u00f6ffentlichen Diskurses zu dem Thema w\u00fcnschen w\u00fcrde. [Karl]<\/p>\n<p>7. An der spanischen Mittelmeerk\u00fcste sind Millionen von kleine Plastikk\u00fcgelchen angeschwemmt worden. Der Grund laut einem <a href=\"https:\/\/www.tagesschau.de\/ausland\/spanien-straende-plastik-100.html\" target=\"_blank\" rel=\"noopener\">Artikel auf <em>tagesschau.de<\/em><\/a>: Mehrere Container wurden bei einem Sturm von einem Frachtschiff gesp\u00fclt, sodass die K\u00fcgelchen freigesetzt wurden. Das Ganze ist f\u00fcr die \u00f6rtliche Faune dann nicht ganz so toll, aber das interessiert vermutlich von den Verursachern niemanden so wirklich. [Karl]<\/p>\n","protected":false},"excerpt":{"rendered":"<p>An dieser Stelle pr\u00e4sentieren wir regelm\u00e4\u00dfig Links, die wir unter der Woche entdeckt haben, zu denen wir selbst nicht mehr viel schreiben m\u00fcssen und die wir teilenswert finden. Viel Spa\u00df beim Lesen und Anschauen!<\/p>\n","protected":false},"author":5,"featured_media":0,"comment_status":"open","ping_status":"open","sticky":false,"template":"","format":"standard","meta":{"footnotes":""},"categories":[193],"tags":[],"class_list":["post-28206","post","type-post","status-publish","format-standard","hentry","category-woechentliches"],"_links":{"self":[{"href":"https:\/\/www.unterstroemt.de\/index.php?rest_route=\/wp\/v2\/posts\/28206","targetHints":{"allow":["GET"]}}],"collection":[{"href":"https:\/\/www.unterstroemt.de\/index.php?rest_route=\/wp\/v2\/posts"}],"about":[{"href":"https:\/\/www.unterstroemt.de\/index.php?rest_route=\/wp\/v2\/types\/post"}],"author":[{"embeddable":true,"href":"https:\/\/www.unterstroemt.de\/index.php?rest_route=\/wp\/v2\/users\/5"}],"replies":[{"embeddable":true,"href":"https:\/\/www.unterstroemt.de\/index.php?rest_route=%2Fwp%2Fv2%2Fcomments&post=28206"}],"version-history":[{"count":8,"href":"https:\/\/www.unterstroemt.de\/index.php?rest_route=\/wp\/v2\/posts\/28206\/revisions"}],"predecessor-version":[{"id":28254,"href":"https:\/\/www.unterstroemt.de\/index.php?rest_route=\/wp\/v2\/posts\/28206\/revisions\/28254"}],"wp:attachment":[{"href":"https:\/\/www.unterstroemt.de\/index.php?rest_route=%2Fwp%2Fv2%2Fmedia&parent=28206"}],"wp:term":[{"taxonomy":"category","embeddable":true,"href":"https:\/\/www.unterstroemt.de\/index.php?rest_route=%2Fwp%2Fv2%2Fcategories&post=28206"},{"taxonomy":"post_tag","embeddable":true,"href":"https:\/\/www.unterstroemt.de\/index.php?rest_route=%2Fwp%2Fv2%2Ftags&post=28206"}],"curies":[{"name":"wp","href":"https:\/\/api.w.org\/{rel}","templated":true}]}}