{"id":28297,"date":"2024-01-28T10:13:35","date_gmt":"2024-01-28T09:13:35","guid":{"rendered":"https:\/\/www.unterstroemt.de\/?p=28297"},"modified":"2024-01-28T10:13:35","modified_gmt":"2024-01-28T09:13:35","slug":"interessantes-aus-kw-4-2024","status":"publish","type":"post","link":"https:\/\/www.unterstroemt.de\/?p=28297","title":{"rendered":"Interessantes aus KW 4\/2024"},"content":{"rendered":"<p>An dieser Stelle pr\u00e4sentieren wir regelm\u00e4\u00dfig Links, die wir unter der Woche entdeckt haben, zu denen wir selbst nicht mehr viel schreiben m\u00fcssen und die wir teilenswert finden. Viel Spa\u00df beim Lesen und Anschauen!<\/p>\n<p>1. Die USA sind ein bunter Haufen von Staaten, die teilweise komplett gegens\u00e4tzliche Ans\u00e4tze in Sachen Gesetzgebung und Liberalit\u00e4t haben. Teilweise haben einzelne St\u00e4dte auch komplett andere Wertvorstellungen als der sie umgebende Bundesstaat. So hat New York nun \u201esocial media\u201c als gesundheitsgef\u00e4hrdend f\u00fcr Jugendliche eingestuft und versucht entsprechend pr\u00e4ventiv zu handeln, wie <em>heise<\/em> in seinem <a href=\"https:\/\/heise.de\/-9608580\" target=\"_blank\" rel=\"noopener\">Blog berichtet<\/a>. Au\u00dferdem sollten Eltern ihren Kindern die Nutzung eines Smartphones erst ab 14 Jahren erlauben, so die offizielle Empfehlung. Als Stadt k\u00f6nnen dort keine Gesetze erlassen werden, aber entsprechende Informationskampagnen werden initiiert, und das finde ich schon sehr progressiv und sinnvoll. Auch wenn die abnehmende psychische Gesundheit der Jugendlichen sicherlich nicht nur auf das Smartphone zu reduzieren ist, so ist das trotzdem eine gesunde Einsicht &#8211; und Informieren statt Verbieten wirkt auch nicht gleich so repressiv. [Dirk]<\/p>\n<p>2. Der \u00d6konom Adam Posen (USA) sieht die derzeitige deutsche Wirtschaftspolitik sehr kritisch, wie aus einem <a href=\"https:\/\/www.n-tv.de\/politik\/US-Okonom-verstoert-vom-Kurs-der-Ampel-article24670450.html\" target=\"_blank\" rel=\"noopener\">Artikel von <em>ntv<\/em><\/a> hervorgeht. Das Festhalten an der Schuldenbremse sei seiner Ansicht nach totaler Unfug, zumal in einer Rezession, und w\u00fcrde absehbar weiter die AfD st\u00e4rken. Und w\u00e4hrenddessen vergammelt die deutsche Infrastruktur immer weiter &#8230; aber leider hat man sich ja in Regierungskreisen (und auch in weiten Teilen der Opposition) dazu entschlossen, lieber betonk\u00f6pfig an der eigenen gescheiterten Ideologie festzuhalten, als mal auf solche Fachleute wie Posen zu h\u00f6ren. [Karl]<\/p>\n<p>3. Oliver David \u00e4u\u00dfert sich in einem <a href=\"https:\/\/taz.de\/Umverteilung-gegen-Armut\/!5982912\/\" target=\"_blank\" rel=\"noopener\">Kommentar in der <em>taz<\/em><\/a> skeptisch \u00fcber die gerade viel gefeierte R\u00fcckverteilung ihres Verm\u00f6gens durch die Millionenerbin Marlene Engelhorn. Das Problem beginnt n\u00e4mlich schon viel fr\u00fcher, so David, n\u00e4mlich wenn Reiche sich einen immer gr\u00f6\u00dferen Anteil an dem, was andere erarbeiten, einverleiben. Insofern sei es zwar lobenswert, was Engelhorn plant, allerdings d\u00fcrfte das zu einen nicht die Regel werden und findet ja zudem nach den Vorgaben desjenigen statt, der sich sein Verm\u00f6gen erst angeeignet hat und dann sp\u00e4ter etwas davon zur\u00fcckgeben m\u00f6chte. Interessante Gedanken, wie ich finde. [Karl]<\/p>\n<p>4. Star Trek kennt wahrscheinlich so gut wie jeder. Simon Tyrie wirft nun in einem <a href=\"https:\/\/jacobin.de\/artikel\/star-trek-picard-kirk-scifi-postkapitalismus\" target=\"_blank\" rel=\"noopener\">Artikel auf <em>Jacobin<\/em><\/a> mal einen Blick auf die politische Dimension der Science-Fiction-Serie und zeigt auf, dass darin einen sehr antikapitalistische Utopie entworfen wird. Und diese tr\u00e4gt auch reichlich fruchtbare Bl\u00fcten, da n\u00e4mlich Technologie zum Vorteil aller genutzt wird und kooperatives, solidarisches Handeln beim L\u00f6sen von Problemen im Vordergrund steht. Wie Mister Spock sagen w\u00fcrde: faszinierend! [Karl]<\/p>\n<p>5. Dieser Tage wird ja viel gegen Rechtsextremismus demonstriert in Deutschland. Wenig \u00fcberraschend ist die Reaktion der AfD darauf: Man keift, dass die Bilder gefakt und mittels KI so bearbeitet seien, dass es so wirkt, als w\u00e4ren viel mehr Menschen auf der Stra\u00dfe gewesen, als es tats\u00e4chlich der Fall war. Ein <a href=\"https:\/\/www.swr3.de\/aktuell\/fake-news-check\/hamburg-demo-bilder-gefaelscht-100.html\" target=\"_blank\" rel=\"noopener\">Faktencheck von <em>SWR3<\/em><\/a> entlarvt diese Aussagen nun als das, was sie tats\u00e4chlich sind: das j\u00e4mmerliche Gekl\u00e4ffe von getroffenen K\u00f6terchen, das jeder realistischen Grundlage entbehrt, indem man selbst selektive und teilweise auch einfach bewusst nicht zutreffende Quellen heranzieht. Erb\u00e4rmlich, aber eben von Blaubraunen auch so nicht anders zu erwarten. [Karl]<\/p>\n<p>6. Es gibt mal wieder Neues (und leider \u00dcbliches) vom Cum-Ex-Fall um Olaf Scholz und die Warburg-Bank zu berichten. Laut einem <a href=\"https:\/\/www.t-online.de\/nachrichten\/deutschland\/innenpolitik\/id_100321264\/olaf-scholz-im-cum-ex-skandal-so-schuetzt-die-bundesregierung-den-kanzler.html\" target=\"_blank\" rel=\"noopener\">Artikel auf <em>t-online<\/em><\/a> wird es n\u00e4mlich immer offensichtlicher, dass Scholz und seine Schergen aus dem Finanzministerium auf undemokratische Weise verhindern wollen, dass die Wahrheit ans Licht kommt. So werden Dokumente an Oppositionspolitiker nicht herausgegeben, obwohl es deren Recht ist, Einblick darin zu bekommen. Dass Scholz mit seinen Erinnerungsl\u00fccken gelogen hat, ist ja mittlerweile hinreichend zu erkennen &#8211; und das Verhindern weiterer Aufkl\u00e4rung zeigt dann auch, dass da wohl was verborgen werden soll. So schafft man weiteres Misstrauen in die Politik &#8211; etwas, das wir gerade so gar nicht brauchen k\u00f6nnen. [Karl]<\/p>\n<p>7. Im Internet geben wir oft unachtsam viele Dinge von uns preis. Dass vermeintlich harmlose Angebote durchaus auch zu ernsthaften unangenehmen Folgen f\u00fcr die Nutzer f\u00fchren k\u00f6nnen, zeigt ein <a href=\"https:\/\/www.mimikama.org\/wie-wuerdest-du-als-hippie-aussehen\/\" target=\"_blank\" rel=\"noopener\">Artikel von <em>Mimikama<\/em><\/a> auf. Am Beispiel von einem Anbieter, bei dem man Fotos hochladen kann, um dann zu sehen, wie man als Hippie aussehen w\u00fcrde, wird das dargestellt, denn dieser Anbieter hat weder ein Impressum noch eine Datenschutzrichtlinie, sodass mit dem Bild sonst was alles angestellt werden kann. Also: Augen auf beim Eierkauf &#8211; und am besten nicht jeden &#8222;lustigen&#8220; Bl\u00f6dsinn im Netz mitmachen. [Karl]<\/p>\n<p>8. Dass die Klimakrise eine gro\u00dfe Bedrohung der Menschheit ist, hat sich ja bei allen nicht komplett verbl\u00f6deten Menschen mittlerweile rumgesprochen. Davon abgesehen, sind die zu erwartenden Folgen auch extrem teuer, wie ein Bericht des Weltwirtschaftsforums (WEF) feststellt. Ein <a href=\"https:\/\/www.rnd.de\/wissen\/klimawandel-viele-tote-hohe-verluste-welche-folgen-die-erderwaermung-hat-ELS6L24K5FHWHNOWKC75L2UH3U.html\" target=\"_blank\" rel=\"noopener\">Artikel des <em>RedaktionsNetzwerks Deutschland<\/em><\/a> fasst dessen wichtigste Ergebnisse zusammen, sodass klar wird: Die Aussage, wir k\u00f6nnten uns keinen Klimaschutz leisten, bedeutet nichts anderes, als dass wir die enormen Kosten in die Zukunft verlagern &#8211; mal von den zahlreichen Menschenleben, die das kosten wird, ganz abgesehen. [Karl]<\/p>\n<p>9. Tobias Huch, Unternehmer und in der FDP, hat in der <em>J\u00fcdischen Allgemeinen<\/em> einen Kommentar geschrieben, in dem er die vom israelischen Milit\u00e4r in Gaza get\u00f6teten Zivilisten als &#8222;nicht unschuldig&#8220; bezeichnet und somit ihre Ermordung gerechtfertigt hat. Wie gut, dass die Zeitung nun auch eine <a href=\"https:\/\/www.juedische-allgemeine.de\/politik\/zivilisten-sind-zivilisten-auch-in-gaza\/\" target=\"_blank\" rel=\"noopener\">Erwiderung von Ronen Steinke<\/a> auf diesen menschenverachtenden M\u00fcll ver\u00f6ffentlicht, in dem er aufzeigt, dass Huch mit unseri\u00f6sem und populistischem Schwarzwei\u00dfdenken arbeitet, das mit der Realit\u00e4t der Menschen in Gaza nichts zu tun hat &#8211; zumal ein sehr hoher Anteil der Opfer tats\u00e4chlich Kinder sind. Kombattanten und Zivilisten in einem Krieg deutlich zu unterscheiden sei zudem, so Steinke, ein Zeichen von Zivilisiertheit &#8211; und die scheint Huch wohl komplett abzugehen. [Karl]<\/p>\n<p>10. Ein <a href=\"https:\/\/netzpolitik.org\/2024\/geheimtreffen-in-potsdam-braune-it-und-rechte-influencer\/\" target=\"_blank\" rel=\"noopener\">Artikel von <em>Netzpolitik.org<\/em><\/a> besch\u00e4ftigt sich mit zwei Teilnehmern des Geheimtreffens von Rechtsradikalen im Potsdam, dessen Bekanntwerden gerade gro\u00dfe Wellen schl\u00e4gt und zahlreiche Demonstrationen gegen Rechts ausgel\u00f6st hat. Dabei bekommt man einen guten Einblick in die Netzwerke von solchen Leuten, in diesem Fall vom IT-Unternehmer Christoph Hofer und von Arne Friedrich M\u00f6rig, Sohn des Gastgebers. Und wie man anhand der Updates des Artikels sehen kann, haben diese Recherchen auch schon Auswirkungen, denn Hofer soll nun der ThExAward, den er 2021 erhalten hat, aberkannt werden aufgrund seiner rechtsextremen Umtriebe. Gut so! [Karl]<\/p>\n<p>11. Bernd Raffelh\u00fcschen, der Versicherungsvertreter mit Professorentitel, der ma\u00dfgeblichen Anteil an der Demontage der Rente in Deutschland hatte, hat als Vorstand der <em>Stiftung Marktwirtschaft<\/em> eine Studie zu verantworten, die feststellt, dass Migranten ein besonders hoher finanzieller Verlust f\u00fcr Deutschland sind. Daran ist zwar nichts richtig, wie Marcel Fratzscher in seiner <a href=\"https:\/\/www.zeit.de\/wirtschaft\/2024-01\/migration-kosten-gesellschaft-studie-stiftung-marktwirtschaft\" target=\"_blank\" rel=\"noopener\">Kolumne auf <em>Zeit Online<\/em><\/a> feststellt, da eine Betrachtung, wie sie der Studie zugrunde liegt, eindimensional und realit\u00e4tsfern ist, aber dennoch d\u00fcrfte das wieder Futter f\u00fcr rassistische Hetze von Rechtsau\u00dfen sein. Woran man wieder mal sieht, wie gut Neoliberalismus und Rechtsextremismus zusammenpassen. [Karl]<\/p>\n","protected":false},"excerpt":{"rendered":"<p>An dieser Stelle pr\u00e4sentieren wir regelm\u00e4\u00dfig Links, die wir unter der Woche entdeckt haben, zu denen wir selbst nicht mehr viel schreiben m\u00fcssen und die wir teilenswert finden. Viel Spa\u00df beim Lesen und Anschauen!<\/p>\n","protected":false},"author":5,"featured_media":0,"comment_status":"open","ping_status":"open","sticky":false,"template":"","format":"standard","meta":{"footnotes":""},"categories":[193],"tags":[],"class_list":["post-28297","post","type-post","status-publish","format-standard","hentry","category-woechentliches"],"_links":{"self":[{"href":"https:\/\/www.unterstroemt.de\/index.php?rest_route=\/wp\/v2\/posts\/28297","targetHints":{"allow":["GET"]}}],"collection":[{"href":"https:\/\/www.unterstroemt.de\/index.php?rest_route=\/wp\/v2\/posts"}],"about":[{"href":"https:\/\/www.unterstroemt.de\/index.php?rest_route=\/wp\/v2\/types\/post"}],"author":[{"embeddable":true,"href":"https:\/\/www.unterstroemt.de\/index.php?rest_route=\/wp\/v2\/users\/5"}],"replies":[{"embeddable":true,"href":"https:\/\/www.unterstroemt.de\/index.php?rest_route=%2Fwp%2Fv2%2Fcomments&post=28297"}],"version-history":[{"count":14,"href":"https:\/\/www.unterstroemt.de\/index.php?rest_route=\/wp\/v2\/posts\/28297\/revisions"}],"predecessor-version":[{"id":28312,"href":"https:\/\/www.unterstroemt.de\/index.php?rest_route=\/wp\/v2\/posts\/28297\/revisions\/28312"}],"wp:attachment":[{"href":"https:\/\/www.unterstroemt.de\/index.php?rest_route=%2Fwp%2Fv2%2Fmedia&parent=28297"}],"wp:term":[{"taxonomy":"category","embeddable":true,"href":"https:\/\/www.unterstroemt.de\/index.php?rest_route=%2Fwp%2Fv2%2Fcategories&post=28297"},{"taxonomy":"post_tag","embeddable":true,"href":"https:\/\/www.unterstroemt.de\/index.php?rest_route=%2Fwp%2Fv2%2Ftags&post=28297"}],"curies":[{"name":"wp","href":"https:\/\/api.w.org\/{rel}","templated":true}]}}