{"id":28428,"date":"2024-02-25T16:07:20","date_gmt":"2024-02-25T15:07:20","guid":{"rendered":"https:\/\/www.unterstroemt.de\/?p=28428"},"modified":"2024-03-04T10:27:10","modified_gmt":"2024-03-04T09:27:10","slug":"interessantes-aus-kw-8-2024","status":"publish","type":"post","link":"https:\/\/www.unterstroemt.de\/?p=28428","title":{"rendered":"Interessantes aus KW 8\/2024"},"content":{"rendered":"<p>An dieser Stelle pr\u00e4sentieren wir regelm\u00e4\u00dfig Links, die wir unter der Woche entdeckt haben, zu denen wir selbst nicht mehr viel schreiben m\u00fcssen und die wir teilenswert finden. Viel Spa\u00df beim Lesen und Anschauen!<\/p>\n<p>1. Anke Engelke hat ein Kinderbuch geschrieben bzw. den bekannten Klassiker &#8222;Die H\u00e4schenschule&#8220; ein bisschen aktualisiert. So ist darin nicht mehr der Fuchs der Feind der H\u00e4schen, sondern der Mensch der gemeinsame Feind von beiden &#8211; was ja eigentlich auch ziemlich gut zutreffend ist. Was folgt, war leider abzusehen: ein Shitstorm von Landwirten, die sich nun verunglimpft f\u00fchlen, da Giftspritzerei und M\u00e4hdrescher sehr gef\u00e4hrlich f\u00fcr die Tiere sind. Und nat\u00fcrlich springe auch gleich wieder rechte Spinner mit auf den Zug auf, was mittlerweile, wie aus einem <a href=\"https:\/\/www.deutschlandfunkkultur.de\/kinderbuch-shitstorm-anke-engelke-landwirte-hassmails-100.html\" target=\"_blank\" rel=\"noopener\">Artikel von <em>Deutschlandfunk Kultur<\/em><\/a> hervorgeht, leider immer wieder passiert, wenn Kinderb\u00fccher moderne Inhalte vermitteln. Was f\u00fcr ein Trauerspiel, dass das rechte Pack immer ungenierter immer lauter wird. [Karl]<\/p>\n<p>2. Auf <em>\u00dcber Medien<\/em> findet sich ein circa neunmin\u00fctiges <a href=\"https:\/\/uebermedien.de\/92427\/wie-ein-youtuber-dem-zdf-ohne-beweise-manipulation-unterstellt\/\" target=\"_blank\" rel=\"noopener\">Video von Mats Sch\u00f6nauer<\/a>, der sich mit Anschuldigungen gegen das ZDF, die von YouTubern erhoben wurden, auseinandersetzt. Es wurde n\u00e4mlich verbreitet, dass das ZDF einen Demonstranten in eine Bauerndemo eingeschleust h\u00e4tte, um die Protestierenden zu diskreditieren. Nun hat Sch\u00f6nauer ein bisschen recherchiert, denn das haben die YouTuber nicht gemacht, und kommt da zu dem ziemlich eindeutigen Ergebnis, dass an dieser Verschw\u00f6rung mit gr\u00f6\u00dfter Wahrscheinlichkeit nichts dran ist. Aber klar: Warum soll man auch recherchieren, wenn man vor allem Hass sch\u00fcren und Klicks generieren m\u00f6chte? [Karl]<\/p>\n<p>3. Der Tochter von Barbara und Walter W. wird vorgeworfen, bei einem gewaltt\u00e4tigen Angriff auf Rechtsextreme in Ungarn beteiligt gewesen zu sein. In einem <a href=\"https:\/\/taz.de\/Eltern-untergetauchter-Linksautonomer\/!5992851\/\" target=\"_blank\" rel=\"noopener\">Interview mit der <em>taz<\/em><\/a> schildern die beiden Eltern, wieso ihre Tochter zurzeit untergetaucht ist und sich einer Verhaftung entzieht: Ihr droht sonst n\u00e4mlich die Ausweisung nach Ungarn, wo sie mit Sicherheit kein faires Verfahren erwarten d\u00fcrfte. Der Prozess w\u00fcrde dort n\u00e4mlich aller Voraussicht nach vor allem unter politischen Vorzeichen gef\u00fchrt werden. Doch die deutsche Strafverfolgung und nat\u00fcrlich auch die BILD stellen sich unreflektiert auf die Seite des ungarischen Orb\u00e0n-Regimes und dessen korrumpierter Justiz. Was f\u00fcr ein Albtraum f\u00fcr diese Familie! [Karl]<\/p>\n<p>4. Es tut sich was auf dem Berliner Wohnungsmarkt: Dort wurde gerade laut einem <a href=\"https:\/\/taz.de\/Urteil-zu-Ferienwohnungen-in-Berlin\/!5990341\/\" target=\"_blank\" rel=\"noopener\">Artikel der <em>taz<\/em><\/a> ein Gerichtsurteil rechtskr\u00e4ftig, dass die Zweckentfremdung von Wohnraum zur touristischen Vermietung auch r\u00fcckwirkend untersagt, sodass nun bald circa 10.000 Wohnungen zur Verf\u00fcgung stehen k\u00f6nnten, um die angespannte Situation auf dem Wohnungsmarkt etwas zu mildern. Einziger Wermutstropfen: Die Wohnungen k\u00f6nnen dann zu Neuvermietungspreisen angeboten werden. Dennoch eine gute Sache, um die Stadt f\u00fcr die Einheimischen lebenswerter zu machen. [Karl]<\/p>\n<p>5. Arne Semsrott von <em>FragDenStaat<\/em> wird gerade von der Staatsanwaltschaft Berlin angeklagt, weil er Ausz\u00fcge aus Dokumenten eines laufenden Ermittlungsverfahrens auf seinem Portal ver\u00f6ffentlich hatte. Ein <a href=\"https:\/\/www.lto.de\/recht\/hintergruende\/h\/anklage-arne-semsrott-frag-den-staat-berlin-staatsanwaltschaft-353-stgb-pressefreiheit\/\" target=\"_blank\" rel=\"noopener\">Artikel von <em>Legal Tribune Online<\/em><\/a> schildert nun, warum Semsrott es auf diese Klage durchaus angelegt hat: Er will n\u00e4mlich zeigen, dass der dieser Anklage zugrunde liegende \u00a7 353d Nr. 3 StGB nicht mehr verfassungsgem\u00e4\u00df sei, da er die Pressefreiheit in unzul\u00e4ssiger Weise beschneiden w\u00fcrde. Da darf man also mal gespannt sein, wie es vor dem Landesgericht Berlin und dann eventuell noch weiteren Instanzen weitergehen wird &#8230; [Karl]<\/p>\n<p>6. Na super! Der AfD-Freund und Steuerfl\u00fcchtling Theo M\u00fcller (M\u00fcllermilch) hat die Firma Landliebe erst aufgekauft, nur um dann kurze Zeit sp\u00e4ter die Betriebsst\u00e4tten dichtzumachen, wie aus einer <a href=\"https:\/\/www.n-tv.de\/wirtschaft\/Molkereiriese-Mueller-schliesst-Landliebe-Standorte-article24753087.html\" target=\"_blank\" rel=\"noopener\">Meldung von <em>ntv<\/em><\/a> hervorgeht. Daran sieht man, dass die Heimatliebe von Rechtsau\u00dfen dann doch nicht so weit geht, als dass sie sich daf\u00fcr den eigenen Profit schm\u00e4lern lassen w\u00fcrden, denn durch M\u00fcllers Gebaren fallen nun ein paar Hundert Arbeitspl\u00e4tze weg. Und die Moral von der Geschicht: Kauf k\u00fcnftig besser Landliebe nicht. [Karl]<\/p>\n<p>7. Eigentlich wollten Bundesregierung und Unionsparteien im Zuge eines gemeinsamen Projekts das Verfassungsgericht vor rechtsextremen \u00dcbernahmeversuchen sch\u00fctzen und das Ganze dann grundgesetzlich verankern. Doch nun machen laut einer <a href=\"https:\/\/www.sueddeutsche.de\/politik\/schutz-bundesverfassungsgericht-karlsruhe-union-blockade-bundesregierung-1.6386257\" target=\"_blank\" rel=\"noopener\">Meldung der <em>S\u00fcddeutschen Zeitung<\/em><\/a> CDU und CSU einen R\u00fcckzieher &#8211; mit, wie ich finde, sehr schwammiger Begr\u00fcndung. Ich vermute ja mal, dass man einen k\u00fcnftigen m\u00f6gliche Koalitionspartner AfD mit so einem Vorgehen lieber nicht br\u00fcskieren m\u00f6chte. Kein gutes Vorzeichen f\u00fcr die n\u00e4chsten anstehenden Wahlen, finde ich. [Karl]<\/p>\n<p>8. \u00d6kosysteme sind fragil, und kleine \u00c4nderungen haben manchmal gro\u00dfe Auswirkungen. Ein anschauliches Beispiel hierf\u00fcr liefert ein <a href=\"https:\/\/www.nationalgeographic.de\/tiere\/2024\/02\/butterfly-effect-ameisen-aendern-jagdverhalten-von-loewen-schmetterlingseffekt\" target=\"_blank\" rel=\"noopener\">Artikel von <em>National Geographic<\/em><\/a>, in dem beschrieben wird, wie das Eindringen einer Ameise in ein \u00d6kosystem dazu f\u00fchrte, dass letztlich L\u00f6wen ihr Jagdverhalten \u00e4ndern m\u00fcssen. Spannend, aber eben auch bedenklich, wenn man sich vor Augen f\u00fchrt, wie hemmungslos die Menschen in \u00d6kosysteme eingreifen und immer wieder Arten ohne jede R\u00fccksicht ausrotten. [Karl]<\/p>\n","protected":false},"excerpt":{"rendered":"<p>An dieser Stelle pr\u00e4sentieren wir regelm\u00e4\u00dfig Links, die wir unter der Woche entdeckt haben, zu denen wir selbst nicht mehr viel schreiben m\u00fcssen und die wir teilenswert finden. Viel Spa\u00df beim Lesen und Anschauen!<\/p>\n","protected":false},"author":5,"featured_media":0,"comment_status":"open","ping_status":"open","sticky":false,"template":"","format":"standard","meta":{"footnotes":""},"categories":[193],"tags":[],"class_list":["post-28428","post","type-post","status-publish","format-standard","hentry","category-woechentliches"],"_links":{"self":[{"href":"https:\/\/www.unterstroemt.de\/index.php?rest_route=\/wp\/v2\/posts\/28428","targetHints":{"allow":["GET"]}}],"collection":[{"href":"https:\/\/www.unterstroemt.de\/index.php?rest_route=\/wp\/v2\/posts"}],"about":[{"href":"https:\/\/www.unterstroemt.de\/index.php?rest_route=\/wp\/v2\/types\/post"}],"author":[{"embeddable":true,"href":"https:\/\/www.unterstroemt.de\/index.php?rest_route=\/wp\/v2\/users\/5"}],"replies":[{"embeddable":true,"href":"https:\/\/www.unterstroemt.de\/index.php?rest_route=%2Fwp%2Fv2%2Fcomments&post=28428"}],"version-history":[{"count":10,"href":"https:\/\/www.unterstroemt.de\/index.php?rest_route=\/wp\/v2\/posts\/28428\/revisions"}],"predecessor-version":[{"id":28468,"href":"https:\/\/www.unterstroemt.de\/index.php?rest_route=\/wp\/v2\/posts\/28428\/revisions\/28468"}],"wp:attachment":[{"href":"https:\/\/www.unterstroemt.de\/index.php?rest_route=%2Fwp%2Fv2%2Fmedia&parent=28428"}],"wp:term":[{"taxonomy":"category","embeddable":true,"href":"https:\/\/www.unterstroemt.de\/index.php?rest_route=%2Fwp%2Fv2%2Fcategories&post=28428"},{"taxonomy":"post_tag","embeddable":true,"href":"https:\/\/www.unterstroemt.de\/index.php?rest_route=%2Fwp%2Fv2%2Ftags&post=28428"}],"curies":[{"name":"wp","href":"https:\/\/api.w.org\/{rel}","templated":true}]}}