{"id":28511,"date":"2024-03-10T17:46:53","date_gmt":"2024-03-10T16:46:53","guid":{"rendered":"https:\/\/www.unterstroemt.de\/?p=28511"},"modified":"2024-03-15T14:35:36","modified_gmt":"2024-03-15T13:35:36","slug":"interessantes-aus-kw-10-2024","status":"publish","type":"post","link":"https:\/\/www.unterstroemt.de\/?p=28511","title":{"rendered":"Interessantes aus KW 10\/2024"},"content":{"rendered":"<p>An dieser Stelle pr\u00e4sentieren wir regelm\u00e4\u00dfig Links, die wir unter der Woche entdeckt haben, zu denen wir selbst nicht mehr viel schreiben m\u00fcssen und die wir teilenswert finden. Viel Spa\u00df beim Lesen und Anschauen!<\/p>\n<p>1. Plastik ist ein ziemlich gro\u00dfes Problem &#8211; f\u00fcr Menschen im globalen S\u00fcden zuweilen sogar mit lebensbedrohlichen Ausma\u00dfen. Simone Schlindwein hat sich dieses Themas in einem <a href=\"https:\/\/www.blaetter.de\/ausgabe\/2024\/februar\/plastik-als-globale-gefahr\" target=\"_blank\" rel=\"noopener\">Artikel in den <em>Bl\u00e4ttern f\u00fcr deutsche und internationale Politik<\/em><\/a> daher mal angenommen und schildert, welche Auswirkungen Plastik in der Umwelt in afrikanischen L\u00e4ndern rund um den Victoriasee hat und was dort dagegen gemacht bzw. nicht gemacht wird. Klar wird dabei auch: Es br\u00e4uchte hier Abkommen f\u00fcr eine globale \u00c4chtung von Einwegplastik f\u00fcr Verpackungen, um dem Problem einigerma\u00dfen Herr werden zu k\u00f6nnen. [Karl]<\/p>\n<p>2. Gute Nachrichten aus Sardinien! Bei der dortigen Regionalwahl hat der postfaschistische Kandidat des Rechtsb\u00fcndnisses, der von Ministerpr\u00e4sidentin Giorgia Meloni pers\u00f6nlich protegiert wurde, eine Niederlage gegen die Kandidatin des Mitte-Links-B\u00fcndnisses kassiert. In einem <a href=\"https:\/\/www.ipg-journal.de\/regionen\/europa\/artikel\/bella-ciao-7360\" target=\"_blank\" rel=\"noopener\">Artikel des <em>IPG-Journals<\/em><\/a> analysiert Michael Braun das Zustandekommen dieses Wahlausgangs und wagt sogar einen hoffnungsvollen Ausblick, dass dieses Resultat nun nach den vielen Erfolgen der letzten Jahre vielleicht sogar der Anfang vom Ende der rechtsextremen italienischen Regierung sein k\u00f6nnte. [Karl]<\/p>\n<p>3. Dass Deutschland einen aufgebl\u00e4hten Sozialstatt h\u00e4tte, wird ja in letzter Zeit immer gern wieder von Konservativen und Rechten behauptet. Allerdings ist da \u00fcberhaupt nichts dran, wie eine Datenanalyse des Instituts f\u00fcr Makro\u00f6konomie und Konjunkturforschung (IMK) der Hans-B\u00f6ckler-Stiftung ergeben hat, deren Ergebnisse in einer <a href=\"https:\/\/www.boeckler.de\/de\/pressemitteilungen-2675-datencheck-entkraeftet-maer-vom-aufgeblaehten-deutschen-staat-57403.htm\" target=\"_blank\" rel=\"noopener\">Pressemitteilung der Stiftung<\/a> zusammengefasst werden. Sowohl im zeitlichen als auch im internationalen Vergleich ergeben sich da f\u00fcr Deutschland keine auff\u00e4llig hohen Werte, sondern man liegt durchweg im mittleren Bereich. Hier wird also mal wieder gelogen, dass sich die Balken biegen, um Stimmung gegen arme Menschen zu machen &#8211; widerlich! [Karl]<\/p>\n<p>4. Die Potsdamer IT-Hochschule Hasso-Plattner-Institut hat laut einem <a href=\"https:\/\/correctiv.org\/aktuelles\/wirtschaft\/2024\/03\/01\/hasso-plattner-institut-verhindert-betriebsrat-und-laesst-sich-das-ueber-200-000-euro-kosten\/\" target=\"_blank\" rel=\"noopener\">Artikel von <em>Correctiv<\/em><\/a> gerade sehr aktiv die Gr\u00fcndung eines Betriebsrates unterbunden &#8211; und ein alternatives Gremium stattdessen implementiert, das allerdings nicht die gleichen Rechte und Handlungsm\u00f6glichkeiten wie ein Betriebsrat hat. So ein Vorgehen ist leider keine Seltenheit, sondern wird in letzter Zeit zunehmend genutzt, um Arbeitnehmervertretungen zu verhindern. Forciert wird das vor allem auch von Anwaltskanzleien, die sich hierauf spezialisiert haben und so eine Menge Geld damit machen. Da wird also lieber irgendwelchen Rechtsverdrehern Kohle in den Rachen geschmissen, als dass den Angestellten ihre ihnen zustehenden Rechte gew\u00e4hrt werden. [Karl]<\/p>\n<p>5. Ein 24-min\u00fctiger <a href=\"https:\/\/www.deutschlandfunkkultur.de\/sportwetten-sponsoring-spielsucht-100.html\" target=\"_blank\" rel=\"noopener\">Beitrag vom <em>Deutschlandfunk Kultur<\/em><\/a> (liegt auch in transkribierter Form vor) besch\u00e4ftigt sich mit dem Thema Sportwetten. Hierf\u00fcr wird mittlerweile vor allem beim Fu\u00dfball massiv geworben, gleichzeitig nimmt die Zahl der Spiels\u00fcchtigen, die sich damit oftmals schwer verschulden, immer mehr zu. Aber auf die Kohle aus dem Sponsoring oder der Sportwettensteuer wollen weder Fu\u00dfballvereine noch die \u00f6ffentlichen Kassen verzichten. Und so werden nach wie vor Jugendliche zur besten Sendezeit um 18 Uhr am Samstag in der <em>ARD-Sportschau<\/em> dazu animiert, doch auch mal Sportwetten zu versuchen, um so schon fr\u00fch den Grundstein f\u00fcr eine Spielsuchtkarriere zu legen. [Karl]<\/p>\n<p>6. Dominic Johnson findet in einem <a href=\"https:\/\/taz.de\/Versorgung-Gazas-aus-der-Luft\/!5993414\/\" target=\"_blank\" rel=\"noopener\">Kommentar in der <em>taz<\/em><\/a> klare Worte f\u00fcr das, was gerade in Gaza abgeht: Diese humanit\u00e4re Katastrophe ist entweder beabsichtigt, dann m\u00fcsste man von einem V\u00f6lkermord sprechen, oder aber sie ist nicht beabsichtigt, dann w\u00e4re das ein immenses Versagen der israelischen Regierung und ihrer Verb\u00fcndeten\/F\u00fcrsprecher. Die deutsche Regierung ist also entweder in diesem Punkt ein Haufen Vollversager oder man unterst\u00fctzt einen V\u00f6lkermord &#8211; ich m\u00f6chte weder von dem einen noch vom anderen repr\u00e4sentiert werden. [Karl]<\/p>\n<p>7. Die FDP in Person von Bundesjustizminister Marco Buschmann zeigt sich mal wieder als ewiggestriger Haufen, dem Menschenrechte am Allerwertesten vorbeigehen. So lehnt n\u00e4mlich Buschmann zusammen mit seinem Kollegen aus Frankreich als Einziger das geplante EU-Gesetz gegen Vergewaltigung ab. Die Begr\u00fcndung daf\u00fcr ist laut einem <a href=\"https:\/\/www.elle.de\/female-empowerment-gewalt-gegen-frauen-eu-richtlinien\" target=\"_blank\" rel=\"noopener\">Artikel in der <em>ELLE<\/em><\/a> &#8211; wie k\u00f6nnte es bei der FDP auch anders sein? &#8211; ausgesprochen d\u00fcrftig. Und die Gr\u00fcnen, die ja ja immer gern etwas von feministischer Politik faseln, werden mal wieder relativ widerspruchslos von ihrem rechten Koalitionspartner vorgef\u00fchrt. [Karl]<\/p>\n<p>8. J\u00fcrgen Geuter ist Informatiker und Philosoph &#8211; und steht dem Thema k\u00fcnstliche Intelligenz (KI) recht kritisch gegen\u00fcber. In einem <a href=\"https:\/\/www.turi2.de\/community\/ki-kuenstliche-intelligenz-juergen-geuter-tante-interview-kritik-gefahrenopenai-chatgpt\/\" target=\"_blank\" rel=\"noopener\">Interview mit <em>turi2<\/em><\/a> f\u00fchrt er aus, was ihn genau am derzeitigen Verhalten von KI-Unternehmen st\u00f6rt, deren Erz\u00e4hlungen oft genug einfach so von vielen Medien \u00fcbernommen werden. Dabei sieht er durchaus positive Aspekte in einer gezielten Anwendung von KI, problematisiert allerdings, dass KI immer \u00f6fter als eine Art Allheilmittel f\u00fcr alle Probleme dieser Welt kommuniziert wird. Dabei erl\u00e4utert er auch f\u00fcr Nicht-ITler gut verst\u00e4ndlich und nachvollziehbar, wo die Grenzen von KI-Anwendungen sind und warum man nicht fragen sollte, was KI zuk\u00fcnftig leisten kann, sondern was damit heute schon vollbracht wird &#8211; und ob wir das wirklich so haben wollen. [Karl]<\/p>\n<p>9. In Argentinien kann man gerade beobachten, wie Radikalkapitalismus, Autoritarismus und Rechtsextremismus Hand in Hand gehen &#8211; und was dann f\u00fcr Verw\u00fcstungen herauskommen, wenn Freaks wie der dortige Pr\u00e4sident Javier Milei an die Macht kommen: extreme Zunahmen von Armut, Wegfall der sozialpolitischen Grundversorgung, Medienzensur, Denunziationsaufrufe und explodierende Teuerung. Und das alles in nur recht kurzer Zeit von wenigen Monaten. Ein <a href=\"https:\/\/www.derstandard.at\/story\/3000000210219\/argentiniens-rechter-praesident-schafft-mit-repressionen-den-sozialstaat-ab\" target=\"_blank\" rel=\"noopener\">Artikel im <em>Standard<\/em><\/a> beschreibt die aktuelle Situation in Argentinien, und da fragt man sich doch wirklich, was die Leute nur dazu bewegen mag, Typen wie Milei ihre Stimme zu geben, wenn deren Agieren dann nicht eben \u00fcberraschend destruktiv ist. [Karl]<\/p>\n","protected":false},"excerpt":{"rendered":"<p>An dieser Stelle pr\u00e4sentieren wir regelm\u00e4\u00dfig Links, die wir unter der Woche entdeckt haben, zu denen wir selbst nicht mehr viel schreiben m\u00fcssen und die wir teilenswert finden. Viel Spa\u00df beim Lesen und Anschauen!<\/p>\n","protected":false},"author":5,"featured_media":0,"comment_status":"open","ping_status":"open","sticky":false,"template":"","format":"standard","meta":{"footnotes":""},"categories":[193],"tags":[],"class_list":["post-28511","post","type-post","status-publish","format-standard","hentry","category-woechentliches"],"_links":{"self":[{"href":"https:\/\/www.unterstroemt.de\/index.php?rest_route=\/wp\/v2\/posts\/28511","targetHints":{"allow":["GET"]}}],"collection":[{"href":"https:\/\/www.unterstroemt.de\/index.php?rest_route=\/wp\/v2\/posts"}],"about":[{"href":"https:\/\/www.unterstroemt.de\/index.php?rest_route=\/wp\/v2\/types\/post"}],"author":[{"embeddable":true,"href":"https:\/\/www.unterstroemt.de\/index.php?rest_route=\/wp\/v2\/users\/5"}],"replies":[{"embeddable":true,"href":"https:\/\/www.unterstroemt.de\/index.php?rest_route=%2Fwp%2Fv2%2Fcomments&post=28511"}],"version-history":[{"count":12,"href":"https:\/\/www.unterstroemt.de\/index.php?rest_route=\/wp\/v2\/posts\/28511\/revisions"}],"predecessor-version":[{"id":28544,"href":"https:\/\/www.unterstroemt.de\/index.php?rest_route=\/wp\/v2\/posts\/28511\/revisions\/28544"}],"wp:attachment":[{"href":"https:\/\/www.unterstroemt.de\/index.php?rest_route=%2Fwp%2Fv2%2Fmedia&parent=28511"}],"wp:term":[{"taxonomy":"category","embeddable":true,"href":"https:\/\/www.unterstroemt.de\/index.php?rest_route=%2Fwp%2Fv2%2Fcategories&post=28511"},{"taxonomy":"post_tag","embeddable":true,"href":"https:\/\/www.unterstroemt.de\/index.php?rest_route=%2Fwp%2Fv2%2Ftags&post=28511"}],"curies":[{"name":"wp","href":"https:\/\/api.w.org\/{rel}","templated":true}]}}