{"id":28573,"date":"2024-03-24T12:28:44","date_gmt":"2024-03-24T11:28:44","guid":{"rendered":"https:\/\/www.unterstroemt.de\/?p=28573"},"modified":"2024-04-02T17:35:56","modified_gmt":"2024-04-02T15:35:56","slug":"interessantes-aus-kw-12-2024","status":"publish","type":"post","link":"https:\/\/www.unterstroemt.de\/?p=28573","title":{"rendered":"Interessantes aus KW 12\/2024"},"content":{"rendered":"<p>An dieser Stelle pr\u00e4sentieren wir regelm\u00e4\u00dfig Links, die wir unter der Woche entdeckt haben, zu denen wir selbst nicht mehr viel schreiben m\u00fcssen und die wir teilenswert finden. Viel Spa\u00df beim Lesen und Anschauen!<\/p>\n<p>1. Kommunikationsdruck ist eine Begleiterscheinung der Verbreitung von sozialen Medien. In einem <a href=\"https:\/\/www.psychologie-heute.de\/beruf\/artikel-detailansicht\/43289-nachrichten-beantworte-ich-auch-spaetabends.html\" target=\"_blank\" rel=\"noopener\">Artikel von <em>Psychologie heute<\/em><\/a> beschreibt eine junge Frau aus der Werbebranche, wie sie selbst mit Kommunikationsdruck lebt und dieser auch ihren Alltag bestimmt. Noch ist sie wohl recht zufrieden damit, wobei sich auch schon erste Zweifel aus dem Text herauslesen lassen. Wenig verwunderlich, wenn man das so liest, dass Burn-out mittlerweile eine Volkskrankheit geworden ist. [Karl]<\/p>\n<p>2. Rechtsextreme sind Jammerlappen, die sich immer als Opfer sehen, wenn sie mal die Konsequenzen f\u00fcr ihr widerw\u00e4rtiges Treiben zu sp\u00fcren bekommen. Das geht laut einem <a href=\"https:\/\/www.n-tv.de\/politik\/AfD-flutet-Gerichte-und-Ministerien-mit-Klagen-und-Anfragen-article24812301.html\" target=\"_blank\" rel=\"noopener\">Artikel von <em>ntv<\/em><\/a> mittlerweile so weit, dass die AfD das Bundesverfassungsgericht mit Klagen und die Bundesministerien mit kleinen Anfragen dichtm\u00fcllt, bei denen es vor allem um die AfD selbst geht, die sich immer ungerecht behandelt f\u00fchlt. Das bindet dann Kapazit\u00e4ten, die f\u00fcr sinnvollere T\u00e4tigkeiten genutzt werden k\u00f6nnten. Ein Grund mehr, den blaubraunen Sauhaufen endlich zu verbieten! [Karl]<\/p>\n<p>3. Das ostafrikanische Land Senegal droht gerade von einer Demokratie in eine Diktatur zu kippen. Warum das so ist, erl\u00e4utert Sira Thierij in einem <a href=\"https:\/\/www.deutschlandfunknova.de\/beitrag\/senegal-wie-eine-funktionierende-demokratie-kippt\" target=\"_blank\" rel=\"noopener\">Artikel f\u00fcr <em>Deutschlandfunk Nova<\/em><\/a> (kann dort auch angeh\u00f6rt werden). Diese Entwicklung ist leider kein Einzelfall in der Region, allerdings r\u00fchrt sich im Senegal Protest gerade von jungen Menschen dagegen. Vor allem sieht man immer wieder, dass Macht offenbar so korrumpiert, dass einstmals demokratisch gew\u00e4hlte F\u00fchrer partout nicht abtreten wollen und dann eben totalit\u00e4re Ma\u00dfnahmen ergreifen. [Karl]<\/p>\n<p>4. Gute Nachrichten, auch wenn sie schon von Anfang des Monats sind: Das EU-Parlament hat einer EU-Richtlinie gegen SLAPPs zugestimmt. Damit wird es k\u00fcnftig deutlich schwieriger f\u00fcr Konzerne, ihnen unliebsamen NGOs, B\u00fcrgern oder Journalisten eine Einsch\u00fcchterungsklage anzuh\u00e4ngen. Wie sich diese neue Richtlinie, die nun noch jeweils von den EU-Mitgliedsstaaten in nationales Recht umgesetzt werden muss, genau auswirken wird, schildert ein <a href=\"https:\/\/umweltinstitut.org\/welt-und-handel\/meldungen\/eu-richtlinie-gegen-einschuechterungsklagen-kommt\/\" target=\"_blank\" rel=\"noopener\">Artikel vom <em>Umweltinstitut M\u00fcnchen<\/em><\/a>, das selbst schon so eine SLAPP-Klage erfahren musste und sich danach dann einem zivilgesellschaftlichen B\u00fcndnis angeschlossen hat, das sich ebendiese nun verabschiedete Richtlinie als Ziel gesetzt hat. [Karl]<\/p>\n<p>5. Kritische Worte zum Vorgehen der israelischen Regierung in Gaza, dem schon Zehntausende Zivilisten zum Opfer gefallen sind, finden sich in der deutschen \u00d6ffentlichkeit selten. Umso wichtiger, wenn dann jemand wie der Philosoph Omri Boehm in seiner Dankesrede zum Leipziger Buchpreis zur Europ\u00e4ischen Verst\u00e4ndigung, den er gerade erhalten hat, betont, dass dieses Massaker keine Selbstverteidigung ist und ihn in seiner j\u00fcdischen und israelischen Identit\u00e4t zutiefst besch\u00e4mt, wie aus einer <a href=\"https:\/\/www.juedische-allgemeine.de\/kultur\/omri-boehm-katastrophales-versagen-in-nahost\/\" target=\"_blank\" rel=\"noopener\">Meldung der <em>J\u00fcdischen Allgemeinen<\/em><\/a> hervorgeht. Solche differenzierten Stimmen br\u00e4uchte er hierzulande noch deutlich mehr! [Karl]<\/p>\n<p>6. In rechten Kreisen sorgte es f\u00fcr viel Aufruhr, dass eine 16-j\u00e4hrige Sch\u00fclerin Besuch von der Polizei bekommen hat, weil sie angeblich ein Schlumpfvideo mit Pro-AfD-Aussage gepostet hat. Die Blaubraunen witterten gleich schon wieder mal ein methodisches Vorgehen gegen Andersdenkende (Alice Weidel), und viele Medien schrieben die Aussagen der Sch\u00fclerin und ihrer Mutter dazu von der rechtsextremen Hetzpostille\u00a0<em>Junge Freiheit<\/em> ab. Nun stellt sich heraus, wor\u00fcber ein <a href=\"https:\/\/www.tagesspiegel.de\/gesellschaft\/panorama\/16-jahrige-postete-wohl-rechtsextreme-inhalte-polizei-ruckte-offenbar-gar-nicht-wegen-afd-schlumpf-video-an-schule-an-11389201.html\" target=\"_blank\" rel=\"noopener\">Artikel im <em>Tagesspiegel<\/em><\/a> berichtet: Es ging gar nicht um das Schlumpfvideo, sondern um rechtsextreme Codes und Symbole, die von dem M\u00e4dchen \u00fcber soziale Medien geteilt wurden. Woran man mal wieder sieht: Rechtes Pack l\u00fcgt, sobald es das Maul aufmacht. [Karl]<\/p>\n<p>7. Peter Lustig, der bekannte und beliebte Moderator der <em>ZDF<\/em>-Kindersendung <em>L\u00f6wenzahn<\/em>, soll Kinder hassen. Dieses Ger\u00fccht kam vor gut 20 Jahren auf und h\u00e4lt sich bis heute. Das Problem: Da ist nichts dran, wie Mats Sch\u00f6nauer in einem 13-min\u00fctigen <a href=\"https:\/\/uebermedien.de\/93358\/wie-die-bild-den-ruf-von-peter-lustig-zerstoerte\/\" target=\"_blank\" rel=\"noopener\">Video auf <em>\u00dcber Medien<\/em><\/a> aufzeigt. Vielmehr hat die <em>BILD<\/em> einzelne Zeilen aus einem Interview, dass Peter Lustig im Jahr 2002 mit einem freien Journalisten f\u00fcr die <em>Stuttgarter Zeitung<\/em> f\u00fchrte, komplett verdreht, verf\u00e4lscht und entstellt &#8211; und diese L\u00fcgengeschichte wurde dann auch noch von vielen anderen Medien unhinterfragt \u00fcbernommen. Sch\u00f6nauer hat mit dem Journalisten gesprochen, der nach wie vor entsetzt davon ist, wie seine Arbeit missbraucht wurde. Und ich frage mich, wie verdorben man eigentlich sein muss, um f\u00fcr so einen Misthaufen wie <em>BILD<\/em> zu arbeiten und sich ohne R\u00fccksicht auf Verluste derartige L\u00fcgen auszudenken. [Karl]<\/p>\n","protected":false},"excerpt":{"rendered":"<p>An dieser Stelle pr\u00e4sentieren wir regelm\u00e4\u00dfig Links, die wir unter der Woche entdeckt haben, zu denen wir selbst nicht mehr viel schreiben m\u00fcssen und die wir teilenswert finden. Viel Spa\u00df beim Lesen und Anschauen!<\/p>\n","protected":false},"author":5,"featured_media":0,"comment_status":"open","ping_status":"open","sticky":false,"template":"","format":"standard","meta":{"footnotes":""},"categories":[193],"tags":[],"class_list":["post-28573","post","type-post","status-publish","format-standard","hentry","category-woechentliches"],"_links":{"self":[{"href":"https:\/\/www.unterstroemt.de\/index.php?rest_route=\/wp\/v2\/posts\/28573","targetHints":{"allow":["GET"]}}],"collection":[{"href":"https:\/\/www.unterstroemt.de\/index.php?rest_route=\/wp\/v2\/posts"}],"about":[{"href":"https:\/\/www.unterstroemt.de\/index.php?rest_route=\/wp\/v2\/types\/post"}],"author":[{"embeddable":true,"href":"https:\/\/www.unterstroemt.de\/index.php?rest_route=\/wp\/v2\/users\/5"}],"replies":[{"embeddable":true,"href":"https:\/\/www.unterstroemt.de\/index.php?rest_route=%2Fwp%2Fv2%2Fcomments&post=28573"}],"version-history":[{"count":13,"href":"https:\/\/www.unterstroemt.de\/index.php?rest_route=\/wp\/v2\/posts\/28573\/revisions"}],"predecessor-version":[{"id":28624,"href":"https:\/\/www.unterstroemt.de\/index.php?rest_route=\/wp\/v2\/posts\/28573\/revisions\/28624"}],"wp:attachment":[{"href":"https:\/\/www.unterstroemt.de\/index.php?rest_route=%2Fwp%2Fv2%2Fmedia&parent=28573"}],"wp:term":[{"taxonomy":"category","embeddable":true,"href":"https:\/\/www.unterstroemt.de\/index.php?rest_route=%2Fwp%2Fv2%2Fcategories&post=28573"},{"taxonomy":"post_tag","embeddable":true,"href":"https:\/\/www.unterstroemt.de\/index.php?rest_route=%2Fwp%2Fv2%2Ftags&post=28573"}],"curies":[{"name":"wp","href":"https:\/\/api.w.org\/{rel}","templated":true}]}}