{"id":28683,"date":"2024-04-14T14:08:04","date_gmt":"2024-04-14T12:08:04","guid":{"rendered":"https:\/\/www.unterstroemt.de\/?p=28683"},"modified":"2024-04-21T14:28:10","modified_gmt":"2024-04-21T12:28:10","slug":"interessantes-aus-kw-15-2024","status":"publish","type":"post","link":"https:\/\/www.unterstroemt.de\/?p=28683","title":{"rendered":"Interessantes aus KW 15\/2024"},"content":{"rendered":"<p>An dieser Stelle pr\u00e4sentieren wir regelm\u00e4\u00dfig Links, die wir unter der Woche entdeckt haben, zu denen wir selbst nicht mehr viel schreiben m\u00fcssen und die wir teilenswert finden. Viel Spa\u00df beim Lesen und Anschauen!<\/p>\n<p>1. Wenn es nach der Bundesregierung geht, soll demn\u00e4chst ein Teil der Rente aus dem Aktienmarkt kommen. Warum das keine gute Idee ist (wenig verwunderlich, wenn die FDP daf\u00fcr ist), erl\u00e4utern Achim Brunnengr\u00e4ber und Albert Denk in einem <a href=\"https:\/\/www.blaetter.de\/ausgabe\/2024\/april\/generationenkapital-der-staat-als-zocker\" target=\"_blank\" rel=\"noopener\">Artikel in den <em>Bl\u00e4ttern f\u00fcr deutsche und internationale Politik<\/em><\/a>. Das Ganze soll n\u00e4mlich \u00fcber einen Staatsfond wie beispielsweise den Fonds zur Finanzierung der kerntechnischen Entsorgung (KENFO) laufen, wobei nicht nur dessen Funktionsweise ohnehin recht fragw\u00fcrdig ist aufgrund von wenig ethischen Investitionen, sondern auch nicht wirklich mit einem Fond zur Begleichung der Renten kompatibel ist. Und wenn dann noch so ein Crash wie 2008 kommt &#8230; Insgesamt also eine komplett dumme und verantwortungslose Idee. [Karl]<\/p>\n<p>2. Die AfD in Person von Bj\u00f6rn H\u00f6cke bekam mal wieder eine gro\u00dfe mediale B\u00fchne geboten, diesmal vom Springer-Fernsehsender <em>Welt-TV<\/em>, in dem er zum Rededuell mit dem th\u00fcringischen CDU-Spitzenkandidaten zur Landtagswahl Mario Voigt antrat. Warum so was keine gute Idee ist, stellte Moritz Post vor der Sendung in einem <a href=\"https:\/\/www.fr.de\/kultur\/tv-kino\/landtagswahl-thueringen-tv-duell-bjoern-hoecke-afd-mario-voigt-cdu-welt-92998700.html\" target=\"_blank\" rel=\"noopener\">Kommentar in der <em>Frankfurter Rundschau<\/em><\/a> dar. Und warum das keine gute Idee war, fasst Benedikt Becker in einer <a href=\"https:\/\/www.stern.de\/politik\/deutschland\/hoecke-gegen-voigt--warum-das-tv-duell-mit-dem-rechtsextremen-stinklangweilig-war-34620996.html\" target=\"_blank\" rel=\"noopener\">Analyse im <em>Stern<\/em><\/a> zusammen. In jedem Fall wird daran mal wieder deutlich, dass doch immer noch gen\u00fcgend Medien kein Problem damit haben, Faschisten wie H\u00f6cke zu gr\u00f6\u00dferer Popularit\u00e4t zu verhelfen &#8211; na ja, bei Springer eigentlich ja auch kein Wunder. [Karl]<\/p>\n<p>3. Rechtsextremismus und Popkultur, das klingt erst mal wie zwei Gegens\u00e4tze. Allerdings finden sich da doch einige Gemeinsamkeiten, die vor allem auch von Rechtsextremen gern benutzt werden, um ihre menschenverachtenden und ewiggestrigen Ansichten unters Volk zu streuen und so ihrem Weltbild eine gr\u00f6\u00dfere gesellschaftliche Akzeptanz durch Normalisierung zu verschaffen. Wie dabei vorgegangen wird, wird in einem <a href=\"https:\/\/www.deutschlandfunkkultur.de\/neue-rechte-popkultur-kulturelle-hegemonie-100.html\" target=\"_blank\" rel=\"noopener\">Artikel von <em>Deutschlandfunk Kultur<\/em><\/a> beschrieben &#8211; das f\u00e4ngt an bei Mode und h\u00f6rt auf bei Musik. Auf verschiedenste Weise gelingt so eine emotionale Ansprache von Menschen, die an sich erst mal nichts mit rechtem Ged\u00f6ns am Hut haben. [Karl]<\/p>\n<p>4. Maximiliano Herrera tr\u00e4gt seit Jahrzehnten Extremtemperaturen auf der ganzen Welt zusammen. In einem <a href=\"https:\/\/www.t-online.de\/nachrichten\/panorama\/wetter\/id_100380152\/hitze-weltweit-klima-experte-weit-schlimmer-als-jede-vorhersage-.html\" target=\"_blank\" rel=\"noopener\">Interview mit <em>t-online<\/em><\/a> stellt er fest: So schlimm, wie es zurzeit gerade ist, war es bisher noch nie &#8211; und zudem werden s\u00e4mtliche Voraussagen bez\u00fcglich neuer H\u00f6chsttemperaturen \u00fcbertroffen. Das hat zwar zum einen mit dem Wetterph\u00e4nomen El Ni\u00f1o zu tun, das sich dieses Jahr abschw\u00e4chen d\u00fcrfte, aber nat\u00fcrlich auch mit der menschgemachten Erderw\u00e4rmung. Interessanter Nebenfakt: Obwohl Herrera nur Zahlen zusammentr\u00e4gt, wird er daf\u00fcr oft angefeindet von Klimawandelleugnern. Was f\u00fcr armselige Penner &#8230; [Karl]<\/p>\n<p>5. 2022 wurden einige Reichsb\u00fcrger in einer spektakul\u00e4ren Aktion festgenommen, da sie angeblich einen milit\u00e4rischen Umsturz geplant haben sollen. Nun spricht einer der f\u00fchrenden Beteiligten, der ehemalige Bundeswehroberst Maximilian Eder, aus der Untersuchungshaft mit Journalisten \u00fcber die Hintergr\u00fcnde dieses Vorfalls. Die von seiner Anw\u00e4ltin weitergereichten Antworten auf gestellte Fragen werden in einem <a href=\"https:\/\/www.stern.de\/politik\/maximilian-eder-aeussert-sich-erstmals-und-gibt-ausspaehung-des-bundestags-zu-34590866.html\" target=\"_blank\" rel=\"noopener\">Artikel im <em>Stern<\/em><\/a> pr\u00e4sentiert &#8211; und offenbaren ein reichlich gest\u00f6rtes und paranoides Weltbild. Dass solche Leute in hohe R\u00e4nge der Bundeswehr aufsteigen k\u00f6nnen, ist schon sehr alarmierend, finde ich. [Karl]<\/p>\n<p>6. Der Fall von Oury Jalloh, der 2005 in einer Zelle des Dessauer Polizeireviers verbrannte, hat ja immer wieder f\u00fcr \u00f6ffentliche Aufregung gesorgt. Weniger bekannt ist hingegen der Fall von Hans-J\u00fcrgen Rose, der 1997 nach einem Aufenthalt in genau dem gleichen Polizeirevier an schweren Verletzungen gestorben ist und \u00fcber den nun ein <a href=\"https:\/\/taz.de\/Polizeigewalt-in-Dessau\/!5998023\/\" target=\"_blank\" rel=\"noopener\">Artikel in der <em>taz<\/em><\/a> berichtet. Eine Parallele: In beiden F\u00e4llen wurden offensichtlich Beweise manipuliert, zudem gibt es vollkommen unstimmige Aussagen, im Fall Roses beispielsweise \u00fcber den zeitlichen Verlauf seiner zwei Aufenthalte in dem Revier. Zudem stimmen die Obduktionsergebnisse nicht ansatzweise mit den Aussagen der Polizisten \u00fcberein. Und dennoch wurden beide F\u00e4lle zu den Akten gelegt. Das stinkt doch zum Himmel! [Karl]<\/p>\n<p>7. Ein Vorsitzender, der sich umstrittene Weise hat w\u00e4hlen lassen, dem dann auch noch vorgeworfen wird, jahrelang AfD-Mitglied gewesen zu sein, und der dann kommentarlos zur\u00fccktritt &#8211; das ist gerade bei der Jungen Union (JU) Berlin los. Dazu ist Harald Burkart, um den es hier laut einem <a href=\"https:\/\/taz.de\/Umstrittener-Landeschef-Harald-Burkart\/!6000514\/\" target=\"_blank\" rel=\"noopener\">Artikel in der <em>taz<\/em><\/a> geht, auch noch Vizechefs des CDU-Ortsverbands Prenzlauer Berg, in dem auch Leute wie Ulrich Vosgerau und Peter Kurth sind bzw. waren, die beide deutliche Verbindungen ins rechtsextreme Milieu haben. Da zeigt sich also der Nachwuchs schon genauso verkorkst wie die &#8222;Gro\u00dfen&#8220; der CDU: profilierungsgeile Karrieristen ohne Anstand und ohne Ber\u00fchrungs\u00e4ngste mit Rechtsau\u00dfen. Was f\u00fcr ein Sauhaufen! [Karl]<\/p>\n<p>8. China wird immer totalit\u00e4rer, und das ganz ungeniert und offensichtlich. So berichtet ein <a href=\"https:\/\/netzpolitik.org\/2024\/pressefreiheit-in-china-schikaniert-bedroht-und-mit-drohnen-verfolgt\/\" target=\"_blank\" rel=\"noopener\">Artikel von <em>Netzpolitik.org<\/em><\/a> \u00fcber zunehmend st\u00e4rkere Einschr\u00e4nkungen der Pressefreiheit in China: Ausl\u00e4ndische Journalisten werden abgeh\u00f6rt, schikaniert, auch schon mal bedroht und mit Drohnen verfolgt. Wer so eine Angst vor freier Berichterstattung hat, der f\u00fchrt in der Regel nichts Gutes im Schilde. Na ja, leider kein Wunder bei den autokratischen Milliard\u00e4ren, die da im Namen der Partei das Land regieren. [Karl]<\/p>\n<p>9. <em>Der Freitag<\/em> pr\u00e4sentiert einen <a href=\"https:\/\/www.freitag.de\/autoren\/the-guardian\/fluechtlinge-aus-dem-krieg-im-sudan-eu-kuerzt-hilfsgelder-fuer-den-tschad\" target=\"_blank\" rel=\"noopener\">Artikel von Mark Townsend<\/a> vom englischen <em>Guardian<\/em>, in dem es um Menschen geht, die aus der sudanesischen Region Darfur vor den marodierenden Rapid Support Forces (RSF) in den Tschad fl\u00fcchten. Die Miliz begeht dort n\u00e4mlich einen V\u00f6lkermord an den Masalit, und das auf unglaublich bestialische Art und Weise. Nun ist der Tschad selbst sehr arm, sodass die Gefl\u00fcchteten dort kaum ad\u00e4quat versorgt werden k\u00f6nnen. Und dann streicht die EU noch Hilfsgelder f\u00fcr den Tschad. Da ist es dann irgendwie kein Wunder, dass sich immer mehr Menschen von dort auf die gef\u00e4hrlichen Fluchtrouten nach Europa machen. [Karl]<\/p>\n<p>10. Tja, da sind die B\u00fcrger wohl kl\u00fcger als die Voodoo-\u00d6konomen von FDP und Co., die starrk\u00f6pfig an der d\u00e4mlichen Schuldenbremse festhalten: Laut einem <a href=\"https:\/\/www.tagesspiegel.de\/politik\/schulen-strassen-und-umweltschutz-73-prozent-der-deutschen-befurworten-mehr-staatliche-investitionen-11496416.html\" target=\"_blank\" rel=\"noopener\">Artikel im <em>Tagesspiegel<\/em><\/a> hat eine repr\u00e4sentative Umfrage ergeben, dass 73 % der Deutschen Investitionen zum Erhalt und Ausbau der Infrastruktur wichtiger finden als die Einhaltung der Schuldenbremse. Fragt sich nur, warum die Leute dann mehrheitlich Parteien w\u00e4hlen, welche die Schuldenbremse nicht antasten wollen. [Karl]<\/p>\n<p>11. Und noch was zur Schuldenbremse: Diese f\u00f6rdert n\u00e4mlich durch die Verhinderung von Infrastrukturinvestitionen rechte Parteien. Das ist zumindest der Umkehrschluss, den man aus einer wirtschaftswissenschaftlichen Studie, \u00fcber die ein <a href=\"https:\/\/www.spiegel.de\/wirtschaft\/eu-studie-geld-fuer-infrastruktur-senkt-stimmenanteile-von-rechtspopulisten-a-840e6a22-8325-4063-8077-dda9ed918f71\" target=\"_blank\" rel=\"noopener\">Artikel auf <em>Spiegel Online<\/em><\/a> berichtet, ziehen kann. Darin wurde n\u00e4mlich herausgefunden, dass der Stimmenanteil rechtspopulistischer Parteien in Regionen sinkt, wenn diese EU-Zusch\u00fcsse zur Regionalentwicklung erhalten haben. Auf diese Weise w\u00fcrde das Vertrauen in demokratische Prozesse und Institutionen n\u00e4mlich gest\u00e4rkt, was dann schlecht f\u00fcr rechte Schreih\u00e4lse ist. [Karl]<\/p>\n<p>12. Polizisten, die Spa\u00df an Gewalt haben und dabei auch noch offen rassistischen M\u00fcll von sich geben? Was wie ein Klischee klingt, ist leider eine Tatsache, zumindest im Fall eines Polizisten, \u00fcber den ein <a href=\"https:\/\/www.kontextwochenzeitung.de\/gesellschaft\/680\/der-schlaechter-von-hamburg-9468.html\" target=\"_blank\" rel=\"noopener\">Artikel von der <em>Kontext: Wochenzeitung<\/em><\/a> berichtet. Der Beamte hat immer wieder mit Gewaltexzessen in Chats geprahlt, dabei dann auch rechtsextreme \u00c4u\u00dferungen von sich gegeben. Und ist nach wie vor im Dienst. Klar, die Polizei ermittelt eben gegen sich selbst, und da kommt dann selten was Greifbares raus. In jedem Fall erschreckend, welche Einblicke man in den v\u00f6llig deformierten Charakter dieses Polizisten bekommt, der zudem bei Weitem kein Einzelfall zu sein scheint. [Karl]<\/p>\n<p>13. In der <em>taz<\/em> setzen sich Gastautoren mit Bullshit-Worten auseinander und checken diese einmal auf ihre Stimmigkeit. In <a href=\"https:\/\/taz.de\/Der-Bullshit-Wort-Check-Folge-6\/!6002826\/\" target=\"_blank\" rel=\"noopener\">Folge 6 dieser Reihe<\/a> sind nun die beiden Begriffe &#8222;Technologieoffenheit&#8220; und &#8222;B\u00fcrokratieabbau&#8220; an der Reihe, zwei Lieblingsfloskeln der FDP. Und wie bei Lindners Pfeifentruppe auch nicht anders zu erwarten, sind das vollkommen sinnfreie und nicht wirklich durchdachte Kampfbegriffe, die vor allem dazu dienen, Klientelpolitik zu betreiben und an \u00fcberaltetem Quatsch festzuhalten. Na ja, Bullshit ist ja so mit das Einzige, was die FDP mal richtig gut hinbekommt &#8230; [Karl]<\/p>\n<p>14. Nachdem im bayrischen Nienburg k\u00fcrzlich ein psychisch beeintr\u00e4chtigter Mann von der Polizei erschossen wurde (s. Hinweis von letzter Woche), gibt nun der Kriminologe Thomas Feltes in einem <a href=\"https:\/\/taz.de\/Kriminologe-ueber-Polizeischuesse\/!6000538\/\" target=\"_blank\" rel=\"noopener\">Interview mit der <em>taz<\/em><\/a> Auskunft dar\u00fcber, was bei solchen Eins\u00e4tzen eigentlich fast immer schiefl\u00e4uft: Die Polizei eskaliert die Situation, anstatt sie zu beruhigen und das Eintreffen von psychologischen Fachleuten abzuwarten. So passiert es eben immer wieder, dass Menschen in psychischen Ausnahmesituationen von der Polizei erschossen werden. Ein unhaltbarer Zustand, wie ich finde. [Karl]<\/p>\n","protected":false},"excerpt":{"rendered":"<p>An dieser Stelle pr\u00e4sentieren wir regelm\u00e4\u00dfig Links, die wir unter der Woche entdeckt haben, zu denen wir selbst nicht mehr viel schreiben m\u00fcssen und die wir teilenswert finden. Viel Spa\u00df beim Lesen und Anschauen!<\/p>\n","protected":false},"author":5,"featured_media":0,"comment_status":"open","ping_status":"open","sticky":false,"template":"","format":"standard","meta":{"footnotes":""},"categories":[193],"tags":[],"class_list":["post-28683","post","type-post","status-publish","format-standard","hentry","category-woechentliches"],"_links":{"self":[{"href":"https:\/\/www.unterstroemt.de\/index.php?rest_route=\/wp\/v2\/posts\/28683","targetHints":{"allow":["GET"]}}],"collection":[{"href":"https:\/\/www.unterstroemt.de\/index.php?rest_route=\/wp\/v2\/posts"}],"about":[{"href":"https:\/\/www.unterstroemt.de\/index.php?rest_route=\/wp\/v2\/types\/post"}],"author":[{"embeddable":true,"href":"https:\/\/www.unterstroemt.de\/index.php?rest_route=\/wp\/v2\/users\/5"}],"replies":[{"embeddable":true,"href":"https:\/\/www.unterstroemt.de\/index.php?rest_route=%2Fwp%2Fv2%2Fcomments&post=28683"}],"version-history":[{"count":18,"href":"https:\/\/www.unterstroemt.de\/index.php?rest_route=\/wp\/v2\/posts\/28683\/revisions"}],"predecessor-version":[{"id":28743,"href":"https:\/\/www.unterstroemt.de\/index.php?rest_route=\/wp\/v2\/posts\/28683\/revisions\/28743"}],"wp:attachment":[{"href":"https:\/\/www.unterstroemt.de\/index.php?rest_route=%2Fwp%2Fv2%2Fmedia&parent=28683"}],"wp:term":[{"taxonomy":"category","embeddable":true,"href":"https:\/\/www.unterstroemt.de\/index.php?rest_route=%2Fwp%2Fv2%2Fcategories&post=28683"},{"taxonomy":"post_tag","embeddable":true,"href":"https:\/\/www.unterstroemt.de\/index.php?rest_route=%2Fwp%2Fv2%2Ftags&post=28683"}],"curies":[{"name":"wp","href":"https:\/\/api.w.org\/{rel}","templated":true}]}}