{"id":28761,"date":"2024-04-28T18:43:19","date_gmt":"2024-04-28T16:43:19","guid":{"rendered":"https:\/\/www.unterstroemt.de\/?p=28761"},"modified":"2024-05-03T13:00:14","modified_gmt":"2024-05-03T11:00:14","slug":"interessantes-aus-kw-17-2024","status":"publish","type":"post","link":"https:\/\/www.unterstroemt.de\/?p=28761","title":{"rendered":"Interessantes aus KW 17\/2024"},"content":{"rendered":"<p>An dieser Stelle pr\u00e4sentieren wir regelm\u00e4\u00dfig Links, die wir unter der Woche entdeckt haben, zu denen wir selbst nicht mehr viel schreiben m\u00fcssen und die wir teilenswert finden. Viel Spa\u00df beim Lesen und Anschauen!<\/p>\n<p>1. Anne Brorhilker hat sich als Staatsanw\u00e4ltin einen Namen gemacht, weil sie gegen die Cum-Ex-Diebe beharrlich und zum Teil auch sehr erfolgreich ermittelt hat. Nun h\u00e4ngt sie ihren Job allerdings an den Nagel und wechselt als Gesch\u00e4ftsf\u00fchrerin zur NGO <em>Finanzwende<\/em>. Dabei w\u00e4scht sie keine schmutzige W\u00e4sche, allerdings klingt in einem <a href=\"https:\/\/www.tagesschau.de\/investigativ\/ndr-wdr\/cum-ex-aufarbeitung-100.html\" target=\"_blank\" rel=\"noopener\">Artikel auf <em>tagesschau.de<\/em><\/a> schon an, dass Brorhilker ihre Arbeit als einen Kampf gegen Windm\u00fchlen erlebt hat, da sich Menschen mit sehr viel Geld einfach Straffreiheit erkaufen k\u00f6nnen und notfalls ihre guten Beziehungen in die Politik spielen lassen. Ihr Wechsel ist ein Gewinn f\u00fcr Finanzwende, allerdings d\u00fcrften auch etliche der Cum-Ex-Kriminellen ziemlich erleichtert aufatmen gerade. [Karl]<\/p>\n<p>2. Beate Ritz forscht in Kalifornien an einem brisanten Thema: dem Zusammenhang von Pestizideinsatz und Parkinson-Erkrankungen. Das geht, wie die Professorin f\u00fcr Epidemiologie in einem <a href=\"https:\/\/umweltinstitut.org\/landwirtschaft\/meldungen\/parkinson-und-pestizidanwendungen\/\" target=\"_blank\" rel=\"noopener\">Interview mit dem <em>Umweltinstitut M\u00fcnchen<\/em><\/a> schildert, in Kalifornien so gut, weil es dort ein \u00f6ffentliches Register gibt, in dem vermerkt ist, welche Pestizide wann und wo verspr\u00fcht wurden. Auf diese Weise erhielt sie \u00fcber einen l\u00e4ngeren Zeitraum belastbare Daten, die aufzeigen, dass viele Parkinson-Erkrankte Pestiziden ausgesetzt waren. In Deutschland w\u00e4re so eine Untersuchung leider nicht m\u00f6glich, da hier das entsprechende Register fehlt. Was nat\u00fcrlich Firmen wie Bayer freut &#8230; [Karl]<\/p>\n<p>3. Laut einer <a href=\"https:\/\/www.tagesschau.de\/inland\/gesellschaft\/rechtsextremismus-straftaten-100.html\" target=\"_blank\" rel=\"noopener\">Meldung auf <em>tagesschau.de<\/em><\/a> hat die Zahl der rechtsextremen Straftaten in Deutschland im letzten Jahr deutlich zugenommen, und zwar von 23.493 auf 28.945. Gerade in den letzten Monaten seit dem Hamas-Terrorangriff am 7. Oktober sind auch vermehrt antisemitische Straftaten hinzugekommen. Laut Bundestagsvizepr\u00e4sidentin Petra Pau (Linke) d\u00fcrfte eine Ursache daf\u00fcr sein, dass sich aufgrund der zunehmenden Normalisierung von rechter Rhetorik viele Straft\u00e4ter im Recht f\u00fchlen. Eine leider wenig \u00fcberraschende, aber dennoch abscheuliche Entwicklung. [Karl]<\/p>\n<p>4. Andreas Proschofsky nimmt sich in einer <a href=\"https:\/\/www.derstandard.at\/story\/3000000216539\/der-ki-hype-trifft-auf-die-ersten-spuren-von-realitaet?utm_source=pocket-newtab-de-de\" target=\"_blank\" rel=\"noopener\">Analyse im <em>Standard<\/em><\/a> mal den aktuellen Stand des KI-Hypes vor. Und kommt dabei zu eher ern\u00fcchternden Ergebnissen: Zum einen produzieren KI-Systeme immer wieder falsche Informationen, was dann vor allem weitreichenden Auswirkungen hat, wenn andere KI-Systeme aufgrund dieser Infos trainiert werden. Zudem sind die meisten KI-Unternehmungen zurzeit noch enorme Minusgesch\u00e4fte, wobei sich auch in dieser Branche eine Konzentration auf die \u00fcblichen gro\u00dfen Player abzeichnet. Und dann wissen viele Unternehmen \u00fcberhaupt nicht, was sie mit den oft sehr teuren KI-Tools anfangen sollen. Ein bisschen mehr Badachtheit und weniger hektisches Tempo w\u00e4ren hier laut Proschofsky also mehr als angebracht. [Karl]<\/p>\n<p>5. Die FDP offenbart mal wieder ihre rechtspopulistische und asoziale Fratze: Laut einem <a href=\"https:\/\/www.tagesschau.de\/inland\/innenpolitik\/fdp-buergergeld-sozialstaat-100.html\" target=\"_blank\" rel=\"noopener\">Artikel auf <em>tagesschau.de<\/em><\/a> will Lindners Tr\u00fcmmertruppe auf dem Parteitag ein 12-Punkte-Papier verabschieden, dass so unglaublich ewiggestrig ist, dass es einem den Atem verschl\u00e4gt: st\u00e4rkere Sanktionen von B\u00fcrgergeldempf\u00e4ngern, keine Rente mit 63 mehr, keine staatliche F\u00f6rderung von erneuerbaren Energien mehr und nat\u00fcrlich auch kein Lieferkettengesetz. Von SPD und Linken gibt es Kritik, die CDU jubelt und meint, dass man so was ja in einer schwarz-gelben Koalition alles prima umsetzen k\u00f6nnte. Ein ekliger Vorgeschmack auf das, was uns nach der n\u00e4chsten Bundestagswahl erwarten d\u00fcrfte. [Karl]<\/p>\n<p>6. Dass die AfD nur eine Alternative f\u00fcr W\u00e4hler ist, die dumm wie Brot sind, wird anhand eines <a href=\"https:\/\/www.jacobin.de\/artikel\/afd-krah-pflege-rente-migration\" target=\"_blank\" rel=\"noopener\">Artikels von Maurice H\u00f6fge<\/a>n auf <em>Jacobin<\/em> deutlich. Die AfD verspricht n\u00e4mlich im Wahlkampfmodus, dass die Pflege f\u00fcr Deutsche besser w\u00fcrde, will aber gleichzeitig Menschen mit Migrationshintergrund nicht mehr ins Land lassen und am liebsten auch im gro\u00dfen Stil rausschmei\u00dfen. Bl\u00f6derweise arbeiten nur viele von diesen Menschen in Pflegeberufen, sodass die Situation dort kollabieren w\u00fcrde. Und wie will die AfD das l\u00f6sen? Durch KI. Denn dadurch w\u00fcrden ja viele Menschen arbeitslos, die dann in der Pflege arbeiten k\u00f6nnen. Kann man sich nicht ausdenken, so viel Doofheit, oder? Und dennoch gibt es immer noch Leute, die den Blaubraunen ihren Unfug abnehmen. [Karl]<\/p>\n<p>7. Auch wenn die faschistische italienische Regierung unter Giorgia Meloni mittlerweile von vielen Politikern und Medien als eher harmlos dargestellt wird, so kommt nun doch langsam auch im medialen Mainstream an, dass das vielleicht nicht so sein k\u00f6nnte. Udo G\u00fcmpel schildert in einem <a href=\"https:\/\/www.n-tv.de\/politik\/Wir-sehen-eine-schleichende-Gleichschaltung-article24892045.html\" target=\"_blank\" rel=\"noopener\">Artikel auf <em>ntv<\/em><\/a>, wie in Italien gerade die Weichen Richtung Faschismus gestellt werden: angefangen mit peinlichen Italy-first-Versuchen \u00fcber eine zunehmende Gleichschaltung der Medien und \u00fcbelste offizielle Geschichtsklitterung bis hin zu einer Wahlrechtsreform, mit der die Macht der Regierungschefin und der Exekutive massiv ausgeweitet werden soll. Bleibt zu hoffen, dass die Italiener noch rechtzeitig aufwachen und diesem gruseligen Spuk ein Ende machen &#8211; bevor das nicht mehr geht. [Karl]<\/p>\n<p>8. Dass Politiker es nicht immer so ganz genau nehmen mit der Wahrheit, ist ja nichts Neues. Wie sehr aber mittlerweile dreist gelogen wird, um beispielsweise den eigenen Lebenslauf zu sch\u00f6nen, zeigt Claus Leggewie in einem <a href=\"https:\/\/taz.de\/Karrieren-mit-Fake-Lifes\/!6005480\/\" target=\"_blank\" rel=\"noopener\">Artikel in der <em>taz<\/em><\/a> auf. Im Fahrwasser von Donald Trumps st\u00e4ndigen L\u00fcgen hat sich der Republikaner George Santos eine Lebensgeschichte zurechtgelogen, an der nichts wahr ist. Nun ist er nicht mehr im Kongress und stilisiert sich sogleich als Opfer &#8211; auch typisch f\u00fcr rechte L\u00fcgner. So was gibt&#8217;s nur in den USA? N\u00f6, in Deutschland zeigen sich auff\u00e4llige Parallelen beim AfD-Spitzenkandidaten f\u00fcr die EU-Wahl Maximilian Krah. Aber klar: je weiter rechts, desto unaufrichtiger und krimineller. Das gilt nach wie vor. [Karl]<\/p>\n<p>9. Wissenschaftsfeindliche Positionen beim Thema Klimawandel und gern gesehene G\u00e4ste bei dem Rechtsau\u00dfenportel <em>NIUS<\/em> vom ehemaligen <em>BIL<\/em>D-Chefhetzer Julian Reichelt &#8211; klingt nach AfD, oder? Ist allerdings genauso der Fall beim Wirtschaftsrat der CDU. \u00dcber diesen Lobbyverein berichtet eine <a href=\"https:\/\/www.lobbycontrol.de\/lobbyismus-und-klima\/cdu-naher-lobbyverband-als-tueroeffner-fuer-desinformation-114946\/\" target=\"_blank\" rel=\"noopener\">Recherche von <em>LobbyControl<\/em><\/a>, und da f\u00e4llt es einem echt schon schwer, noch Unterschiede zu den Blaubraunen auszumachen. Das Problem dabei: Der Wirtschaftsrat hat einen exklusiven Zugang zum CDU-Parteivorstand, wo ihm ein Dauergastsitz einger\u00e4umt ist. Das ist zwar parteienrechtlich reichlich fragw\u00fcrdig, aber wenn man nur genug prominente CDUler, wie beispielsweise Parteichef Friedrich Merz, in seinen Reihen hat oder hatte, dann wird so was eben geduldet. Und Klimakrisenleugnung wird bei der CDU normalisiert. [Karl]<\/p>\n<p>10. Aus Russland kommt zurzeit ja kein Erdgas mehr nach Deutschland, also muss das Zeug woanders herkommen. Zum Beispiel aus Nigeria. Dort forciert die Bundesregierung den Erdgasexport nach Deutschland, versucht das Ganze noch ein bisschen mit Greenwashing zu versehen, f\u00f6rdert aber auf diese Weise massiv die Klimakrise. Das geht zumindest aus einem etwa zw\u00f6lfmin\u00fctigen <a href=\"https:\/\/www.ardmediathek.de\/video\/plusminus\/riskante-gasfoerderung-in-krisenlaendern\/das-erste\/Y3JpZDovL2Rhc2Vyc3RlLmRlL3BsdXNtaW51cy85OWViNmZhMC0zZjJhLTQyZjQtYTA1Ni02MTg5OTZmZDQ3YmI\" target=\"_blank\" rel=\"noopener\">Bericht von <em>Plusminus (ARD)<\/em><\/a> hervor, der aufzeigt, wie umwelt- und klimasch\u00e4dlich Erdgas ist und wie die Politik sich zum Dienstleister der Erdgasunternehmen und -lobbyisten macht. Was f\u00fcr ein Trauerspiel! [Karl]<\/p>\n","protected":false},"excerpt":{"rendered":"<p>An dieser Stelle pr\u00e4sentieren wir regelm\u00e4\u00dfig Links, die wir unter der Woche entdeckt haben, zu denen wir selbst nicht mehr viel schreiben m\u00fcssen und die wir teilenswert finden. Viel Spa\u00df beim Lesen und Anschauen!<\/p>\n","protected":false},"author":5,"featured_media":0,"comment_status":"open","ping_status":"open","sticky":false,"template":"","format":"standard","meta":{"footnotes":""},"categories":[193],"tags":[],"class_list":["post-28761","post","type-post","status-publish","format-standard","hentry","category-woechentliches"],"_links":{"self":[{"href":"https:\/\/www.unterstroemt.de\/index.php?rest_route=\/wp\/v2\/posts\/28761","targetHints":{"allow":["GET"]}}],"collection":[{"href":"https:\/\/www.unterstroemt.de\/index.php?rest_route=\/wp\/v2\/posts"}],"about":[{"href":"https:\/\/www.unterstroemt.de\/index.php?rest_route=\/wp\/v2\/types\/post"}],"author":[{"embeddable":true,"href":"https:\/\/www.unterstroemt.de\/index.php?rest_route=\/wp\/v2\/users\/5"}],"replies":[{"embeddable":true,"href":"https:\/\/www.unterstroemt.de\/index.php?rest_route=%2Fwp%2Fv2%2Fcomments&post=28761"}],"version-history":[{"count":16,"href":"https:\/\/www.unterstroemt.de\/index.php?rest_route=\/wp\/v2\/posts\/28761\/revisions"}],"predecessor-version":[{"id":28791,"href":"https:\/\/www.unterstroemt.de\/index.php?rest_route=\/wp\/v2\/posts\/28761\/revisions\/28791"}],"wp:attachment":[{"href":"https:\/\/www.unterstroemt.de\/index.php?rest_route=%2Fwp%2Fv2%2Fmedia&parent=28761"}],"wp:term":[{"taxonomy":"category","embeddable":true,"href":"https:\/\/www.unterstroemt.de\/index.php?rest_route=%2Fwp%2Fv2%2Fcategories&post=28761"},{"taxonomy":"post_tag","embeddable":true,"href":"https:\/\/www.unterstroemt.de\/index.php?rest_route=%2Fwp%2Fv2%2Ftags&post=28761"}],"curies":[{"name":"wp","href":"https:\/\/api.w.org\/{rel}","templated":true}]}}