{"id":28763,"date":"2024-04-30T12:54:31","date_gmt":"2024-04-30T10:54:31","guid":{"rendered":"https:\/\/www.unterstroemt.de\/?p=28763"},"modified":"2024-04-30T12:54:31","modified_gmt":"2024-04-30T10:54:31","slug":"fdp-und-afd-werden-sich-immer-aehnlicher","status":"publish","type":"post","link":"https:\/\/www.unterstroemt.de\/?p=28763","title":{"rendered":"FDP und AfD werden sich immer \u00e4hnlicher"},"content":{"rendered":"<p>K\u00fcrzlich sah ich zwei Beitr\u00e4ge in den sozialen Medien, einen von der FDP und einen von der AfD, die zeigen, dass diese beiden Parteien im Prinzip ziemlich genau der gleiche M\u00fcll sind &#8211; nur dass die FDP sich rhetorisch noch etwas zur\u00fcckhaltender zeigt.<\/p>\n<p>Zun\u00e4chst mal das, was die <a href=\"https:\/\/www.facebook.com\/AfDKurpfalz\/posts\/pfbid02T61kt7NaQ9AeBTYTxDDkkEpt8YytfjSVmoeZXfRJjKCuCHEUjQ6FiBbxTvbZkvsMl\" target=\"_blank\" rel=\"noopener\">AfD Kurpfalz<\/a> da meinte, \u00e4u\u00dfern zu m\u00fcssen:<\/p>\n<p><img loading=\"lazy\" decoding=\"async\" class=\"aligncenter wp-image-28781\" src=\"https:\/\/www.unterstroemt.de\/wp-content\/uploads\/Bildschirm\u00adfoto-2024-04-30-um-12.37.08-300x292.png\" alt=\"\" width=\"600\" height=\"583\" srcset=\"https:\/\/www.unterstroemt.de\/wp-content\/uploads\/Bildschirm\u00adfoto-2024-04-30-um-12.37.08-300x292.png 300w, https:\/\/www.unterstroemt.de\/wp-content\/uploads\/Bildschirm\u00adfoto-2024-04-30-um-12.37.08-1024x996.png 1024w, https:\/\/www.unterstroemt.de\/wp-content\/uploads\/Bildschirm\u00adfoto-2024-04-30-um-12.37.08-768x747.png 768w, https:\/\/www.unterstroemt.de\/wp-content\/uploads\/Bildschirm\u00adfoto-2024-04-30-um-12.37.08-1320x1283.png 1320w, https:\/\/www.unterstroemt.de\/wp-content\/uploads\/Bildschirm\u00adfoto-2024-04-30-um-12.37.08.png 1372w\" sizes=\"auto, (max-width: 600px) 100vw, 600px\" \/><\/p>\n<p>So weit, so wenig originell und so br\u00e4sig. Typisch blaubrauner Stumpfsinn eben.<\/p>\n<p>Und was entdeckte ich dann am gleichen Tag bei Robert Zion auf seiner <a href=\"https:\/\/www.facebook.com\/robert.zion.90\/posts\/pfbid0TNWH9wEi1ncaVsSXkaVgBtEi6R5DT3VkyD3CYL6TDnVAq9m2pyh9fRshkUp5Rg25l\" target=\"_blank\" rel=\"noopener\">Facebook-Wall<\/a>?<\/p>\n<p><img loading=\"lazy\" decoding=\"async\" class=\"aligncenter wp-image-28782\" src=\"https:\/\/www.unterstroemt.de\/wp-content\/uploads\/Bildschirm\u00adfoto-2024-04-30-um-12.40.54-244x300.png\" alt=\"\" width=\"600\" height=\"736\" srcset=\"https:\/\/www.unterstroemt.de\/wp-content\/uploads\/Bildschirm\u00adfoto-2024-04-30-um-12.40.54-244x300.png 244w, https:\/\/www.unterstroemt.de\/wp-content\/uploads\/Bildschirm\u00adfoto-2024-04-30-um-12.40.54-835x1024.png 835w, https:\/\/www.unterstroemt.de\/wp-content\/uploads\/Bildschirm\u00adfoto-2024-04-30-um-12.40.54-768x942.png 768w, https:\/\/www.unterstroemt.de\/wp-content\/uploads\/Bildschirm\u00adfoto-2024-04-30-um-12.40.54-1252x1536.png 1252w, https:\/\/www.unterstroemt.de\/wp-content\/uploads\/Bildschirm\u00adfoto-2024-04-30-um-12.40.54-1320x1620.png 1320w, https:\/\/www.unterstroemt.de\/wp-content\/uploads\/Bildschirm\u00adfoto-2024-04-30-um-12.40.54.png 1374w\" sizes=\"auto, (max-width: 600px) 100vw, 600px\" \/><\/p>\n<p>Im Prinzip die gleiche dumpfbackige Aussage mit Spalterpotenzial und als Animation f\u00fcr den eigenen nassbirnigen Anhang, damit der sch\u00f6n &#8222;Ja, genau!&#8220; krakeelen kann &#8211; nur eben von einem Bundesminister der FDP und etwas eloquenter formuliert.<\/p>\n<p>Wenn man inhaltlich nichts Konstruktives anzubieten hat, dann sieht man eben zu, dass man ein wenig Spalterei betreibt, indem man auf eine vermeintliche Randgruppe etwas eindrischt. Das ist nat\u00fcrlich primitiv, aber eben leider auch nicht un\u00fcblich. Wie offensichtlich hier die beiden Rechtsau\u00dfentr\u00fcmmertruppen AfD und FDP das im Gleichschritt zelebrieren, ist dann allerdings schon ziemlich Hardcore, wie ich finde.<\/p>\n<p>Dass Buschmann dann auch noch von &#8222;Freiheit&#8220; schwafelt, darf bei der FDP nun mal nicht fehlen, darauf ist deren unterbelichteter Anhang ja auch getrimmt worden, und immerhin ist es ja der Markenkern dieser Marktfaschisten, dass sie den wunderbaren Begriff &#8222;Freiheit&#8220; reichlich pervertiert haben, sodass er nur noch im Sinne eines plumpen Recht des St\u00e4rkeren verstanden wird. Gut, zu einem komplexeren Verst\u00e4ndnis sind FDP-W\u00e4hler vermutlich auch gar nicht in der Lage &#8230;<\/p>\n<p>So sehen wir sowohl bei der AfD als auch bei der FDP ein paar bauernschlaue F\u00fchrungspersonen, die vor allem ihre eigene Karriere im Kopf haben, die dann ein paar Trottel mit Tendenz zur pathologischen Intelligenzminderung losschicken, um noch d\u00fcmmere Einfaltspinsel aufzuwiegeln und deren Feindbilder zu best\u00e4tigen. Teile und herrsche halt &#8211; nur in einer Dummdreistigkeit dargeboten, f\u00fcr die sich die ollen R\u00f6mer, die das Prinzip auch schon kannten, wohl gesch\u00e4mt h\u00e4tten.<\/p>\n<p>Wie ich schon \u00f6fter mal erw\u00e4hnt habe: Die beiden Parteien k\u00f6nnten eigentlich, in Menschenverachtung vereint, \u00a0fusionieren und sich dann AFDP nennen &#8211; mit einem sozialdarwinistischen Fl\u00fcgel, der die asozialen <em>Cicero<\/em>&#8211; und <em>Welt<\/em>-Leser bedient und einem v\u00f6lkischen Fl\u00fcgel, der die rassistischen <em>BILD<\/em>&#8211; und <em>Focus<\/em>-Leser bedient.<\/p>\n<p>Aber so viel Ehrlichkeit ist von diesen beiden verlogenen Sauhaufen wohl nicht zu erwarten &#8230;<\/p>\n","protected":false},"excerpt":{"rendered":"<p>K\u00fcrzlich sah ich zwei Beitr\u00e4ge in den sozialen Medien, einen von der FDP und einen von der AfD, die zeigen, dass diese beiden Parteien im Prinzip ziemlich genau der gleiche M\u00fcll sind &#8211; nur dass die FDP sich rhetorisch noch etwas zur\u00fcckhaltender zeigt.<\/p>\n","protected":false},"author":3,"featured_media":0,"comment_status":"open","ping_status":"open","sticky":false,"template":"","format":"standard","meta":{"footnotes":""},"categories":[50,52],"tags":[141,344,288],"class_list":["post-28763","post","type-post","status-publish","format-standard","hentry","category-politisches","category-soziales","tag-afd","tag-fdp","tag-rechtsruck"],"_links":{"self":[{"href":"https:\/\/www.unterstroemt.de\/index.php?rest_route=\/wp\/v2\/posts\/28763","targetHints":{"allow":["GET"]}}],"collection":[{"href":"https:\/\/www.unterstroemt.de\/index.php?rest_route=\/wp\/v2\/posts"}],"about":[{"href":"https:\/\/www.unterstroemt.de\/index.php?rest_route=\/wp\/v2\/types\/post"}],"author":[{"embeddable":true,"href":"https:\/\/www.unterstroemt.de\/index.php?rest_route=\/wp\/v2\/users\/3"}],"replies":[{"embeddable":true,"href":"https:\/\/www.unterstroemt.de\/index.php?rest_route=%2Fwp%2Fv2%2Fcomments&post=28763"}],"version-history":[{"count":3,"href":"https:\/\/www.unterstroemt.de\/index.php?rest_route=\/wp\/v2\/posts\/28763\/revisions"}],"predecessor-version":[{"id":28784,"href":"https:\/\/www.unterstroemt.de\/index.php?rest_route=\/wp\/v2\/posts\/28763\/revisions\/28784"}],"wp:attachment":[{"href":"https:\/\/www.unterstroemt.de\/index.php?rest_route=%2Fwp%2Fv2%2Fmedia&parent=28763"}],"wp:term":[{"taxonomy":"category","embeddable":true,"href":"https:\/\/www.unterstroemt.de\/index.php?rest_route=%2Fwp%2Fv2%2Fcategories&post=28763"},{"taxonomy":"post_tag","embeddable":true,"href":"https:\/\/www.unterstroemt.de\/index.php?rest_route=%2Fwp%2Fv2%2Ftags&post=28763"}],"curies":[{"name":"wp","href":"https:\/\/api.w.org\/{rel}","templated":true}]}}