{"id":28802,"date":"2024-05-12T14:46:31","date_gmt":"2024-05-12T12:46:31","guid":{"rendered":"https:\/\/www.unterstroemt.de\/?p=28802"},"modified":"2024-05-22T10:41:39","modified_gmt":"2024-05-22T08:41:39","slug":"intertessantes-aus-kw-19-2024","status":"publish","type":"post","link":"https:\/\/www.unterstroemt.de\/?p=28802","title":{"rendered":"Intertessantes aus KW 19\/2024"},"content":{"rendered":"<p>An dieser Stelle pr\u00e4sentieren wir regelm\u00e4\u00dfig Links, die wir unter der Woche entdeckt haben, zu denen wir selbst nicht mehr viel schreiben m\u00fcssen und die wir teilenswert finden. Viel Spa\u00df beim Lesen und Anschauen!<\/p>\n<p>1. Tesla bekommt ordentlich Gegenwind von Demonstranten, die verhindern wollen, dass f\u00fcr einen weiteren Ausbau der Gigafactory in Brandenburg Wald gerodet werden soll. So berichtet ein <a href=\"https:\/\/www.manager-magazin.de\/unternehmen\/autoindustrie\/tesla-jagdszenen-bei-protesten-in-gruenheide-a-66c97659-0008-4253-b29a-1245db8774fa\" target=\"_blank\" rel=\"noopener\">Artikel im <em>manager magazin<\/em><\/a> von Ausschreitungen rund um das Werksgel\u00e4nde, als Aktivisten versuchten, auf das Tesla-Areal zu gelangen. Wenig verwunderlich, dass vonseiten der Demonstranten von \u00fcberhartem Vorgehen der Polizei gesprochen wird, die auch hier mal wieder Unternehmensinteressen gegen B\u00fcrgerinteressen verteidigt. Gut vor allem, dass so auch in den \u00f6ffentlichen Diskurs gelangt, dass Elektroautos nicht wirklich eine L\u00f6sung unseres klimatechnisch problematischen Verkehrssektors sind. [Karl]<\/p>\n<p>2. Der Rechtsau\u00dfenprovokateur Peter Hahne war zum wiederholten Male Gast in der MDR-Talkshow Riverboat. Was an sich schon schlimm genug ist, dass solchen rechtspopulistischen Dummschw\u00e4tzern immer wieder eine Plattform geboten wird. Allerdings konnte Hahne dort gerade wieder, wie Boris Rosenkranz in einem <a href=\"https:\/\/uebermedien.de\/94455\/zum-wegwerfen-mdr-riverboat-mit-peter-hahne\/\" target=\"_blank\" rel=\"noopener\">Kommentar auf <em>\u00dcber Medien<\/em><\/a> beschreibt, haneb\u00fcchenen Unsinn verbreiten, ohne dass ihm mal vonseiten der Moderatoren widersprochen worden w\u00e4re. Das sind genau die Sachen, die dazu f\u00fchren, dass rechter Unfug gesellschaftsf\u00e4hig wird und so immer mehr Menschen anspricht. Gruselig! [Karl]<\/p>\n<p>3. Einen Einblick in die T\u00e4tigkeit der Mafia in Deutschland gibt ein <a href=\"https:\/\/www.rnd.de\/panorama\/germafia-italienische-mafia-unterwandert-deutschland-U6SVMEXZ6JHF7DJUIKAYVZYSXM.html\" target=\"_blank\" rel=\"noopener\">Artikel vom <em>RedaktionsNetzwerk Deutschland<\/em><\/a>. Und darin wird klar: Die Mafia ist hierzulande ziemlich aktiv, hat beste Verbindungen zu Politik und Wirtschaft und profitiert dabei von einer viel zu laxen Gesetzgebung, die Deutschland zum Paradies f\u00fcr Geldw\u00e4scher macht. Da aber nur selten Blut flie\u00dft und offensichtliche Delikte begangen werden, wird die Mafia nach wie vor von der deutschen Justiz massiv untersch\u00e4tzt, sodass die ihre kriminellen Machenschaften weitgehend ungest\u00f6rt aus\u00fcben k\u00f6nnen. [Karl]<\/p>\n<p>4. Dass die Schuldenbremse kompletter Unfug ist, spricht sich ja mittlerweile immer weiter rum &#8211; au\u00dfer bei den betonk\u00f6pfigen Anti\u00f6konomen von CDU, FDP und Co. Rudolf Hickel legt in einem <a href=\"https:\/\/www.blaetter.de\/ausgabe\/2024\/april\/generationengerechtigkeit-statt-schuldenbremse\" target=\"_blank\" rel=\"noopener\">Artikel in den <em>Bl\u00e4ttern f\u00fcr deutsche und internationale Politik<\/em><\/a> dar, was die grunds\u00e4tzlichen Irrt\u00fcmer und Fehlannahmen bei der Implementierung der Schuldenbremse sind, und zeigt auf, wie konstruktive Politik aussehen m\u00fcsste, da man den Verfassungsrang der Schuldenbremse ja leider gegen die rechten Parteien nicht aufgehoben bekommt. Wichtige Argumente f\u00fcr Diskussionen mit Menschen, die immer noch glauben, dass die Schuldenbremse in irgendeiner Form sinnvoll sein k\u00f6nnte. [Karl]<\/p>\n<p>5. Die Ergebnisse der aktuellen Studie &#8222;Jugend in Deutschland&#8220; zeigen, dass die heutigen jungen Menschen politisch deutlich mehr nach rechts tendieren, als das noch vor ein paar Jahren der Fall gewesen ist. Wie diese Entwicklung zu erkl\u00e4ren ist und welche Schl\u00fcsse man daraus ziehen sollte, erl\u00e4utert der Psychologe Stephan Gr\u00fcnewald in einem <a href=\"https:\/\/www.stern.de\/politik\/jugendstudie--ein-psychologe-erklaert-den-rechtsruck-der-jungen-leute-34681406.html\" target=\"_blank\" rel=\"noopener\">Interview mit dem <em>Stern<\/em><\/a>. Dabei wird deutlich, dass vor allem verschiedene Verunsicherungen und \u00c4ngste dieser Tendenz zugrunde liegen, die dann vor allem von Rechtskonservativen mit dem Versprechen der R\u00fcckkehr zu einer vermeintlichen guten alten Zeit positiv (und schamlos) bedient werden. Gef\u00e4hrliche Entwicklung! [Karl]<\/p>\n<p>6. In einem <a href=\"https:\/\/taz.de\/Nicht-nur-Schweden-haben-keine-Freunde\/!6005109\/\" target=\"_blank\" rel=\"noopener\">Artikel in der <em>taz<\/em><\/a> befasst sich Anne Dieckhoff mit dem Ergebnis einer Untersuchung in Schweden, demzufolge acht Prozent der dort lebenden Menschen keine engen Freunde haben. Und das ist nicht nur ein schwedisches Problem, sondern in Deutschland (und vermutlich in den meisten anderen L\u00e4ndern auch) sieht das nicht viel anders aus. So versucht Dieckhoff der zeitgeistigen Ursache f\u00fcr dieses Ph\u00e4nomen auf den Grund zu gehen, und schildert, wie sie selbst, die seit Kurzem in Schweden lebt und insofern recht weit weg von ihren eigenen Freunden, damit umgeht. [Karl]<\/p>\n<p>7. Ursula von der Leyen (CDU) ist wohl eines der besten Beispiele daf\u00fcr, wie man mit absoluter Unf\u00e4higkeit immer h\u00f6her aufsteigen kann. Nun hat die EU-Kommissionspr\u00e4sidentin er\u00f6ffnet, dass sie sich wohl auch durchaus von rechtsextremen Parteien aus der EKR-Fraktion im EU-Parlament w\u00e4hlen lassen w\u00fcrde, wenn es denn sonst nicht dazu reicht, dass sie wieder in ihrem Amt best\u00e4tigt w\u00fcrde. Laut einem <a href=\"https:\/\/www.tagesspiegel.de\/politik\/spd-emport-uber-von-der-leyen-offnet-die-tur-nach-rechtsaussen-11598227.html\" target=\"_blank\" rel=\"noopener\">Artikel im <em>Tagesspiegel<\/em><\/a> regt die SPD sich dar\u00fcber nun zwar auf, allerdings zeigt es, wie weit die Parteienlandschaft mittlerweile nach rechts gerutscht ist, dass so was \u00fcberhaupt von einer CDU-Politikerin angedacht wird. Vielleicht wird das ja auch ein Testlauf f\u00fcr die bundesdeutsche CDU, bei der sich dann in zwei Jahren Friedrich Merz von der AfD zum Kanzler machen lassen k\u00f6nnte &#8230; [Karl]<\/p>\n<p>8. Dass Rechtsextreme l\u00fcgen, ist ja nichts Neues, aber ein Fall in Chemnitz ist nun eine reichlich groteske Variante davon: Ein dort lebender Neonazi wollte sich von einem Bekannten die Hand abschlagen lassen, damit er aufgrund dieser Verst\u00fcmmelung dann sch\u00f6n wegen Arbeitsunf\u00e4higkeit staatliche Leistungen erhalten h\u00e4tte (so viel mal zum Arbeisethos solcher Patrioten, die andere gern als Schmarotzer bezeichnen). Das ging allerdings schief, denn ihm wurden dabei nur drei Finger abgetrennt &#8211; und das hat er dann im Krankenhaus gegen\u00fcber der Polizei als Folge eines Angriffs von Antifa-Aktivisten dargestellt. Rechte Hetzer verbreiteten das M\u00e4rchen nat\u00fcrlich gleich ungepr\u00fcft, nun kommt aber langsam Licht ins Dunkel, wie ein <a href=\"https:\/\/www.t-online.de\/nachrichten\/panorama\/kriminalitaet\/id_100401416\/neonazi-drei-finger-weg-verstuemmelung-in-chemnitz-offenbar-abgesprochen.html\" target=\"_blank\" rel=\"noopener\">Artikel auf <em>t-online<\/em><\/a> berichtet. Hoffentlich werden dieser Honk und sein ihn verst\u00fcmmelnder Kamerad nun sch\u00f6n lang weggesperrt &#8211; so viel Doofheit darf einfach nicht frei rumlaufen. [Karl]<\/p>\n","protected":false},"excerpt":{"rendered":"<p>An dieser Stelle pr\u00e4sentieren wir regelm\u00e4\u00dfig Links, die wir unter der Woche entdeckt haben, zu denen wir selbst nicht mehr viel schreiben m\u00fcssen und die wir teilenswert finden. Viel Spa\u00df beim Lesen und Anschauen!<\/p>\n","protected":false},"author":5,"featured_media":0,"comment_status":"open","ping_status":"open","sticky":false,"template":"","format":"standard","meta":{"footnotes":""},"categories":[193],"tags":[],"class_list":["post-28802","post","type-post","status-publish","format-standard","hentry","category-woechentliches"],"_links":{"self":[{"href":"https:\/\/www.unterstroemt.de\/index.php?rest_route=\/wp\/v2\/posts\/28802","targetHints":{"allow":["GET"]}}],"collection":[{"href":"https:\/\/www.unterstroemt.de\/index.php?rest_route=\/wp\/v2\/posts"}],"about":[{"href":"https:\/\/www.unterstroemt.de\/index.php?rest_route=\/wp\/v2\/types\/post"}],"author":[{"embeddable":true,"href":"https:\/\/www.unterstroemt.de\/index.php?rest_route=\/wp\/v2\/users\/5"}],"replies":[{"embeddable":true,"href":"https:\/\/www.unterstroemt.de\/index.php?rest_route=%2Fwp%2Fv2%2Fcomments&post=28802"}],"version-history":[{"count":10,"href":"https:\/\/www.unterstroemt.de\/index.php?rest_route=\/wp\/v2\/posts\/28802\/revisions"}],"predecessor-version":[{"id":28863,"href":"https:\/\/www.unterstroemt.de\/index.php?rest_route=\/wp\/v2\/posts\/28802\/revisions\/28863"}],"wp:attachment":[{"href":"https:\/\/www.unterstroemt.de\/index.php?rest_route=%2Fwp%2Fv2%2Fmedia&parent=28802"}],"wp:term":[{"taxonomy":"category","embeddable":true,"href":"https:\/\/www.unterstroemt.de\/index.php?rest_route=%2Fwp%2Fv2%2Fcategories&post=28802"},{"taxonomy":"post_tag","embeddable":true,"href":"https:\/\/www.unterstroemt.de\/index.php?rest_route=%2Fwp%2Fv2%2Ftags&post=28802"}],"curies":[{"name":"wp","href":"https:\/\/api.w.org\/{rel}","templated":true}]}}