{"id":28880,"date":"2024-05-26T17:18:16","date_gmt":"2024-05-26T15:18:16","guid":{"rendered":"https:\/\/www.unterstroemt.de\/?p=28880"},"modified":"2024-05-31T09:02:38","modified_gmt":"2024-05-31T07:02:38","slug":"interessantes-aus-kw-21-2024","status":"publish","type":"post","link":"https:\/\/www.unterstroemt.de\/?p=28880","title":{"rendered":"Interessantes aus KW 21\/2024"},"content":{"rendered":"<p>An dieser Stelle pr\u00e4sentieren wir regelm\u00e4\u00dfig Links, die wir unter der Woche entdeckt haben, zu denen wir selbst nicht mehr viel schreiben m\u00fcssen und die wir teilenswert finden. Viel Spa\u00df beim Lesen und Anschauen!<\/p>\n<p>1. Der Bundestagsabgeordnete Petr Bystron von der AfD (zurzeit zudem auf Platz zwei der Liste seiner Partei zur Europawahl) steht unter Korruptionsverdacht und soll Zahlungen aus Russland erhalten haben, um so politisch Stimmung gegen eine Unterst\u00fctzung der Ukraine erhalten zu haben. Nun haben laut einem <a href=\"https:\/\/www.t-online.de\/nachrichten\/deutschland\/innenpolitik\/id_100410358\/afd-mann-petr-bystron-wohl-unterlagen-zu-goldbarren-gefunden.html\" target=\"_blank\" rel=\"noopener\">Artikel auf <em>t-online<\/em><\/a> Ermittler bei Bystron Unterlagen zu Goldbarren und verschiedenen internationalen Konten gefunden. Bystron behauptet, das geh\u00f6re alles seiner Mutter und die Zahlungen auf seinem tschechischen Konto seien alle transparent dem Finanzamt gemeldet &#8211; was laut einem <a href=\"https:\/\/www.facebook.com\/permalink.php?story_fbid=pfbid0kG2ZVqQGJXLXEgdxE2RFayzrpFcA22X91bYvHGhtCZd8vzUHJXiaj7YMjv4vDPFHl&amp;id=100066683051818\" target=\"_blank\" rel=\"noopener\">Beitrag von <em>Deutschland gegen NAZIS<\/em> auf Facebook<\/a> allerdings von den zust\u00e4ndigen Finanz\u00e4mtern bestritten wird. Na, was da wohl noch alles ans Licht kommen wird &#8230; [Karl]<\/p>\n<p>2. Facebook \u00e4ndert seine Richtlinien, da man die Daten der User zum Training f\u00fcr KI benutzen m\u00f6chte. Was das f\u00fcr den Einzelnen f\u00fcr Vor- und Nachteile mit sich bringt, wird in einem <a href=\"https:\/\/www.mimikama.org\/richtlinien-aenderung-juni-2024-bei-facebook\/\" target=\"_blank\" rel=\"noopener\">Artikel von <em>Mimikama<\/em><\/a> beschrieben. Dort findet sich dann auch eine Anleitung, wie man dieser \u00c4nderung widersprechen kann, wenn man keinen Bock darauf hat. Unbedingt wissenswert f\u00fcr Facebook-Nutzer! [Karl]<\/p>\n<p>3. In einem <a href=\"https:\/\/www.blaetter.de\/ausgabe\/2024\/mai\/zwischen-utopie-und-resignation\" target=\"_blank\" rel=\"noopener\">Artikel in den <em>Bl\u00e4ttern f\u00fcr deutsche und internationale Politik<\/em><\/a> lotet Jens Beckert aus, was zurzeit an Klimaschutz realistisch umsetzbar und eher utopisch ist. Dabei betrachtet er sowohl die Sachen, die vonseiten der Politik geschehen m\u00fcssen, als auch das, was jeder Einzelne beitragen kann &#8211; letztlich auch, um einen gesellschaftlichen Stimmungswandel zu unterst\u00fctzen, der dann Politik und Wirtschaft zum Handeln bringt. Interessante und wichtige Gedanken &#8211; und wer das gern noch etwas weiter vertiefen m\u00f6chte: Beckert hat gerade auch ein Buch mit dem Titel \u201eVerkaufte Zukunft \u2013 Warum der Kampf gegen den Klimawandel zu scheitern droht\u201c ver\u00f6ffentlicht, das nat\u00fcrlich noch mal umfassendere Inhalte zu dem Thema bietet. [Karl]<\/p>\n<p>4. Rechtsextremes Gedankengut herrscht nur bei irgendwelchen verarmte Ostdeutschen vor? N\u00f6, die Schickeria findet das offensichtlich zum Teil auch richtig dufte. Anders ist nicht zu erkl\u00e4ren, dass ein paar High-Society-G\u00f6ren auf Sylt vor der Bar &#8222;Pony&#8220; beim Feiern ausl\u00e4nderfeindliche und neonazistische Parolen gesungen und gegr\u00f6lt haben, wie eine <a href=\"https:\/\/www.spiegel.de\/panorama\/gesellschaft\/sylt-gaeste-groelen-rechtsradikale-parolen-in-pony-bar-video-sorgt-fuer-entsetzen-a-7fae4f21-68e7-4aa9-b597-4c7d7c509a17\" target=\"_blank\" rel=\"noopener\">Meldung von <em>Spiegel Online<\/em><\/a> berichtet. Dabei haben sie sich auch noch gefilmt und das Ganze dann online gestellt &#8230; Ein <a href=\"https:\/\/taz.de\/Rechtsextreme-Gesaenge-auf-Sylt\/!6012559\/\" target=\"_blank\" rel=\"noopener\">Artikel in der <em>taz<\/em><\/a> beschreibt noch die Hintergr\u00fcnde dazu und dass das Partylied &#8222;L&#8217;amour toujour&#8220; von Gigi D&#8217;Agostino schon \u00f6fter von Rechten daf\u00fcr genutzt wurde, dann &#8222;Deutschland den Deutschen, Ausl\u00e4nder raus&#8220; mitzugr\u00f6len. Und eine AfD-Politikerin hat diesen primitiven Partymob dann auch noch richtig super gefunden &#8211; wenig \u00fcberraschend. [Karl]<\/p>\n<p>5. Im Atomm\u00fclllager Asse in Niedersachsen dringt laut einem <a href=\"https:\/\/taz.de\/Atommuelllager-Asse\/!6011977\/\" target=\"_blank\" rel=\"noopener\">Artikel in der <em>taz<\/em><\/a> Salzwasser ein und sucht sich immer neue Wege, sodass zurzeit nicht klar ist, ob die Situation vor Ort noch beherrschbar bleibt. Der eigentliche Plan war ja, das giftige Zeug, dass dort in gro\u00dfen Mengen unterirdisch lagert, ab 2033 dort rauszuholen. Nun ist nicht klar, ob das so noch funktionieren wird oder ob nicht eventuell die ganze Anlage geflutet werden muss &#8211; mit unabsehbaren Folgen f\u00fcr die gesamte Region. Wer immer noch meint, dass Atomkraft eine gute Idee ist, sollte also nur mal nach Asse schauen und sich die dortigen potenziellen Sch\u00e4den und immensen Kosten vor Augen f\u00fchren. [Karl]<\/p>\n<p>6. \u00dcber gro\u00dfe Aufregung in der Gamer-Szene berichtet Dom Schott in seiner <a href=\"https:\/\/netzpolitik.org\/2024\/linksklick-unter-dem-deckmantel-des-besorgten-geschichtsfans\/\" target=\"_blank\" rel=\"noopener\">Kolumne auf <em>Netzpolitik.org<\/em><\/a>: Das neue Spiel der Reihe &#8222;Assassin&#8217;s Creed&#8220; spielt im historischen Japan &#8211; und einer der Protagonisten ist ein schwarzer Samurai. Das rief nat\u00fcrlich sofort Kritiker auf den Plan, die von Geschichtsf\u00e4lschung sprechen. Allerdings gab es ebendiesen schwarzen Samurai namens Yasuke tats\u00e4chlich, doch von so einer Tatsache lassen sich diejenigen, die nun gleich wieder \u00fcbertrieben Wokeness vermuten, nicht abschrecken. Woran man sieht: Es geht diesen Leuten nicht um korrekte geschichtliche Darstellung (zumal in einem Spiel, in dem auch Aliens vorkommen, was offenbar niemanden zu st\u00f6ren scheint), sondern um reinen Rassismus. [Karl]<\/p>\n<p>7. Die Studie &#8222;Banking on Climate Chaos&#8220; hat einer <a href=\"https:\/\/www.regenwald.org\/news\/12186\/banken-finanzieren-erdoel-und-erdgas-mit-milliarden?mtu=597667494&amp;t=21485\" target=\"_blank\" rel=\"noopener\">Meldung von <em>Rettet den Regenwald<\/em><\/a> zufolge ermittelt, mit wie viel Geld Banken weltweit seit dem Pariser Klimaabkommen fossile Energien gef\u00f6rdert haben: satte 6,9 Billionen US-Dollar. So wird es nat\u00fcrlich schwer, irgendwelche Klimaziele zu erreichen, wenn mit der Zerst\u00f6rung unseres Weltklimas immer noch derma\u00dfen viel Geld gemacht wird. [Karl]<\/p>\n<p>8. Die Bundesregierung ringt ja gerade darum, wo \u00fcberall gek\u00fcrzt werden muss, da sie zu wenig Einnahmen haben. Da sind zuerst mal B\u00fcrgergeldempf\u00e4nger und Aslysuchende im Fokus, auch in der \u00f6ffentlichen Diskussion, dabei g\u00e4be es eine recht einfache L\u00f6sung, wie die Staatskassen aufgef\u00fcllt werden k\u00f6nnten: Betriebspr\u00fcfer beim Finanzamt einstellen. Die bringen n\u00e4mlich wesentlich mehr Geld ein als sie kosten, wie Maurice H\u00f6fgen in einem <a href=\"https:\/\/www.geldfuerdiewelt.de\/p\/betriebsprufer-steuern-lindner-finanzamt-hoefgen\" target=\"_blank\" rel=\"noopener\">Artikel seines Blogs <em>Geld f\u00fcr die Welt<\/em><\/a> mit eindrucksvollen Zahlen belegt, sind aber absurderweise in den letzten Jahren immer mehr einem Stellenabbau zum Opfer gefallen. Schlecht f\u00fcr die Allgemeinheit, gut f\u00fcr Gro\u00dfbetriebe und Verm\u00f6gende, die sich so leichter vor ihren Steuerzahlungen dr\u00fccken k\u00f6nnen. [Karl]<\/p>\n<p>9. Fl\u00fcchtende werden in L\u00e4ndern wie Tunesien, Marokko oder Mauretanien von Sicherheitskr\u00e4ften zusammengetrieben, in Fahrzeuge verfrachtet und dann ohne Wasser irgendwo in der W\u00fcste ausgesetzt. Und das Ganze wird auch noch mit EU-Geldern finanziert. Klingt abenteuerlich, ist aber leider Realit\u00e4t, wie eine internationale Recherche, \u00fcber die ein <a href=\"https:\/\/www.tagesschau.de\/investigativ\/report-muenchen\/eu-asylsuchende-nordafrika-100.html\" target=\"_blank\" rel=\"noopener\">Artikel auf <em>tagesschau.de<\/em><\/a> berichtet, herausgefunden hat. Mit diesen Erkenntnissen konfrontiert, kommen von den daf\u00fcr zust\u00e4ndigen Politikern nur hohle Floskeln &#8211; und so k\u00f6nnen wir hier in Europa weiterhin mit Gewalt Menschen davon abhalten (und eben gern auch mal dabei umbringen), die zu uns kommen wollen. Widerlich! [Karl]<\/p>\n<p>10. Im Ma\u00dfregelvollzug Berlin-Reineckendorf sterben regelm\u00e4\u00dfig dort untergebrachte Personen, also Straft\u00e4ter, die psychisch krank oder suchtkrank sind. Nachdem nun schon der zweite Insasse innerhalb eines Monats dort verstorben ist, und das trotz einer eigentlich vorgesehenen 24-Stunden-\u00dcberwachung, ermittelt nun die Staatsanwaltschaft, wie aus einem <a href=\"https:\/\/taz.de\/Berliner-Massregelvollzug\/!6009109\/\" target=\"_blank\" rel=\"noopener\">Artikel der <em>taz<\/em><\/a> hervorgeht. Das grunds\u00e4tzliche Problem: Es gibt zu viele Insassen, zu wenig Betten und zu wenig Personal, daraus folgend dann auch zu wenig Therapieangebote. So sparen wir am Rande unserer Gesellschaft Menschen zu Tode. [Karl]<\/p>\n","protected":false},"excerpt":{"rendered":"<p>An dieser Stelle pr\u00e4sentieren wir regelm\u00e4\u00dfig Links, die wir unter der Woche entdeckt haben, zu denen wir selbst nicht mehr viel schreiben m\u00fcssen und die wir teilenswert finden. Viel Spa\u00df beim Lesen und Anschauen!<\/p>\n","protected":false},"author":5,"featured_media":0,"comment_status":"open","ping_status":"open","sticky":false,"template":"","format":"standard","meta":{"footnotes":""},"categories":[193],"tags":[],"class_list":["post-28880","post","type-post","status-publish","format-standard","hentry","category-woechentliches"],"_links":{"self":[{"href":"https:\/\/www.unterstroemt.de\/index.php?rest_route=\/wp\/v2\/posts\/28880","targetHints":{"allow":["GET"]}}],"collection":[{"href":"https:\/\/www.unterstroemt.de\/index.php?rest_route=\/wp\/v2\/posts"}],"about":[{"href":"https:\/\/www.unterstroemt.de\/index.php?rest_route=\/wp\/v2\/types\/post"}],"author":[{"embeddable":true,"href":"https:\/\/www.unterstroemt.de\/index.php?rest_route=\/wp\/v2\/users\/5"}],"replies":[{"embeddable":true,"href":"https:\/\/www.unterstroemt.de\/index.php?rest_route=%2Fwp%2Fv2%2Fcomments&post=28880"}],"version-history":[{"count":15,"href":"https:\/\/www.unterstroemt.de\/index.php?rest_route=\/wp\/v2\/posts\/28880\/revisions"}],"predecessor-version":[{"id":28913,"href":"https:\/\/www.unterstroemt.de\/index.php?rest_route=\/wp\/v2\/posts\/28880\/revisions\/28913"}],"wp:attachment":[{"href":"https:\/\/www.unterstroemt.de\/index.php?rest_route=%2Fwp%2Fv2%2Fmedia&parent=28880"}],"wp:term":[{"taxonomy":"category","embeddable":true,"href":"https:\/\/www.unterstroemt.de\/index.php?rest_route=%2Fwp%2Fv2%2Fcategories&post=28880"},{"taxonomy":"post_tag","embeddable":true,"href":"https:\/\/www.unterstroemt.de\/index.php?rest_route=%2Fwp%2Fv2%2Ftags&post=28880"}],"curies":[{"name":"wp","href":"https:\/\/api.w.org\/{rel}","templated":true}]}}