{"id":29069,"date":"2024-07-07T19:56:33","date_gmt":"2024-07-07T17:56:33","guid":{"rendered":"https:\/\/www.unterstroemt.de\/?p=29069"},"modified":"2024-07-13T13:58:01","modified_gmt":"2024-07-13T11:58:01","slug":"interessantes-aus-kw-27-2024","status":"publish","type":"post","link":"https:\/\/www.unterstroemt.de\/?p=29069","title":{"rendered":"Interessantes aus KW 27\/2024"},"content":{"rendered":"<p>An dieser Stelle pr\u00e4sentieren wir regelm\u00e4\u00dfig Links, die wir unter der Woche entdeckt haben, zu denen wir selbst nicht mehr viel schreiben m\u00fcssen und die wir teilenswert finden. Viel Spa\u00df beim Lesen und Anschauen!<\/p>\n<p>1. Nora Nemitz hat sich mal mit der neuen franz\u00f6sischen App &#8222;Ten Ten&#8220; befasst und berichtet dar\u00fcber in einem <a href=\"https:\/\/netzpolitik.org\/2024\/ten-ten-das-handy-walkie-talkie\/\" target=\"_blank\" rel=\"noopener\">Artikel auf <em>Netzpolitik.org<\/em><\/a>. Das Prinzip hinter dieser App: Nutzer k\u00f6nnen einfach so miteinander sprechen wie \u00fcber ein Walkie-Talkie, Nachrichten werden also nicht erst abgerufen vom Empf\u00e4nger, sondern augenblicklich auf seinem Handy abgespielt, wenn sie versendet wurden. Kritiker bef\u00fcrchten vor allem negative Auswirkungen auf Kinder und Jugendliche, da so Mobbing noch mal erheblich vereinfacht werden kann. Die Herstellerfirma sagt zwar, dass die Nachrichten nicht gespeichert werden, aber irgendwie werden die mit ihrer App ja auch mal Geld machen wollen &#8230; [Karl]<\/p>\n<p>2. In seiner <a href=\"https:\/\/www.spiegel.de\/wissenschaft\/mensch\/arbeitszeitdebatte-christian-lindner-markus-soeder-und-jens-spahn-die-faulheit-der-anderen-kolumne-a-98ec191e-eee7-444e-86ca-c8d42623393d\" target=\"_blank\" rel=\"noopener\">Kolumne auf <em>Spiegel Online<\/em><\/a> nimmt sich Christian St\u00f6cker mal der Verlogenheit etlicher Politiker an, die zurzeit gerade lauthals fordern, dass die Menschen in Deutschland weniger faul sein und mehr arbeiten sollten. Interessanterweise sind das vor allem Typen wie Markus S\u00f6der, Christian Lindner oder Jens Spahn, die selbst nur eine extrem kurze Zeit einer geregelten Erwerbsarbeit nachgegangen sind und ansonsten zeit ihres Lebens von \u00f6ffentlichen Geldern alimentiert wurden. Stattdessen sollte man lieber mal \u00fcber Zuwanderung und die Besteuerung von gro\u00dfen Verm\u00f6gen und Erbschaften diskutieren, so St\u00f6cker &#8211; aber das wollen je gerade FDP und CDU lieber nicht h\u00f6ren. [Karl]<\/p>\n<p>3. Die Hamburger Musikerin Catharina Boutari schildert in einem <a href=\"https:\/\/www.bonedo.de\/artikel\/im-club-zu-spielen-kann-ich-mir-nicht-mehr-leisten\/\" target=\"_blank\" rel=\"noopener\">Artikel auf <em>bonedo<\/em><\/a>, warum sie es sich nicht mehr leisten kann, Konzerte in Clubs zu geben. Das findet sie nat\u00fcrlich schon sehr schade, aber wenn man sich anschaut, wie sie bei ihrem letzten Club-Gig fast 1000 Euro draufgezahlt hat, da sie selbst als Veranstalterin fungieren musste und der Club ein Festgeld kassierte und somit kein Risiko eingeht, dann ist das schon nachvollziehbar. So stirbt eben die Musikkultur weiter bzw. konzentriert sich zunehmend auf ein paar gro\u00dfe Player, die dann langweilige Allerweltsmusik f\u00fcr den Dudelfunk machen. [Karl]<\/p>\n<p>4. David Schafbuch \u00e4u\u00dfert sich in einem <a href=\"https:\/\/www.t-online.de\/nachrichten\/ausland\/id_100441260\/wahl-in-grossbritannien-tories-stuerzen-ab-tiefpunkt-noch-nicht-erreicht.html\" target=\"_blank\" rel=\"noopener\">Kommentar auf <em>t-online<\/em><\/a> zum britischen Wahlergebnis, bei dem die regierenden Tories eine herbe Niederlage eingefahren haben. Dabei l\u00e4sst er auch noch mal Revue passieren, was die in den 14 letzten Jahren unter konservativer Regentschaft f\u00fcr ein Desaster angerichtet haben. Der n\u00e4chsten Labour-Regierung wird es wohl kaum gelingen, diese Verw\u00fcstungen in einer Amtszeit wiedergutzumachen, sodass zu bef\u00fcrchten steht, dass auch in Gro\u00dfbritannien ein Rechtsrutsch in zu Nigel Farage und seiner rechtsextremen Partei Reform UK. [Karl]<\/p>\n<p>5. Die SPD-Politikern und Autorin Sawsan Chebli hat pal\u00e4stinensische Wurzeln &#8211; und f\u00fchlt sich deswegen in den letzten Monaten st\u00e4rker als je zuvor ausgegrenzt in Deutschland. In einem <a href=\"https:\/\/taz.de\/!6017664\/\" target=\"_blank\" rel=\"noopener\">Interview mit der <em>taz<\/em><\/a> thematisiert die ehemalige Staatssekret\u00e4rin die \u00fcberwiegend einseitige Sichtweise deutscher Politiker und Medien auf den Krieg in Gaza und kritisiert die inflation\u00e4re Verwendung des Begriffs Antisemitismus bei jeder Form von Kritik an der rechtsextremen israelischen Regierung. Das f\u00fchrt (nicht nur) bei ihr zu einem stetig wachsenden Gef\u00fchl der Entfremdung mit Deutschland. Interessant auch, dass sie anspricht, dass die Sichtweise auf diesen Krieg in anderen L\u00e4ndern eine ziemlich andere ist als hierzulande. [Karl]<\/p>\n<p>6. Im ersten Halbjahr 2024 wurden 58 % des Stroms in Deutschland aus erneuerbaren Quellen gewonnen, wie aus einer <a href=\"https:\/\/www.heise.de\/news\/Rekord-58-Prozent-des-Stroms-aus-erneuerbaren-Energien-9784161.html\" target=\"_blank\" rel=\"noopener\">Meldung von <em>heise online<\/em><\/a> hervorgeht. Das ist ein Rekordwert f\u00fcr einen Halbjahreszeitraum und zeigt, dass beim Ausbau von erneuerbaren Energien doch einiges vorangegangen ist in den letzten Jahren &#8211; vor allem die Photovoltaik hat deutlich zugelegt. Das ist doch mal was Erfreuliches, oder? [Karl]<\/p>\n<p>7. Die nonbin\u00e4re Maja T. ist in einer Nacht-und-Nebel-Aktion von Deutschland aus nach Ungarn ausgeliefert worden &#8211; und das, w\u00e4hrend das Bundesverfassungsgericht noch beriet, ob diese Auslieferung rechtens sei in Bezug auf das Grundgesetz. In einem <a href=\"https:\/\/www.lto.de\/recht\/nachrichten\/n\/maja-t-auslieferung-ungarn-bverfg-eilantrag-zu-spaet\/#\" target=\"_blank\" rel=\"noopener\">Artikel von <em>Legal Tribune Online<\/em><\/a> werden die juristischen Bedenken an diesem Vorgehen dargestellt. Ungarn wirft der linksextreme Maja T. vor, an Angriffen auf Neonazis in Ungarn teilgenommen zu haben. Allerdings ist Ungarn auch f\u00fcr seine Feindseligkeit gegen\u00fcber nonbin\u00e4ren Menschen bekannt, sodass kaum zu erwarten ist, dass Maja T. dort ein faires Verfahren bekommen wird. Insofern ist das schon ein skandal\u00f6ses Vorgehen von Generalstaatsanwaltschaft und Landeskriminalamt Sachsen. [Karl]<\/p>\n<p>8. In den USA gehr der Demokratieabbau weiter voran, n\u00e4mlich durch ein Urteil des Obersten Gerichtshofs, demzufolge ein ehemaliger US-Pr\u00e4sident Immunit\u00e4t genie\u00dft f\u00fcr Straftaten, die er in Aus\u00fcbung seines Amtes begangen hat. Die drei von demokratischen Pr\u00e4sidenten eingesetzten Richterinnen zeigen sich laut einem <a href=\"https:\/\/www.n-tv.de\/politik\/Trump-Urteil-Drei-Richterinnen-warnen-eindringlich-vor-den-Folgen-article25056192.html\" target=\"_blank\" rel=\"noopener\">Artikel von <em>ntv<\/em><\/a> entsetzt, die Mehrheit von sechs von republikanischen Pr\u00e4sidenten eingesetzten Richtern findet das super. Genau wie Donald Trump, f\u00fcr den das eine Art Freibrief darstellt, nach einer Amts\u00fcbernahme im November dann, wie von ihm angek\u00fcndigt, ein faschistisches Regime in den USA zu implementieren. So langsam, aber sicher sollte man vielleicht besser auf Distanz zu diesem &#8222;Verb\u00fcndeten&#8220; gehen. [Karl]<\/p>\n<p>9. Eine Studie vom Netzwerk Steuergerechtigkeit und von Oxfam hat ergeben, dass durch das Aussetzen der Verm\u00f6genssteuer im Jahr 1996 in Deutschland etwa 380 Milliarden Euro Mindereinnahmen in den Staatskassen sind. Allerdings kommt f\u00fcr die FDP, die mal wieder ihre Koalitionspartner am Nasenring durch die Manage f\u00fchrt, das nicht infrage, sodass man vonseiten der Regierung lieber bei Entwicklungshilfe und Sozialausgaben sparen wird. Was dabei noch hinzukommt: Die Angst vor Steuerflucht bei h\u00f6herer Besteuerung von Verm\u00f6genden, die ja aus FPD-Kreisen gern gesch\u00fcrt wird, ist reichlich irrational, wie in einem <a href=\"https:\/\/taz.de\/Ausgesetzte-Vermoegenssteuer\/!6021305\/\" target=\"_blank\" rel=\"noopener\">Artikel in der <em>taz<\/em><\/a> festgestellt wird. Es geht also mal wieder nur um asoziale Klientelpolitik zulasten derer, die sowieso schon wenig haben. Typisch FDP eben. [Karl]<\/p>\n<p>10. Sahra Wagenknechts Partei BSW gibt ja gern vor, links zu sein und der AfD mit sozialen Positionen W\u00e4hler abzujagen. Dass beides nicht stimmt, stellt Robin Jaspert in einem <a href=\"https:\/\/www.jacobin.de\/artikel\/migration-sahra-wagenknecht-bsw-lohnkonkurrenz\" target=\"_blank\" rel=\"noopener\">Artikel auf <em>Jacobin<\/em><\/a> dar, indem er aufzeigt, dass Wagenknechts vermeintlich arbeiterfreundliche Aussagen gegen Migranten jeder \u00f6konomischen Realit\u00e4t entbehren. Vielmehr wird auf diese Weise rechtes Gedankengut weiter hoff\u00e4hig gemacht, der Rechtsrutsch mehr befeuert und eine Spaltung der Arbeiterschaft vorangetrieben. Linke Politik hingegen m\u00fcsse immer auch die Bed\u00fcrfnisse von Gefl\u00fcchteten und anderen Migranten mitdenken. Richtig so! [Karl]<\/p>\n<p>11. In Bolivien hat ein komplett dilettantisch durchgef\u00fchrter Putschversuch f\u00fcr Aufregung gesorgt. Da alle Parteien im Land das Vorgehen von General Z\u00fa\u00f1iga zur Beseitigung der Regierung ablehnten und der General selbst nach seiner Absetzung sagte, dass er von Pr\u00e4sident Luis Arce zu diesem Putschversuch aufgefordert worden sei, ist die Verwirrung, was das Ganze sollte, nun reichlich gro\u00df, wie aus einem <a href=\"https:\/\/www.ipg-journal.de\/regionen\/lateinamerika\/artikel\/alles-nur-show-7610\/\" target=\"_blank\" rel=\"noopener\">Artikel vom <em>IPG-Journal<\/em><\/a> hervorgeht. Dabei h\u00e4tte Bolivien wahrlich genug Probleme, um die sich gek\u00fcmmert werden m\u00fcsste, anstatt da so einen Firlefanz aufzuf\u00fchren. [Karl]<\/p>\n<p>12. Ulrich Brand und Markus Wissen haben gerade ein Buch geschrieben: \u201eKapitalismus am Limit. \u00d6ko-imperiale Spannungen, umk\u00e4mpfte Krisenpolitik und solidarische Perspektiven\u201c. Eine Zusammenfassung davon findet sich in einem <a href=\"https:\/\/www.blaetter.de\/ausgabe\/2024\/juni\/klima-krise-krieg\" target=\"_blank\" rel=\"noopener\">Artikel in den <em>Bl\u00e4ttern f\u00fcr deutsche und internationale Politik<\/em><\/a> der beiden Autoren, und das ist schon sehr interessant. Es geht ihnen n\u00e4mlich darum, die &#8222;\u00f6ko-imperialen&#8220; Spannungen und Konflikte aufzuzeigen, die entstehen, weil der Wachstumszwang des Kapitalismus immer offensichtlicher an seine Grenzen st\u00f6\u00dft, die mittlerweile planetar sind, sodass nicht einfach nur mehr Sch\u00e4den in anderen Weltregionen angerichtet werden k\u00f6nnen f\u00fcr den eigenen Wohlstand. So schafft sich der Kapitalismus immer mehr Krisen selbst, f\u00fcr die er keine L\u00f6sungen anbieten kann. Hochinteressant! [Karl]<\/p>\n<p>13. Kritik an der AfD kommt auch mal von einer Seite, von der man das sonst nicht so gewohnt ist: aus der Wirtschaft. In einem <a href=\"https:\/\/www.t-online.de\/nachrichten\/deutschland\/innenpolitik\/id_100438928\/jenoptik-chef-warnt-afd-erfolg-erschwert-mitarbeitersuche.html\" target=\"_blank\" rel=\"noopener\">Artikel auf <em>t-online<\/em><\/a> werden Aussagen von Stefan Traeger, dem Vorstandsvorsitzenden von Jenoptik, wiedergegeben, der es als ausgesprochen problematisch f\u00fcr den Standort Jena ansieht, dass die AfD in Th\u00fcringen so stark ist. Schon jetzt w\u00fcrde er von internationalen Investoren mit Skepsis darauf angesprochen, und auch die Suche von qualifizierten Fachkr\u00e4ften gestaltet sich nicht eben einfacher mit einer starken AfD, weil das beispielsweise Menschen mit Migrationshintergrund abschreckt. Tja, da sieht man mal, was diese selbsternannten Patrioten ihrem Land f\u00fcr einen Schaden zuf\u00fcgen. [Karl]<\/p>\n<p>14. Die Berliner Volksbank hat sich zustimmend zu den bundesweiten Protesten gegen Rechts Anfang des Jahres ge\u00e4u\u00dfert. Hieran wurden sie nun mittels einer Petition von Omas gegen Rechts erinnert, die auch die entsprechende Haltung einforderten, wie aus einem <a href=\"https:\/\/taz.de\/Petition-der-Omas-gegen-Rechts\/!6018131\/\" target=\"_blank\" rel=\"noopener\">Artikel in der <em>taz<\/em><\/a> hervorgeht. Das Resultat: Der AfD wurde das Konto bei der Berliner Volksbank gek\u00fcndigt. Gut so &#8211; und es sollten bitte weitere Banken folgen. [Karl]<\/p>\n","protected":false},"excerpt":{"rendered":"<p>An dieser Stelle pr\u00e4sentieren wir regelm\u00e4\u00dfig Links, die wir unter der Woche entdeckt haben, zu denen wir selbst nicht mehr viel schreiben m\u00fcssen und die wir teilenswert finden. Viel Spa\u00df beim Lesen und Anschauen!<\/p>\n","protected":false},"author":5,"featured_media":0,"comment_status":"open","ping_status":"open","sticky":false,"template":"","format":"standard","meta":{"footnotes":""},"categories":[193],"tags":[],"class_list":["post-29069","post","type-post","status-publish","format-standard","hentry","category-woechentliches"],"_links":{"self":[{"href":"https:\/\/www.unterstroemt.de\/index.php?rest_route=\/wp\/v2\/posts\/29069","targetHints":{"allow":["GET"]}}],"collection":[{"href":"https:\/\/www.unterstroemt.de\/index.php?rest_route=\/wp\/v2\/posts"}],"about":[{"href":"https:\/\/www.unterstroemt.de\/index.php?rest_route=\/wp\/v2\/types\/post"}],"author":[{"embeddable":true,"href":"https:\/\/www.unterstroemt.de\/index.php?rest_route=\/wp\/v2\/users\/5"}],"replies":[{"embeddable":true,"href":"https:\/\/www.unterstroemt.de\/index.php?rest_route=%2Fwp%2Fv2%2Fcomments&post=29069"}],"version-history":[{"count":16,"href":"https:\/\/www.unterstroemt.de\/index.php?rest_route=\/wp\/v2\/posts\/29069\/revisions"}],"predecessor-version":[{"id":29112,"href":"https:\/\/www.unterstroemt.de\/index.php?rest_route=\/wp\/v2\/posts\/29069\/revisions\/29112"}],"wp:attachment":[{"href":"https:\/\/www.unterstroemt.de\/index.php?rest_route=%2Fwp%2Fv2%2Fmedia&parent=29069"}],"wp:term":[{"taxonomy":"category","embeddable":true,"href":"https:\/\/www.unterstroemt.de\/index.php?rest_route=%2Fwp%2Fv2%2Fcategories&post=29069"},{"taxonomy":"post_tag","embeddable":true,"href":"https:\/\/www.unterstroemt.de\/index.php?rest_route=%2Fwp%2Fv2%2Ftags&post=29069"}],"curies":[{"name":"wp","href":"https:\/\/api.w.org\/{rel}","templated":true}]}}