{"id":29185,"date":"2024-07-26T11:44:21","date_gmt":"2024-07-26T09:44:21","guid":{"rendered":"https:\/\/www.unterstroemt.de\/?p=29185"},"modified":"2024-07-26T11:44:21","modified_gmt":"2024-07-26T09:44:21","slug":"rechte-selbstverstaendlichkeit","status":"publish","type":"post","link":"https:\/\/www.unterstroemt.de\/?p=29185","title":{"rendered":"Rechte Selbstverst\u00e4ndlichkeit"},"content":{"rendered":"<p>Ich bin in einer Zeit aufgewachsen, als rechtes Gedankengut nur heimlich ge\u00e4u\u00dfert wurde, da so was allgemein doch sehr verp\u00f6nt war. Diese Zeiten haben sich leider sehr stark ge\u00e4ndert &#8230;<\/p>\n<p>Was fr\u00fcher nur hinter vorgehaltener Hand am Stammtisch von sich gegeben wurde (und selbst dort dann mitunter Kopfsch\u00fctteln verursachte), wird heutzutage mit gro\u00dfer Selbstverst\u00e4ndlichkeit vor allem im Internet herausposaunt &#8211; egal, wie rassistisch, v\u00f6lkisch, r\u00fcckschrittlich, misogyn, homosexuellenfeindlich oder sonst wie menschenverachtend das auch sein mag. Und das oftmals auch noch nicht mal hinter einem Nickname verborgen, sondern ganz direkt unter dem eigenen Klarnamen.<\/p>\n<p>Nat\u00fcrlich sagen solche Leute dann auch immer wieder gern, dass man ja so vieles gar nicht sagen d\u00fcrfe, nur um es dann doch zu sagen. Juristische Sanktionen gibt es n\u00e4mlich in solchen F\u00e4llen nur sehr, sehr selten, was eben zuweilen noch passiert, ist, dass man halt Widerspruch bekommt, wenn man sich als Rassist, Frauenfeind usw. outet. Aber da man das ja freiwillig macht, ist es dann auch nur logisch, dass man dann eben mit der Konsequenz einer sozialen \u00c4chtung leben muss &#8211; wenn sich diese denn \u00fcberhaupt einstellt.<\/p>\n<p>Dass das mittlerweile leider oft genug \u00fcberhaupt nicht mehr der Fall ist, sieht man beispielsweise daran, dass selbst Firmen und Gesch\u00e4ftsleute rechten M\u00fcll auf ihren Social-Media-Profilen posten, ohne sich Gedanken \u00fcber eventuelle dadurch verursachte Umsatzeinbu\u00dfen zu machen.<\/p>\n<p>Zwei Beispiele daf\u00fcr. Das erste ist ein Shop f\u00fcr Shirts namens &#8222;shirtzshop.de&#8220;, der auf seiner Facebook-Wall ein Bild teilt, das so gar nichts mit Bekleidung zu tun hat, sondern eindeutig ein rassistisches Statement voller Ressentiment ist:<\/p>\n<p><img loading=\"lazy\" decoding=\"async\" class=\"aligncenter wp-image-29188\" src=\"https:\/\/www.unterstroemt.de\/wp-content\/uploads\/Bildschirmfoto-2024-07-11-um-11.56.22-300x249.png\" alt=\"\" width=\"600\" height=\"499\" srcset=\"https:\/\/www.unterstroemt.de\/wp-content\/uploads\/Bildschirmfoto-2024-07-11-um-11.56.22-300x249.png 300w, https:\/\/www.unterstroemt.de\/wp-content\/uploads\/Bildschirmfoto-2024-07-11-um-11.56.22-1024x852.png 1024w, https:\/\/www.unterstroemt.de\/wp-content\/uploads\/Bildschirmfoto-2024-07-11-um-11.56.22-768x639.png 768w, https:\/\/www.unterstroemt.de\/wp-content\/uploads\/Bildschirmfoto-2024-07-11-um-11.56.22-1320x1098.png 1320w, https:\/\/www.unterstroemt.de\/wp-content\/uploads\/Bildschirmfoto-2024-07-11-um-11.56.22.png 1378w\" sizes=\"auto, (max-width: 600px) 100vw, 600px\" \/><\/p>\n<p>Richtig ekelhaft, oder? Aber man sieht ja, dass die Follower dieses Shops das durchaus guthei\u00dfen mit fast 1000 Likes. Gut, wenn man sich dann die Website anschaut von denen, dann sieht man auch gleich, wo der Hase langl\u00e4uft: Pro-AfD-Motive, Trump-Shirts und was es sonst noch alles an widerw\u00e4rtigem rechtem M\u00fcll so gibt. Aber es ist offensichtlich kein Problem, so was einfach so anzubieten und zu vertreiben, da es genug Leute gibt, die auf derartigen abartigen Kram stehen.<\/p>\n<p>Ein weiteres Beispiel ist erst mal unpolitischer, denn dabei handelt es sich um das Caf\u00e9 Mohrenkopf (wobei der Name nat\u00fcrlich auch schon so ein bisschen ein Statement ist f\u00fcr die Fraktion der Ewiggestrigen) aus Ingolstadt:<\/p>\n<p><img loading=\"lazy\" decoding=\"async\" class=\"aligncenter wp-image-29189\" src=\"https:\/\/www.unterstroemt.de\/wp-content\/uploads\/Bildschirmfoto-2024-07-11-um-11.54.58-197x300.png\" alt=\"\" width=\"600\" height=\"915\" srcset=\"https:\/\/www.unterstroemt.de\/wp-content\/uploads\/Bildschirmfoto-2024-07-11-um-11.54.58-197x300.png 197w, https:\/\/www.unterstroemt.de\/wp-content\/uploads\/Bildschirmfoto-2024-07-11-um-11.54.58-672x1024.png 672w, https:\/\/www.unterstroemt.de\/wp-content\/uploads\/Bildschirmfoto-2024-07-11-um-11.54.58-768x1171.png 768w, https:\/\/www.unterstroemt.de\/wp-content\/uploads\/Bildschirmfoto-2024-07-11-um-11.54.58-1007x1536.png 1007w, https:\/\/www.unterstroemt.de\/wp-content\/uploads\/Bildschirmfoto-2024-07-11-um-11.54.58-1343x2048.png 1343w, https:\/\/www.unterstroemt.de\/wp-content\/uploads\/Bildschirmfoto-2024-07-11-um-11.54.58-1320x2013.png 1320w, https:\/\/www.unterstroemt.de\/wp-content\/uploads\/Bildschirmfoto-2024-07-11-um-11.54.58.png 1414w\" sizes=\"auto, (max-width: 600px) 100vw, 600px\" \/><\/p>\n<p>Da hockt dann der Betreiber des Ladens unter einem Schirm, starrt in den Regen und verbreitet das bei Klimawandelleugnern (die meistens deckungsgleich mit Rechten sind) beliebte Narrativ, dass der w\u00e4rmste Sommer seit Aufzeichnungsbeginn ja doch nicht so schlimm ist, wenn es vor seiner Klitsche kalt ist und regnet (s. dazu meinen <a href=\"https:\/\/www.unterstroemt.de\/?p=29015\" target=\"_blank\" rel=\"noopener\">Artikel<\/a> von letzter Woche). Dass dann ein bei solchen Leuten \u00fcblicher Rechtschreibpatzer (&#8222;H\u00f6hlensommer&#8220; statt &#8222;H\u00f6llensommer&#8220;) auch noch dabei ist, rundet das Bild letztlich noch ab.<\/p>\n<p>Und dieser Typ scheint keine Bedenken zu haben, dass ihm so eine dumme und tendenzi\u00f6se Aussage, die ja nun auch nichts mit den Sachen, die er in seinem Caf\u00e9 anbietet, zu tun hat, irgendwie Einbu\u00dfen bei der Kundschaft bescheren k\u00f6nnte.<\/p>\n<p>Nun kann man nat\u00fcrlich sagen, dass man nicht unbedingt knallhart auf dem Woke-Trip sein muss, um eher einen Bogen um ein Caf\u00e9 mit Namen &#8222;Mohrenkopf&#8220; zu machen, sodass die Kundschaft dort vielleicht auch schon eine entsprechende Schlagseite hat. Allerdings zeigt so ein Posting f\u00fcr mich, wie selbstverst\u00e4ndlich heutzutage politisch unsinniger, anr\u00fcchiger oder eben auch eindeutige rechtsextremer Inhalt (wie bei shirtzshop.de) geteilt wird.<\/p>\n<p>Und dann gibt es da noch Facebook-Seiten, die sich einen harmlosen Titel geben und darunter dann auch rechtslastiges bis rechtsextremes Zeug posten. Wie zum Beispiel die Seite &#8222;Interessante Sachen&#8220;.<\/p>\n<p><img loading=\"lazy\" decoding=\"async\" class=\"aligncenter wp-image-29191\" src=\"https:\/\/www.unterstroemt.de\/wp-content\/uploads\/Bildschirmfoto-2024-07-16-um-14.41.57-268x300.png\" alt=\"\" width=\"600\" height=\"671\" srcset=\"https:\/\/www.unterstroemt.de\/wp-content\/uploads\/Bildschirmfoto-2024-07-16-um-14.41.57-268x300.png 268w, https:\/\/www.unterstroemt.de\/wp-content\/uploads\/Bildschirmfoto-2024-07-16-um-14.41.57-916x1024.png 916w, https:\/\/www.unterstroemt.de\/wp-content\/uploads\/Bildschirmfoto-2024-07-16-um-14.41.57-768x859.png 768w, https:\/\/www.unterstroemt.de\/wp-content\/uploads\/Bildschirmfoto-2024-07-16-um-14.41.57-1374x1536.png 1374w, https:\/\/www.unterstroemt.de\/wp-content\/uploads\/Bildschirmfoto-2024-07-16-um-14.41.57-1320x1476.png 1320w, https:\/\/www.unterstroemt.de\/wp-content\/uploads\/Bildschirmfoto-2024-07-16-um-14.41.57.png 1388w\" sizes=\"auto, (max-width: 600px) 100vw, 600px\" \/><\/p>\n<p>Zun\u00e4chst mal scheint es hier darum zu gehen, dass ja heute alles so \u00fcberreguliert ist &#8211; was in diesem Fall nun die &#8222;Freie Fahrt f\u00fcr freie B\u00fcrger&#8220;-Hohlbratzen ansprechen soll. Allerdings wurde dann eben noch ein dunkelh\u00e4utiger Polizist mit ins Bild &#8222;geschmuggelt&#8220;. Und da bei der Polizei nach wie vor recht wenig Menschen mit afrikanischen Wurzeln t\u00e4tig sind, ist der bestimmt nicht aus Gr\u00fcnden der besonders guten Repr\u00e4sentativit\u00e4t gew\u00e4hlt worden, sondern um da gleich noch ein rassistisches Statement mitschwingen zu lassen. Da wird dann also aus einem vermeintlich harmlosen Scherzchen gleich mal eine unterschwellige Message, die dunkle Haut mit etwas Negativem in Verbindung bringt &#8211; ekelhaft, oder?<\/p>\n<p>Und leider sind die sozialen Medien voll mit solchen M\u00fcll &#8211; wobei dem viel zu selten widersprochen wird. Die Rassisten und Rechtsextremen sind n\u00e4mlich gar nicht in der \u00dcberzahl, wie man den Eindruck bekommen k\u00f6nnte, allerdings sind sie viel lauter, pr\u00e4senter und tippfreudiger als die anst\u00e4ndigen Menschen. Und so entsteht f\u00fcr Unbedarfte der Eindruck, dass es sich bei rechten Ansichten ja durchaus um eine weit verbreitete, wenn nicht gar Mehrheitsmeinung handeln k\u00f6nnte. Was dann wiederum ein fataler Eindruck ist, der hilft, rechte Menschenverachtung ein St\u00fcck weit zu normalisieren, sodass weitere solchen hetzerischen Beitr\u00e4ge ver\u00f6ffentlicht werden. Ein ziemlich scheu\u00dflicher Teufelskreis &#8230;<\/p>\n<p>&nbsp;<\/p>\n<p>Wenn Ihr Euch jetzt fragt, wieso ich mich auf solchen Seiten rumtreibe bzw. mir deren Inhalte angezeigt werden: Das ist dank des Facebook-Algorithmus so. Wenn man mal l\u00e4nger bei einem Beitrag verweilte oder dort sogar einen Kommentar postet, dann werden einem immer wieder \u00e4hnliche Sachen angezeigt. Die will man zwar eigentlich gar nicht sehen, da der Kommentar (wie bei mir in diesem Fall) negativ war, aber das schnallt der dusselige Algorithmus nicht &#8211; und dem geht es nicht darum, den Nutzern f\u00fcr sie interessante Sachen zu zeigen, sondern es soll nur Aktivit\u00e4t generiert werden.<\/p>\n<p>Das ist nat\u00fcrlich komplett armselig und nicht im Sinne der meisten Nutzer, die lieber etwas sehen wollen, was sie m\u00f6gen und was Freunde von ihnen gepostet haben, aber das interessiert Facebook nat\u00fcrlich nicht die Bohne. Hauptsache viele Klicks und viel Traffic, denn das kann man monetarisieren. W\u00e4re also sch\u00f6n, wenn es so ein soziales Netzwerk endlich mal in \u00f6ffentlicher Hand g\u00e4be ohne derartige Fisimatenten. Aber das ist wohl leider nur Wunschdenken &#8230;<\/p>\n<p>Der Vorteil ist nat\u00fcrlich, dass man so schon aus der eigenen Blase rausschaut und Sachen angezeigt bekommt, von deren Existenz man sonst gar nichts geahnt h\u00e4tte. Klar, wer sich mit zivilisierten Menschen umgibt, der kommt ja auch nicht auf die Idee, dass es solche Beitr\u00e4ge wie die oben abgebildeten geben k\u00f6nnte. Und dieses Wissen macht zwar keinen Spa\u00df, ist m. E. aber schon recht wichtig. Aber das w\u00e4re vielleicht ein Thema f\u00fcr einen weiteren Artikel &#8230;<\/p>\n","protected":false},"excerpt":{"rendered":"<p>Ich bin in einer Zeit aufgewachsen, als rechtes Gedankengut nur heimlich ge\u00e4u\u00dfert wurde, da so was allgemein doch sehr verp\u00f6nt war. Diese Zeiten haben sich leider sehr stark ge\u00e4ndert &#8230;<\/p>\n","protected":false},"author":3,"featured_media":0,"comment_status":"open","ping_status":"open","sticky":false,"template":"","format":"standard","meta":{"footnotes":""},"categories":[67,50,52],"tags":[785,218,1188],"class_list":["post-29185","post","type-post","status-publish","format-standard","hentry","category-medial-manipulatives","category-politisches","category-soziales","tag-klimakatastrophe","tag-rassismus","tag-rechtsrutsch"],"_links":{"self":[{"href":"https:\/\/www.unterstroemt.de\/index.php?rest_route=\/wp\/v2\/posts\/29185","targetHints":{"allow":["GET"]}}],"collection":[{"href":"https:\/\/www.unterstroemt.de\/index.php?rest_route=\/wp\/v2\/posts"}],"about":[{"href":"https:\/\/www.unterstroemt.de\/index.php?rest_route=\/wp\/v2\/types\/post"}],"author":[{"embeddable":true,"href":"https:\/\/www.unterstroemt.de\/index.php?rest_route=\/wp\/v2\/users\/3"}],"replies":[{"embeddable":true,"href":"https:\/\/www.unterstroemt.de\/index.php?rest_route=%2Fwp%2Fv2%2Fcomments&post=29185"}],"version-history":[{"count":9,"href":"https:\/\/www.unterstroemt.de\/index.php?rest_route=\/wp\/v2\/posts\/29185\/revisions"}],"predecessor-version":[{"id":29199,"href":"https:\/\/www.unterstroemt.de\/index.php?rest_route=\/wp\/v2\/posts\/29185\/revisions\/29199"}],"wp:attachment":[{"href":"https:\/\/www.unterstroemt.de\/index.php?rest_route=%2Fwp%2Fv2%2Fmedia&parent=29185"}],"wp:term":[{"taxonomy":"category","embeddable":true,"href":"https:\/\/www.unterstroemt.de\/index.php?rest_route=%2Fwp%2Fv2%2Fcategories&post=29185"},{"taxonomy":"post_tag","embeddable":true,"href":"https:\/\/www.unterstroemt.de\/index.php?rest_route=%2Fwp%2Fv2%2Ftags&post=29185"}],"curies":[{"name":"wp","href":"https:\/\/api.w.org\/{rel}","templated":true}]}}