{"id":2963,"date":"2015-05-10T10:17:50","date_gmt":"2015-05-10T08:17:50","guid":{"rendered":"https:\/\/www.unterstroemt.de\/?p=2963"},"modified":"2019-08-12T11:22:35","modified_gmt":"2019-08-12T09:22:35","slug":"interessantes-aus-kw-192015","status":"publish","type":"post","link":"https:\/\/www.unterstroemt.de\/?p=2963","title":{"rendered":"Interessantes aus KW 19\/2015"},"content":{"rendered":"<p>An dieser Stelle pr\u00e4sentieren wir regelm\u00e4\u00dfig Links, die wir unter der Woche entdeckt haben, zu denen wir selbst nicht mehr viel schreiben m\u00fcssen und die wir teilenswert finden. Viel Spa\u00df beim Lesen und Anschauen!<\/p>\n<p>1. Das d\u00fcrfte kein besonders gutes Licht auf die Hamburger Justiz werfen: Die Staatsanwaltschaft ermittelt nun, wie aus einem\u00a0<a href=\"http:\/\/www.taz.de\/Fluechtlingsprojekt-auf-Kampnagel\/!159246\/\" target=\"_blank\" rel=\"noopener noreferrer\"><em>taz<\/em>-Artikel<\/a> hervorgeht, aufgrund einer Anzeige von zwei hamburgischen AfD-Kaspern gegen die Intendantin des Kulturbetriebes <em>Kampnagel<\/em>\u00a0wegen eines dort installierten Kunstprojektes, das f\u00fcnf Lampedusa-Fl\u00fcchtingen Unterkunft bot. Nicht gerade weltst\u00e4dtisch, auf solch populistisches Wahlkampfged\u00f6ns der AfD \u00fcberhaupt ernsthaft einzugehen &#8230;<\/p>\n<p>2. Auf\u00a0<em>Publikative.org<\/em> findet sich ein offener Brief von Matthias Quent (leider nicht mehr online aufrufbar), der Augenzeuge von rechtsradikaler Gewalt am 1. Mai in Saalfeld war und sich nun \u00fcber diesen Vorfall und die seines Erachtens unangebrachte Reaktion von Polizei und Justiz auf diesen Vorfall macht.<\/p>\n<p>3. Der Streik der GDL besch\u00e4ftigte in der vergangenen Woche mal wieder die deutsche \u00d6ffentlichkeit, und vonseiten der \u00fcblichen Verd\u00e4chtigen von Springer, Bertelsmann und Co. wurde auch gleich wieder ordentlich Stimmung gemacht gegen die Lokf\u00fchrer. Und dies wird von vielen auch allzu gern aufgegriffen, die eben Beschwerlichkeiten wegen ausfallender Z\u00fcge in Kauf nehmen mussten. Aber zum Gl\u00fcck gibt es auch einige Stimmen, die in ein anderes Horn sto\u00dfen und die Notwendigkeit und Rechtm\u00e4\u00dfigkeit des Streiks klar benennen, sodass einige hier exemplarisch aufgef\u00fchrt werden sollen: <a href=\"http:\/\/www.taz.de\/!159292\/\" target=\"_blank\" rel=\"noopener noreferrer\">Bahnvorstand will Unterwerfung<\/a> in der\u00a0<em>taz<\/em>, <a href=\"http:\/\/www.tagesspiegel.de\/wirtschaft\/gdl-ein-lob-des-streiks\/11723784.html\" target=\"_blank\" rel=\"noopener noreferrer\">GDL &#8211; Ein Lob des Streiks<\/a> von\u00a0<em>Der Tagesspiegel<\/em>, Herr Weselsky, jetzt reicht es aber mal! auf\u00a0<em>Blasting News<\/em> (leider nicht mehr online aufrufbar), <a href=\"https:\/\/krautreporter.de\/634--durchhalten-bahn-burger-gdl-dieser-streik-ist-der-wichtigste-der-berliner-republik\" target=\"_blank\" rel=\"noopener noreferrer\">Durchhalten, Bahn, B\u00fcrger, GDL! Dieser Streik ist der wichtigste der Berliner Republik<\/a> der\u00a0<em>Krautreporter<\/em>, <a href=\"http:\/\/www.nachdenkseiten.de\/?p=25943#more-25943\" target=\"_blank\" rel=\"noopener noreferrer\">Bahnstreik &#8211; Die Bundesregierung legt die Republik lahm<\/a> auf den <em>NachDenkSeiten<\/em> und <a href=\"http:\/\/www.neues-deutschland.de\/artikel\/969958.danke-gdl.html\" target=\"_blank\" rel=\"noopener noreferrer\">Danke, GDL<\/a>\u00a0im\u00a0<em>neuen deutschland<\/em>.<\/p>\n<p>4. Konstantin Wecker hat auf seiner Homepage eine treffliche <a href=\"http:\/\/www.wecker.de\/de\/weckers-welt\/item\/602-Stellungnahme-zum-8-Mai.html\" target=\"_blank\" rel=\"noopener noreferrer\">Stellungnahme zum 8. Mai<\/a>, dem Tag der Befreiung Deutschlands vom Nazi-Regime, der sich zum 70. Mal gej\u00e4hrt hat, ver\u00f6ffentlicht. Dabei blickt er nicht nur zur\u00fcck, sondern weist vor allem Parallelen der Situation am Ende der Weimarer Republik zur heutigen Situation in Deutschland auf.<\/p>\n<p>5. <a href=\"http:\/\/robert-zion.de\/?page_id=7\" target=\"_blank\" rel=\"noopener noreferrer\">Robert Zion<\/a>\u00a0echauffiert sich in einem <a href=\"http:\/\/robert-zion.de\/?p=317\" target=\"_blank\" rel=\"noopener noreferrer\">Artikel in seinem Blog<\/a>\u00a0sehr zu Recht \u00fcber seine Parteigenossin Marieluise Beck, die ja in letzter Zeit als Sprecherin f\u00fcr Osteuropapolitik der Bundestagsfraktion der Gr\u00fcnen vor allem als Scharfmacherin im Ukraine-Konflikt gegen Russland aufgefallen ist. Becks einseitige Verbohrtheit f\u00fchrt nun n\u00e4mlich dazu, dass sie die Hungersnot in der Ukraine von 1932\/33 als Genozid bezeichnet &#8211; was dummerweise genau die Rechtfertigung von ukrainischen Nationalisten ist, die so ihre eigenen Nazikollaborateure und Judenm\u00f6rder reinwaschen wollen.<\/p>\n<p>6. Cooler Typ! Das Magazin\u00a0<em>enorm<\/em> stellt in einem <a href=\"http:\/\/enorm-magazin.de\/vom-mut-den-eigenen-weg-zu-gehen\" target=\"_blank\" rel=\"noopener noreferrer\">Artikel<\/a> den 23-j\u00e4hrigen Matti Pannenb\u00e4cker vor, der sich bewusst gegen den &#8222;klassischen&#8220; mittelst\u00e4ndischen Ausbildungsweg Gymnasium -&gt; Abitur -&gt; Universit\u00e4tsstudium entschieden hat und stattdessen sein ganz eigenes Ding macht.<\/p>\n<p>7. Das\u00a0<em>ARD<\/em>-Magazin\u00a0<em>Kontraste<\/em> besch\u00e4ftigt sich in einem <a href=\"https:\/\/www.youtube.com\/watch?v=BDL-I3-wDYM\" target=\"_blank\" rel=\"noopener noreferrer\">achtmin\u00fctigen Bericht<\/a> mit den Hintergr\u00fcnden der Aff\u00e4re um das Sturmgewehr G36 der Bundeswehr. Dabei wird deutlich, dass die ganze Debatte \u00fcberhaupt nicht auf inhaltlichen Fakten und somit tats\u00e4chlichen M\u00e4ngeln des Gewehrs basiert, sondern das hier nichts anderes als politischer Machtk\u00e4mpfe\u00a0unter Zuhilfenahme willf\u00e4hriger Medien betrieben werden.<\/p>\n<p>8. Gute Nachrichten aus Alberta\/Kanada: Laut einem Artikel auf\u00a0<em>Klimaretter.info<\/em>\u00a0(leider nicht mehr online) wurde dort die bisherige konservative Regierung \u00a0der Provinz abgew\u00e4hlt. Von der zuk\u00fcnftig regierenden New Democratic Party (NDP) kann erwartet werden, dass die Teersandindustrie (der Teersandabbau ist ein extrem umweltsch\u00e4dliches Verfahren zur \u00d6lgewinnung, das riesige verw\u00fcstete Mondlandschaften hinterl\u00e4sst) weniger unterst\u00fctzt wird.<\/p>\n<p>9. Chlorh\u00fchnchen und private Schiedsgerichte f\u00fcr Investrorenschutzklagen sind Dinge, die h\u00e4ufig in Bezug auf TTIP und CETA diskutiert werden, die allerdings auch f\u00fcr viele nur sehr wenig (zumindest auf den ersten Blick) mit ihrer eigenen Lebensrealit\u00e4t zu tun haben. Im <em>Campact<\/em>-Blog finden sich nun vier ganz konkrete Punkte, die deutlich aufzeigen, <a href=\"http:\/\/blog.campact.de\/2015\/05\/wie-ttip-und-ceta-dein-leben-veraendern\/?utm_source=post-facebook&amp;utm_medium=social&amp;utm_term=wie-ttip-und-ceta-dein-leben-veraendern&amp;utm_content=-Blog&amp;utm_campaign=%2Fttip-ebi\" target=\"_blank\" rel=\"noopener noreferrer\">wie TTIP und CETA Dein Leben ver\u00e4ndern<\/a>. Gut zu wissen und zudem eine gute Argumentationshilfe gegen\u00fcber Menschen, die immer noch glauben, diese Abkommen gingen sie nichts an. Daher ist es gut zu sehen, dass es auch von politischer Seite Gegenwind gegen diese Abkommen gibt, so zum Beispiel vom \u00f6sterreichischem Bundeskanzler Werner Faymann, wie die <a href=\"http:\/\/www.sueddeutsche.de\/wirtschaft\/kritik-an-freihandelsabkommen-diese-vertraege-werden-das-leben-unserer-kinder-beeinflussen-1.2465023\" target=\"_blank\" rel=\"noopener noreferrer\"><em>S\u00fcddeutsche Zeitung<\/em> berichtet<\/a>.<\/p>\n<p>10. Ein <a href=\"http:\/\/www.neues-deutschland.de\/artikel\/970367.sich-die-kanzlerin-wegdenken.html\" target=\"_blank\" rel=\"noopener noreferrer\">Kommentar im\u00a0<em>neuen deutschland<\/em><\/a>\u00a0zeigt treffend auf, warum das Gerede um die gef\u00e4hrdete Kanzlerin Merkel, die angeblich \u00fcber die NSA\/BND-Aff\u00e4re stolpern k\u00f6nnte, nichts anderes ist als mediales Get\u00f6se, das den Anschein waren soll, wir w\u00fcrden wirklich in einer Demokratie leben, in der sich elementare Dinge \u00e4ndern k\u00f6nnen, und nicht in einer zementierten Postdemokratie.<\/p>\n<p>11. Fans des Fu\u00dfballclubs 1860 M\u00fcnchen werfen mit &#8222;Nazis raus&#8220;-Sprechch\u00f6ren einen bekannten Rechtextremen aus ihrer Kurve im Stadion &#8211; und werden daraufhin vom Land Bayern als linksextrem eingestuft. Ein <a href=\"http:\/\/fussball-gegen-nazis.de\/beitrag\/1860-fans-gegen-nazis-nicht-linksextrem-10337\" target=\"_blank\" rel=\"noopener noreferrer\">Interview mit der Gr\u00fcnen-Politikerin Katharina Schulze<\/a> auf der Webseite Fu\u00dfball-gegen-Nazis.de zu diesem Vorfall offenbart erschreckende Einsichten in den Umgang mit Rechtsextremismus im Freistaat.<\/p>\n<p>12. Das Onlinemagazine\u00a0<em>Vice<\/em> pr\u00e4sentiert ein <a href=\"http:\/\/www.vice.com\/de\/read\/wir-haben-einen-experten-gefragt-was-passieren-wuerde-wenn-die-eu-ihre-grenzen-oeffnet-998\" target=\"_blank\" rel=\"noopener noreferrer\">Interview mit dem \u00d6konomen Michael Clemens<\/a>, der der Frage nachgeht, was wohl passieren w\u00fcrde, wenn tats\u00e4chlich die EU ihre Grenzen f\u00fcr Fl\u00fcchtlinge einfach \u00f6ffnen w\u00fcrde. Die Ergebnisse sind ausgesprochen interessant und unerwartet.<\/p>\n<p>13. Und noch ein \u00d6konom kommt zu Wort: In der <em>Frankfurter Rundschau<\/em> findet sich ein lesenswertes\u00a0<a href=\"http:\/\/www.fr-online.de\/arbeit--unsere-religion-\/interview-eine-frage-der--kapitalistischen-logik-,30242698,30558404.html\" target=\"_blank\" rel=\"noopener noreferrer\">Interview mit Norbert Trenkle<\/a>, der sich Gedanken dar\u00fcber macht, wie die zunehmende Rationalisierung auf dem Arbeitsmarkt zu einem komplett neuen Verst\u00e4ndnis von Arbeit f\u00fchren k\u00f6nnte, um auf diese Weise allen Arbeitnehmern zugutezukommen. Allerdings widerspricht diese Denkweise leider den kapitalistischen Grundprinzipien &#8230;<\/p>\n<p>14. Ein interessanter <a href=\"http:\/\/www.tagesspiegel.de\/politik\/baltimore-pegida-1-mai-der-soziale-kitt-was-den-frieden-wahrt\/11722890.html\" target=\"_blank\" rel=\"noopener noreferrer\">Artikel im\u00a0<em>Tagesspiegel<\/em><\/a> besch\u00e4ftigt sich aus soziologischer Sicht mit den Gr\u00fcnden f\u00fcr gewaltt\u00e4tige Unruhen in der \u00d6ffentlichkeit. Da wundert es einen nicht, dass in Zeiten zunehmender Vereinzelung und Ausgrenzung vieler Ph\u00e4nomene wie Pegida, Event-Randalierer oder auch Ausschreitungen nach rassistischer Polizeigewalt in den USA zunehmend h\u00e4ufiger auftreten.<\/p>\n<p>15. Ein <a href=\"http:\/\/www.tagesschau.de\/inland\/urheberrecht-101.html\" target=\"_blank\" rel=\"noopener noreferrer\">Interview mit Julia Reda<\/a> von der Pirtatenpartei auf\u00a0<em>tagesschau.de<\/em> gibt interessante Einblicke in die derzeitige Situation des Urheberrechts in der EU und dar\u00fcber, wie unzeitgem\u00e4\u00df es in Zeiten des grenzenlosen Internets ist, 28 verschiedene und teilweise im Widerspruch zueinander stehende nationale Urheberrechte zu habe.<\/p>\n<p>16. Laut einem <a href=\"http:\/\/www.tagesspiegel.de\/politik\/deutsche-unternehmen-im-ausland-spitzenrang-bei-menschenrechtsverletzungen\/11733036.html\" target=\"_blank\" rel=\"noopener noreferrer\">Artikel im\u00a0<em>Tagesspiegel<\/em><\/a> belegt Deutschland einen unr\u00fchmlichen f\u00fcnften Platz in der Rangliste der Menschenrechtsverletzungen durch Unternehmen. Dies ergab ein globaler Vergleich von Forschern der Universit\u00e4t Maastricht. Platz eins (mit gro\u00dfem Abstand) belegen \u00fcbrigens &#8211; wen wundert&#8217;s? &#8211; die USA.<\/p>\n<p>17. Recht so! Wie der Bayrische Rundfunk in einem <a href=\"http:\/\/www.br.de\/nachrichten\/niederbayern\/inhalt\/anklage-volksverhetzung-rechtsextreme-kommentare-facebook-100.html\" target=\"_blank\" rel=\"noopener noreferrer\">Artikel auf seiner Webseite<\/a>\u00a0(leider zurzeit nicht mehr aufrufbar) berichtet, wird gegen einen 25-J\u00e4hrigen, der auf Facebook mit ausl\u00e4nderfeindlichen Kommentaren aufgefallen ist, nun Anklage wegen Volksverhetzung erhoben. Bitte mehr davon, sowohl die sozialen Medien als auch die Kommentarspalten\u00a0der Internetpr\u00e4senzen von Zeitungen und Zeitschriften sind ja nach wie vor voll von solchem rechten M\u00fcll.<\/p>\n<p>18. Das klingt interessant! <a href=\"http:\/\/www.spiegel.de\/wirtschaft\/unternehmen\/tesla-und-lichtblick-kooperieren-weltweit-bei-stromspeichern-a-1031544.html\" target=\"_blank\" rel=\"noopener noreferrer\"><em>Spiegel Online<\/em> berichtet<\/a>, dass der \u00d6k\u00f6stromanbieter Lichtblick und der US-Konzern Tesla, der vor allem durch Elektroautos im Oberklassensegment bekannt geworden ist, zusammenarbeiten wollen, um Privathaushalte mit Stromakkus zu versorgen, mit denen \u00dcbersch\u00fcsse der Stromerzeugung gespeichert und bei einem Mangel an Strom wieder zur\u00fcck ins Stromnetz eingespeist\u00a0werden\u00a0k\u00f6nnen. Dies w\u00e4re ein wichtiger Schritt hin zu einer dezentralen, auf erneuerbaren Ressourcen\u00a0basierenden Energieversorgung.<\/p>\n","protected":false},"excerpt":{"rendered":"<p>An dieser Stelle pr\u00e4sentieren wir regelm\u00e4\u00dfig Links, die wir unter der Woche entdeckt haben, zu denen wir selbst nicht mehr viel schreiben m\u00fcssen und die wir teilenswert finden. Viel Spa\u00df beim Lesen und Anschauen!<\/p>\n","protected":false},"author":3,"featured_media":0,"comment_status":"open","ping_status":"closed","sticky":false,"template":"","format":"standard","meta":{"footnotes":""},"categories":[193],"tags":[],"class_list":["post-2963","post","type-post","status-publish","format-standard","hentry","category-woechentliches"],"_links":{"self":[{"href":"https:\/\/www.unterstroemt.de\/index.php?rest_route=\/wp\/v2\/posts\/2963","targetHints":{"allow":["GET"]}}],"collection":[{"href":"https:\/\/www.unterstroemt.de\/index.php?rest_route=\/wp\/v2\/posts"}],"about":[{"href":"https:\/\/www.unterstroemt.de\/index.php?rest_route=\/wp\/v2\/types\/post"}],"author":[{"embeddable":true,"href":"https:\/\/www.unterstroemt.de\/index.php?rest_route=\/wp\/v2\/users\/3"}],"replies":[{"embeddable":true,"href":"https:\/\/www.unterstroemt.de\/index.php?rest_route=%2Fwp%2Fv2%2Fcomments&post=2963"}],"version-history":[{"count":29,"href":"https:\/\/www.unterstroemt.de\/index.php?rest_route=\/wp\/v2\/posts\/2963\/revisions"}],"predecessor-version":[{"id":16394,"href":"https:\/\/www.unterstroemt.de\/index.php?rest_route=\/wp\/v2\/posts\/2963\/revisions\/16394"}],"wp:attachment":[{"href":"https:\/\/www.unterstroemt.de\/index.php?rest_route=%2Fwp%2Fv2%2Fmedia&parent=2963"}],"wp:term":[{"taxonomy":"category","embeddable":true,"href":"https:\/\/www.unterstroemt.de\/index.php?rest_route=%2Fwp%2Fv2%2Fcategories&post=2963"},{"taxonomy":"post_tag","embeddable":true,"href":"https:\/\/www.unterstroemt.de\/index.php?rest_route=%2Fwp%2Fv2%2Ftags&post=2963"}],"curies":[{"name":"wp","href":"https:\/\/api.w.org\/{rel}","templated":true}]}}