{"id":29761,"date":"2024-11-24T14:46:58","date_gmt":"2024-11-24T13:46:58","guid":{"rendered":"https:\/\/www.unterstroemt.de\/?p=29761"},"modified":"2024-12-02T15:47:47","modified_gmt":"2024-12-02T14:47:47","slug":"interessantes-aus-kw-47-2024","status":"publish","type":"post","link":"https:\/\/www.unterstroemt.de\/?p=29761","title":{"rendered":"Interessantes aus KW 47\/2024"},"content":{"rendered":"<p>An dieser Stelle pr\u00e4sentieren wir regelm\u00e4\u00dfig Links, die wir unter der Woche entdeckt haben, zu denen wir selbst nicht mehr viel schreiben m\u00fcssen und die wir teilenswert finden. Viel Spa\u00df beim Lesen und Anschauen!<\/p>\n<p>1. In einem <a href=\"https:\/\/www.volksverpetzer.de\/aktuelles\/rechtsruck-von-oben\/\" target=\"_blank\" rel=\"noopener\">Artikel vom <em>Volksverpetzer<\/em><\/a> stellt Thomas Laschyk fest, dass der mittlerweile nicht mehr zu \u00fcbersehende Rechtsruck im Grunde gar nicht aus der Bev\u00f6lkerung kommt, obwohl Politiker ihr immer rechteres Handeln gern mit einem &#8222;Willen des Volkes&#8220; begr\u00fcnden, sondern von Politiker und vielen Medien vorangetrieben wird &#8211; ein Rechtsruck von oben quasi. Die Ansichten der meisten B\u00fcrger sind n\u00e4mlich nicht ann\u00e4hernd so konservativ bis rechts wie die von Politikern und wie es in Medien gern immer dargestellt wird. Nur wird durch die st\u00e4ndige Wiederholung rechtslastiger Aussagen und auch eine entsprechende rechte Politik die \u00d6ffentlichkeit auch immer weiter nach rechts getrieben. Klar, Neoliberalismus funktioniert eben besser in rechten Autokratien als in Demokratien &#8211; so einfach d\u00fcrfte die Erkl\u00e4rung daf\u00fcr sein. [Karl]<\/p>\n<p>2. Fisch aus senegalesischen Gew\u00e4ssern kommt zuk\u00fcnftig nicht mehr auf die europ\u00e4ischen Tische, denn das Fischfangabkommen der EU mit dem ostafrikanischen Land ist nun ausgelaufen und wird auch nicht wieder verl\u00e4ngert, wie aus einem <a href=\"https:\/\/taz.de\/Ueberfischung-in-Westafrika\/!6047009\/\" target=\"_blank\" rel=\"noopener\">Artikel der <em>taz<\/em><\/a> hervorgeht. Die Gew\u00e4sser dort sind ohnehin komplett \u00fcberfischt, weil es neben den EU-Trawlern auch noch andere unregulierte Fangflotten dort gibt. Als Resultat kehren die einheimischen K\u00fcstenfischer allzu oft mit leeren Netzen heim &#8211; ein Grund daf\u00fcr, dass viele von ihnen, statt zu verhungern, sich auf die Flucht nach Europa machen. Mal schauen, ob sich die Best\u00e4nde im Atlantik vor Senegal nun wieder ein bisschen erholen k\u00f6nnen. [Karl]<\/p>\n<p>3. Ach, was geht es uns doch gut! Oder etwa doch nicht? Na ja, zumindest bei Kindern und Jugendlichen sieht das laut einer repr\u00e4sentativen Studie &#8222;Deutsches Schulbarometer&#8220; der Robert Bosch Stiftung, \u00fcber die ein <a href=\"https:\/\/www.zeit.de\/gesellschaft\/schule\/2024-11\/deutsches-schulbarometer-schueler-lebensqualitaet-psychische-probleme\" target=\"_blank\" rel=\"noopener\">Artikel auf <em>Zeit Online<\/em><\/a> berichtet, nicht so richtig toll aus. Immerhin gut ein Viertel der Befragten gab an, seine eigene Lebensqualit\u00e4t niedrig einzusch\u00e4tzen, etwa ein F\u00fcnftel leidet unter psychischen Belastungen. Kinder aus armen Familien, \u00e4ltere Teenager, Sch\u00fcler mit Lernproblemen und generell M\u00e4dchen sind dabei eher anf\u00e4llig f\u00fcr ein geringes Wohlbefinden. Dass es so mies bestellt ist um die Heranwachsenden, sollte in einem reichen Land wie Deutschland eigentlich die Alarmgl\u00fccken schrillen lassen &#8211; wird es aber vermutlich nicht. [Karl]<\/p>\n<p>4. Der globale Rechtsrutsch ist auch f\u00fcr Frauen alles andere als ein Zuckerschlecken. So verbreitet sich gerade laut einem <a href=\"https:\/\/www.n-tv.de\/politik\/Trumps-Juenger-feiern-einen-neuen-Schlachtruf-article25370905.html\" target=\"_blank\" rel=\"noopener\">Artikel von <em>ntv<\/em><\/a> in den USA nach dem Wahlsieg des Faschisten Donald Trump der Slogan &#8222;Your body, my choice&#8220;, mit dem Frauen das Recht auf k\u00f6rperliche Selbstbestimmung und Unversehrtheit abgesprochen wird. Dahinter steckt ein komplett r\u00fcckschrittliches Frauenbild, und es werden auch schon Forderungen laut, Frauen das Wahlrecht zu entziehen. Dass Frauen am besten sowieso sich nur um Kinder, K\u00fcche, Kirche zu k\u00fcmmern h\u00e4tten, versteht sich bei diesen Freaks von selbst. Woran man sieht: Es ist besonders f\u00fcr Frauen keine gute Idee, rechte Parteien zu w\u00e4hlen. [Karl]<\/p>\n<p>5. Passend zum vorherigen Hinweis: Straftaten gegen Frauen nehmen weiterhin rasant zu in Deutschland. Das geht aus dem Bundeslagebild des BKA hervor, \u00fcber das ein <a href=\"https:\/\/www.zdf.de\/nachrichten\/panorama\/kriminalitaet\/bundeslagebild-straftaten-gegen-frauen-100.html\" target=\"_blank\" rel=\"noopener\">Artikel von <em>ZDF<\/em><\/a> heute berichtet. Ein Treiber daf\u00fcr seien vor allem soziale Medien und die dort ge\u00e4u\u00dferte Frauenverachtung, zum anderen f\u00fchrt auch der Rechtsrutsch mit seinen reaktion\u00e4ren Familien- und Frauenbildern dazu, dass Ablehnung von Frauen immer \u00f6fter offen ge\u00e4u\u00dfert wird und dann in Beleidigungen, Drohungen und sogar t\u00e4tliche Gewalt umschl\u00e4gt. Die Dunkelziffer d\u00fcrfte dabei sogar noch deutlich h\u00f6her sein als die ohnehin schon erschreckend hohen Zahlen. [Karl]<\/p>\n<p>6. Die AfD hat mal wieder Grund zum Jammern. Laut einem <a href=\"https:\/\/www.mdr.de\/nachrichten\/sachsen-anhalt\/afd-mitglieder-waffenschein-zuverlaessigkeit-pruefung-108.html\" target=\"_blank\" rel=\"noopener\">Artikel vom <em>MDR<\/em><\/a> werden n\u00e4mlich in Sachsen-Anhalt, wo die Blaubraunen und ihre Jugendorganisation JA als gesichert rechtsextrem eingestuft werden, gerade AfD-Mitglieder mit Waffenschein auf ihre Zuverl\u00e4ssigkeit \u00fcberpr\u00fcft, sodass dann erwogen werden kann, den Rechtsradikalen ihre Erlaubnis zum F\u00fchren von Waffen zu entziehen. Wenig \u00fcberraschend haben n\u00e4mlich viele AfDler Waffen, insofern ist es schon ganz richtig so, das dann zumindest nicht legal zuzulassen, da diese erforderte Zuverl\u00e4ssigkeit laut \u00a7 5 Waffengesetz bei Leuten nicht gegeben ist, deren Bestrebungen sich gegen die verfassungsm\u00e4\u00dfige Ordnung richten. [Karl]<\/p>\n<p>7. Rund um das Europa-League-Fu\u00dfballspiel von Ajax Amsterdam gegen Maccabi Tel Avi kam es zu massiven Ausschreitungen mit etlichen Verletzten. Dabei wurden allerdings von vielen Medien (u. a. <em>Tagesschau<\/em> und <em>SZ<\/em>) falsche Zusammenh\u00e4nge konstruiert, indem ein Video verbreitet wurde, das zeigt, wie Niederl\u00e4nder Jagd auf israelische Fu\u00dfballfans machen. Doch dann hat die Urheberin des Videos, wie aus einem <a href=\"https:\/\/correctiv.org\/faktencheck\/2024\/11\/15\/amsterdam-video-zeigt-ausschreitungen-durch-israelische-fussballfans\/\" target=\"_blank\" rel=\"noopener\">Artikel von <em>Correctiv<\/em><\/a> hervorgeht, richtiggestellt, dass da vielmehr Maccabi-Fans zu sehen sind, die auf Niederl\u00e4nder losgehen. Dass es genau andersherum sei, wurde von israelischen Beh\u00f6rden \u00fcber Reuters verbreitet und dann ungepr\u00fcft \u00fcbernommen. Woran man mal wieder sieht, dass man rechtsextremen Regierungen und ihren Schergen besser nichts glauben sollte. [Karl]<\/p>\n<p>8. Und noch was zum Thema Fake News: <em>Focus Online<\/em> und das rechte Hetzportal <em>NIUS<\/em> haben eine Kampagne der SPD gegen Friedrich Merz (CDU) zum gro\u00dfen Aufh\u00e4nger und Aufreger gemacht. Problem nur: Diese Kampagne gibt es gar nicht. Vielmehr waren das einzelne \u00c4u\u00dferungen von Personen, die zum Teil noch nicht mal in der SPD sind, die sich aus frauenrechtlicher Perspektive mit Merz und seinen Positionen kritisch auseinandergesetzt haben. Das wird nun zwar durch einen <a href=\"https:\/\/www.volksverpetzer.de\/faktencheck\/spd-kampagne-erfunden\/\" target=\"_blank\" rel=\"noopener\">Faktencheck vom <em>Volksverpetzer<\/em><\/a> richtiggestellt, aber man wei\u00df ja, dass so eine Korrektur der Fakten meistens nicht so prominent wahrgenommen wird wie die vorherige Verbreitung einer L\u00fcge. Und: Das verspricht nun wohl, ein sehr sch\u00e4biger und unsachlicher Wahlkampf zu werden. [Karl]<\/p>\n<p>9. Es wird ja immer wieder kritisiert, dass die Aufnahme von Gefl\u00fcchteten viel Geld kosten w\u00fcrde. Allerdings wird dabei selten erw\u00e4hnt, dass ein nicht unerheblicher Anteil der aufgewendeten Gelder in die Taschen von privaten Unternehmen zur Steigerung ihrer Gewinne flie\u00dft. So berichtet ein <a href=\"https:\/\/www.tagesschau.de\/investigativ\/monitor\/fluechtlinge-unterbringung-unternehmen-102.html\" target=\"_blank\" rel=\"noopener\">Artikel auf <em>tagesschau.de<\/em><\/a> \u00fcber eine Recherche von <em>Monitor<\/em>, <em>SZ<\/em> und <em>ZDF-Magazin Royale<\/em> \u00fcber den britischen Konzern Serco, der in Deutschland viele Unterk\u00fcnfte f\u00fcr Asylbewerber betreibt, dabei an allen Ecken und Enden auf Kosten der dort Lebenden spart und satte Gewinne einf\u00e4hrt. So funktioniert heute der Kapitalismus: Auch mit dem Elend von Menschen l\u00e4sst sich noch gut Kohle scheffeln &#8211; der Steuerzahler blecht ja. Pfui Teufel! [Karl]<\/p>\n<p>10. Die Altersarmut in Deutschland nimmt zu, so ein <a href=\"https:\/\/www.rnd.de\/wirtschaft\/altersarmut-in-deutschland-zahl-der-betroffenen-erreicht-neuen-hoechststand-KWFERNG6FBPORA6E7VUN7QEBVE.html\" target=\"_blank\" rel=\"noopener\">Artikel vom <em>RedaktionsNetzwerk Deutschland<\/em><\/a>. Mittlerweile sind somit etwa 3,2 Millionen Menschen \u00fcber 65 armutsgef\u00e4hrdet. Dabei sollte doch die Rentenprivatisierung genau das verhindern &#8211; hat wohl irgendwie nicht so gut hingehauen, was allerdings Kritiker auch schon gleich vorhersagten, als die gesetzliche Rente im Zuge der Agenda 2010 demontiert wurde. Die Ampelregierung ist Geschichte und wird daher nichts mehr auf den Weg bringen, um diesem Missstand zu begegnen, und dass eine neue Bundesregierung unter Friedrich Merz (CDU) daran etwas \u00e4ndern wird, ist auch mehr als unwahrscheinlich. [Karl]<\/p>\n<p>11. Auch auf EU-Ebene geht es weiter nach rechts. Um die Situation zu \u00e4ndern, dass die konservative EVP-Fraktion st\u00e4ndig zusammen mit Rechtsextremen gegen die sozialliberalen Fraktionen stimmt, wird nun Raffaelo Fitto, ein Faschist aus Italien, voraussichtlich Vize-Kommissionspr\u00e4sident &#8211; und das mit Zustimmung der europ\u00e4ischen Sozialdemokraten (SD), wie aus einem <a href=\"https:\/\/www.spiegel.de\/politik\/deutschland\/eu-kommission-sozialdemokraten-geben-widerstand-gegen-vizepraesident-fitto-auf-a-532a008c-0ee1-4523-a015-8e1ce2c0a687\" target=\"_blank\" rel=\"noopener\">Artikel auf <em>Spiegel Online<\/em><\/a> hervorgeht. Im Gegenzug sollen daf\u00fcr SD-Abgeordnete sch\u00f6ne P\u00f6stchen bekommen, zudem soll die konservativ-rechte Blockadehaltung aufgel\u00f6st werden. Was f\u00fcr ein Gemauschel &#8211; und schon sitzt in der EU ein Faschist mit an den wichtigsten Reglern. [Karl]<\/p>\n","protected":false},"excerpt":{"rendered":"<p>An dieser Stelle pr\u00e4sentieren wir regelm\u00e4\u00dfig Links, die wir unter der Woche entdeckt haben, zu denen wir selbst nicht mehr viel schreiben m\u00fcssen und die wir teilenswert finden. Viel Spa\u00df beim Lesen und Anschauen!<\/p>\n","protected":false},"author":5,"featured_media":0,"comment_status":"open","ping_status":"open","sticky":false,"template":"","format":"standard","meta":{"footnotes":""},"categories":[193],"tags":[],"class_list":["post-29761","post","type-post","status-publish","format-standard","hentry","category-woechentliches"],"_links":{"self":[{"href":"https:\/\/www.unterstroemt.de\/index.php?rest_route=\/wp\/v2\/posts\/29761","targetHints":{"allow":["GET"]}}],"collection":[{"href":"https:\/\/www.unterstroemt.de\/index.php?rest_route=\/wp\/v2\/posts"}],"about":[{"href":"https:\/\/www.unterstroemt.de\/index.php?rest_route=\/wp\/v2\/types\/post"}],"author":[{"embeddable":true,"href":"https:\/\/www.unterstroemt.de\/index.php?rest_route=\/wp\/v2\/users\/5"}],"replies":[{"embeddable":true,"href":"https:\/\/www.unterstroemt.de\/index.php?rest_route=%2Fwp%2Fv2%2Fcomments&post=29761"}],"version-history":[{"count":14,"href":"https:\/\/www.unterstroemt.de\/index.php?rest_route=\/wp\/v2\/posts\/29761\/revisions"}],"predecessor-version":[{"id":29810,"href":"https:\/\/www.unterstroemt.de\/index.php?rest_route=\/wp\/v2\/posts\/29761\/revisions\/29810"}],"wp:attachment":[{"href":"https:\/\/www.unterstroemt.de\/index.php?rest_route=%2Fwp%2Fv2%2Fmedia&parent=29761"}],"wp:term":[{"taxonomy":"category","embeddable":true,"href":"https:\/\/www.unterstroemt.de\/index.php?rest_route=%2Fwp%2Fv2%2Fcategories&post=29761"},{"taxonomy":"post_tag","embeddable":true,"href":"https:\/\/www.unterstroemt.de\/index.php?rest_route=%2Fwp%2Fv2%2Ftags&post=29761"}],"curies":[{"name":"wp","href":"https:\/\/api.w.org\/{rel}","templated":true}]}}