{"id":29903,"date":"2024-12-29T11:10:55","date_gmt":"2024-12-29T10:10:55","guid":{"rendered":"https:\/\/www.unterstroemt.de\/?p=29903"},"modified":"2025-01-07T10:52:36","modified_gmt":"2025-01-07T09:52:36","slug":"interessantes-aus-kw-52-2024","status":"publish","type":"post","link":"https:\/\/www.unterstroemt.de\/?p=29903","title":{"rendered":"Interessantes aus KW 52\/2024"},"content":{"rendered":"<p>An dieser Stelle pr\u00e4sentieren wir regelm\u00e4\u00dfig Links, die wir unter der Woche entdeckt haben, zu denen wir selbst nicht mehr viel schreiben m\u00fcssen und die wir teilenswert finden. Viel Spa\u00df beim Lesen und Anschauen!<\/p>\n<p>1. Journalisten des NDR f\u00fchren eine aufwendige investigative Recherche zum Investigativnetzwerk OCCRP durch, arbeiten dabei mit einige Kooperationspartnern zusammen &#8211; und auf einmal f\u00e4llt dem Sender ein, dass das alles nicht berichtenswert ist. Klingt schon mal merkw\u00fcrdig, und wenn man sich die Begr\u00fcndungen daf\u00fcr, die in einem <a href=\"https:\/\/uebermedien.de\/100769\/der-ndr-stoppt-einen-kritischen-beitrag-ueber-ein-partnermedium-und-will-das-nicht-begruenden\/\" target=\"_blank\" rel=\"noopener\">Artikel von <em>\u00dcber Medien<\/em><\/a> dargestellt werden, mal genauer anschaut, dann wird das nur noch seltsamer. Pikanterweise ging es in dem geplanten Beitrag n\u00e4mlich um eine Finanzierung der US-Regierung von OCCRP und entsprechende Einflussnahme, was ja generell schon mal interessant ist. Nun kann man sich \u00fcberlegen, wer da wohl auf wen welchen Einfluss genommen hat, um diese journalistische Arbeit nicht an die \u00d6ffentlichkeit zu bringen. [Karl]<\/p>\n<p>2. Je weiter rechts, desto krimineller. Dieser Grundsatz trifft offenbar auch auf den ultrarechten Republikaner Matt Gaetz zu, den der kommende US-Pr\u00e4sident Donald Trump zum Justizminister ernennen wollte. Was nun aber der Ethikausschuss des US-Parlaments da ans Licht gebracht hat, ist schon starker Tobak: Sex gegen Bezahlung, gern auch mal mit Minderh\u00e4hrigen, und Drogenkonsum geh\u00f6rten bei Gaetz wohl zum Alltag, wie ein <a href=\"https:\/\/www.derstandard.at\/story\/3000000250657\/us-ethikausschuss-erhebt-schwere-vorw252rfe-gegen-gaetz\" target=\"_blank\" rel=\"noopener\">Artikel im <em>Standard<\/em><\/a> berichtet. Zum Gl\u00fcck ist damit die politische Karriere von Gaetz erst mal ausgebremst, wenngleich er wohl keine juristischen Konsequenzen zu bef\u00fcrchten hat, aber Trump h\u00e4lt immer noch gro\u00dfe St\u00fcck auf ihn. Wundert das irgendjemanden? [Karl]<\/p>\n<p>3. FDP und L\u00fcgen &#8211; das geh\u00f6rt mittlerweile vollkommen selbstverst\u00e4ndlich zusammen. So hat auch, wie ein <a href=\"https:\/\/correctiv.org\/aktuelles\/klimawandel\/2024\/12\/19\/prometheus-die-verheimlichten-spender-des-fdp-lobbyvereins\/\" target=\"_blank\" rel=\"noopener\">Artikel von <em>Correctiv<\/em><\/a> schildert, das Prometheus-Institut des FDP-Bundestagsabgeordneten Frank Sch\u00e4ffler nicht die Wahrheit gesagt, als es um die Finanzierung dieser neoliberalen Denkfabrik ging. Man erhielt n\u00e4mlich Geld vom US-amerikanischen Atlas-Netzwerk, in dem sich zahlreiche rechte, libert\u00e4re und den Klimawandel leugnende Organisationen befinden, und bestritt, dass dies so sei. Ohnehin h\u00e4lt man es mit der Finanzierung nicht sehr transparent, zudem bezeichnet sich das Institut nicht als Lobbyorganisation &#8211; obwohl es genau das ist. Passt alles genau zu Sch\u00e4ffler, der einer der Haupthetzer gegen W\u00e4rmepumpen ist, aber selbst so ein Ding zu Hause nutzt. [Karl]<\/p>\n<p>4. Der Sozial- und Islamwissenschaftler Hans Goldenbaum gibt in einem <a href=\"https:\/\/taz.de\/Deutungskampf-nach-Magdeburg\/!6052286\/\" target=\"_blank\" rel=\"noopener\">Interview mit der <em>taz<\/em><\/a> einige interessante Hintergrundinfos zum Attent\u00e4ter vom Magdeburger Weihnachtsmarkt. Dieser scheint ja zun\u00e4chst mal sehr widerspr\u00fcchlich zu sein: ein Araber, der sich seit Jahren rechtsextrem im Internet \u00e4u\u00dfert und dann einen Anschlag gegen Deutsche auf einem Weihnachtsmarkt durchf\u00fchrt. Allerdings ergibt sich ein durchaus stimmiges Bild, wenn man die Faktenlage zu dem Mann betrachtet, auch wenn Rechte schon wieder anfangen, das alles zu negieren, weil ihnen so eine scheu\u00dflich Bluttat von einem ihrer Gesinnungsgenossen nat\u00fcrlich nicht in den Kram passt. [Karl]<\/p>\n<p>5. Dass Erwerbslose Verachtung erfahren, ist ja schon l\u00e4nger der Fall, aber gerade in letzter Zeit werden sie von rechten Hetzern, wie beispielsweise CDU-Widerling Carsten Linnemann, zunehmend stigmatisiert. Und das hat, wie aus einem <a href=\"https:\/\/www.deutschlandfunk.de\/stigmatisierung-arbeitslosigkeit-102.html\" target=\"_blank\" rel=\"noopener\">Artikel vom <em>Deutschlandfunk<\/em><\/a> hervorgeht, gravierende Folgen f\u00fcr diese Menschen, und zwar nicht nur auf pers\u00f6nlicher Ebene, sondern auch in Bezug auf ihre Erfolgschancen, wieder eine Arbeit zu finden. Das wird n\u00e4mlich zunehmend schwerer f\u00fcr Langzeitarbeitslose, solange sich das Bild des &#8222;faulen Erwerbslosen&#8220; mehr und mehr in unserer Gesellschaft verfestigt. Aber man kann wohl davon ausgehen, dass es Leuten wie Linnemann auch gar nicht darum geht, die Lebenssituation von Arbeitslosen zu verbessern, sondern er eben nur ein bisschen spalterische Stimmung machen will. [Karl]<\/p>\n<p>6. Dass die Ukraine alles andere als eine Vorzeigedemokratie ist, sieht man an dem Umgang mit M\u00e4nnern, die den Kriegsdienst verweigern wollen: Die werden n\u00e4mlich zwangsrekrutiert, um zun\u00e4chst in Ausbildungslager und dann an die Front geschickt zu werden. Es sei denn nat\u00fcrlich, dass sie aus einer verm\u00f6genden Familie kommen, dann k\u00f6nnen sie sich freikaufen. Darauf haben viele Ukrainer keine Lust, zwei von ihnen, die fl\u00fcchten konnten, kommen in einem <a href=\"https:\/\/www.n-tv.de\/politik\/Sie-fangen-Menschen-und-schicken-sie-in-den-Krieg-article25443442.html\" target=\"_blank\" rel=\"noopener\">Artikel von <em>ntv<\/em><\/a> zu dem Thema zu Wort. Und da setzt es auch harsche Kritik am ukrainischen politischen System, das als durch und durch korrupt bezeichnet wird, sodass immer weniger Ukrainer bereit sind, daf\u00fcr ihr Leben zu lassen. [Karl]<\/p>\n<p>7. Der Wirtschaftsweise Achim Truger hat f\u00fcr einen <a href=\"https:\/\/taz.de\/Analyse-zu-AfD-Wahlprogramm\/!6057715\/\" target=\"_blank\" rel=\"noopener\">Artikel in der <em>taz<\/em><\/a> mal das Wahlprogramm der AfD analysiert und dessen wirtschaftspolitische Folgen dargestellt. Fazit: Reiche sollen entlastet werden auf Kosten von Armen, die mit ein paar mildt\u00e4tigen Brosamen abgespeist werden sollen, f\u00fcr die es allerdings keine seri\u00f6se Gegenfinanzierung gibt. Damit liegen die Blaubraunen genau auf einer Linie mit CDU und FDP, nur dass bei ihnen noch die v\u00f6lkische Komponenten dazukommt mit EU-Austritt, Migrationsstopp und Wiedereinf\u00fchrung der D-Mark. Ein Gebr\u00e4u also, dass eine harte Rezession ausl\u00f6sen w\u00fcrde &#8211; aber das ist alles zu kompliziert f\u00fcr die Dummbratzen, die AfD w\u00e4hlen und zu einem gro\u00dfen Teil selbst die negativen Auswirkungen davon zu sp\u00fcren bek\u00e4men. [Karl]<\/p>\n<p>8. Elon Musk wettert zurzeit massiv gegen Wikipedia. Die Online-Enzyklop\u00e4die sei nach seinem Daf\u00fcrhalten zu &#8222;woke&#8220; &#8211; was im Grunde ziemlich an den Haaren herbeigezogen ist, wie Svenja Bergt in einem <a href=\"https:\/\/taz.de\/Elon-Musk-greift-Wikipedia-an\/!6055593\/\" target=\"_blank\" rel=\"noopener\">Kommentar in der <em>taz<\/em><\/a> feststellt. Sie meint, dass es Musk eher darum gehen k\u00f6nnte, eine unliebsame Konkurrenz zu diskreditieren, die ihn bei der Verbreitung von KI-generierten Unwahrheiten und Fake News st\u00f6ren k\u00f6nnte. Klingt plausibel, oder? [Karl]<\/p>\n<p>9. Und gleich noch was zu Elon Musk: Der sucht n\u00e4mlich mittlerweile Kontakt zu europ\u00e4ischen Rechtsextremen und m\u00f6chte diese gern unterst\u00fctzen, wie ein <a href=\"https:\/\/www.deutschlandfunk.de\/elon-musk-afd-deutschland-europa-100.html\" target=\"_blank\" rel=\"noopener\">Artikel vom <em>Deutschlandfunk<\/em><\/a> berichtet. Klar, was in den USA geklappt hat, wo die Trump-Regierung nun ziemlich nach der Pfeife des Oligarchen Musk tanzt, soll auch in Europa funktionieren. Daran sieht man vor allem auch zwei Sachen: Zum einen ist es extrem sch\u00e4dlich f\u00fcr die Demokratie, wenn Einzelpersonen \u00fcber viel zu gro\u00dfe Verm\u00f6gen verf\u00fcgen, zum anderen passen entfesselter Kapitalismus und Rechtsextremismus bestens zusammen. Insgesamt keine guten Aussichten. [Karl]<\/p>\n<p>10. Musk zum Dritten: Der Oligarch spricht sich daf\u00fcr aus, dass nur die AfD Deutschland retten k\u00f6nnte &#8211; und das in einem Kommentar in einer deutschen Tageszeitung, n\u00e4mlich in Springers <em>WELT am Sonntag<\/em>. In einem <a href=\"https:\/\/www.tagesspiegel.de\/politik\/klingt-das-nach-hitler-ich-bitte-sie-elon-musk-ruft-in-springer-zeitung-zur-afd-wahl-auf-12935656.html\" target=\"_blank\" rel=\"noopener\">Artikel im <em>Tagesspiegel<\/em><\/a> werden die Reaktionen darauf, einem Faschistenfreund eine Plattform f\u00fcr Wahlwerbung zu bieten, dargestellt, u. a. auch von Eva Marie Kogel, der Leiterin des Meinungsressorts der <em>WELT<\/em>, die aufgrund dieser Ungeheuerlichkeit gek\u00fcndigt hat. Die Beeinflussung von Wahlergebnissen durch Oligarchengeld ist also mittlerweile auch in Deutschland angekommen, und dass gerade die Schmierfinken und Hetzer von Springer dabei diensteifrig mittun, ist auch wenig \u00fcberraschend. [Karl]<\/p>\n<p>11. Ab dem n\u00e4chsten Jahr wird die Post teurer und langsamer &#8211; was f\u00fcr ein toller Service! Ein <a href=\"https:\/\/www.rnd.de\/wirtschaft\/die-post-wird-2025-langsamer-und-teurer-BLJ6WIY73JFT3OUE2G4Q3RYQTQ.html\" target=\"_blank\" rel=\"noopener\">Artikel vom <em>RedaktionsNetzwerk Deutschland<\/em><\/a> schildert die Hintergr\u00fcnde dieser Entwicklung, die vor allem mal wieder deutlich macht: Privatisierung von gesellschaftlich relevanter Infrastruktur ist immer zum Schaden der Allgemeinheit und zum Nutzen von einigen wenigen. Komisch nur, dass uns immer das genau Gegenteil davon erz\u00e4hlt wird &#8211; und dass immer noch viel zu vielen Menschen diesen Unfug glauben. [Karl]<\/p>\n<p>12. Mosambik steht vor einem B\u00fcrgerkrieg, wie aus einem <a href=\"https:\/\/taz.de\/Schwere-Unruhen-in-Mosambik\/!6055575\/\" target=\"_blank\" rel=\"noopener\">Artikel in der <em>taz<\/em><\/a> hervorgeht. Ursache f\u00fcr Ausschreitungen, die seit Oktober mehr als 250 Todesopfer gefordert haben, sind Streitigkeiten \u00fcber den Ausgang der Pr\u00e4sidentschaftswahl. Die Opposition moniert, dass es dabei nicht mit rechten Dingen zugegangen werden sollte, sodass sich deren Kandidat entgegen dem &#8222;offiziellen&#8220; Ergebnis zum Wahlsieger erkl\u00e4rte. Da zurzeit offenbar niemand zum Einlenken bereit zu sein scheint, ist das nat\u00fcrlich eine Gemengelage, die zu einem richtig \u00fcblen innerstaatlichen Konflikt f\u00fchren k\u00f6nnte. [Karl]<\/p>\n","protected":false},"excerpt":{"rendered":"<p>An dieser Stelle pr\u00e4sentieren wir regelm\u00e4\u00dfig Links, die wir unter der Woche entdeckt haben, zu denen wir selbst nicht mehr viel schreiben m\u00fcssen und die wir teilenswert finden. Viel Spa\u00df beim Lesen und Anschauen!<\/p>\n","protected":false},"author":5,"featured_media":0,"comment_status":"open","ping_status":"open","sticky":false,"template":"","format":"standard","meta":{"footnotes":""},"categories":[193],"tags":[],"class_list":["post-29903","post","type-post","status-publish","format-standard","hentry","category-woechentliches"],"_links":{"self":[{"href":"https:\/\/www.unterstroemt.de\/index.php?rest_route=\/wp\/v2\/posts\/29903","targetHints":{"allow":["GET"]}}],"collection":[{"href":"https:\/\/www.unterstroemt.de\/index.php?rest_route=\/wp\/v2\/posts"}],"about":[{"href":"https:\/\/www.unterstroemt.de\/index.php?rest_route=\/wp\/v2\/types\/post"}],"author":[{"embeddable":true,"href":"https:\/\/www.unterstroemt.de\/index.php?rest_route=\/wp\/v2\/users\/5"}],"replies":[{"embeddable":true,"href":"https:\/\/www.unterstroemt.de\/index.php?rest_route=%2Fwp%2Fv2%2Fcomments&post=29903"}],"version-history":[{"count":15,"href":"https:\/\/www.unterstroemt.de\/index.php?rest_route=\/wp\/v2\/posts\/29903\/revisions"}],"predecessor-version":[{"id":29969,"href":"https:\/\/www.unterstroemt.de\/index.php?rest_route=\/wp\/v2\/posts\/29903\/revisions\/29969"}],"wp:attachment":[{"href":"https:\/\/www.unterstroemt.de\/index.php?rest_route=%2Fwp%2Fv2%2Fmedia&parent=29903"}],"wp:term":[{"taxonomy":"category","embeddable":true,"href":"https:\/\/www.unterstroemt.de\/index.php?rest_route=%2Fwp%2Fv2%2Fcategories&post=29903"},{"taxonomy":"post_tag","embeddable":true,"href":"https:\/\/www.unterstroemt.de\/index.php?rest_route=%2Fwp%2Fv2%2Ftags&post=29903"}],"curies":[{"name":"wp","href":"https:\/\/api.w.org\/{rel}","templated":true}]}}