{"id":29985,"date":"2025-01-12T17:35:16","date_gmt":"2025-01-12T16:35:16","guid":{"rendered":"https:\/\/www.unterstroemt.de\/?p=29985"},"modified":"2025-01-24T14:50:43","modified_gmt":"2025-01-24T13:50:43","slug":"interessantes-aus-kw-2-2025","status":"publish","type":"post","link":"https:\/\/www.unterstroemt.de\/?p=29985","title":{"rendered":"Interessantes aus KW 2\/2025"},"content":{"rendered":"<p>An dieser Stelle pr\u00e4sentieren wir regelm\u00e4\u00dfig Links, die wir unter der Woche entdeckt haben, zu denen wir selbst nicht mehr viel schreiben m\u00fcssen und die wir teilenswert finden. Viel Spa\u00df beim Lesen und Anschauen!<\/p>\n<p>1. \u00a0Die Partie Die Linke hat eine App bereitgestellt, mit der, wie ein <a href=\"https:\/\/www.spiegel.de\/wirtschaft\/mieten-in-deutschland-app-der-linken-zeigt-mehr-als-22-000-bedenkliche-faelle-a-672d6e9e-5993-4bed-9703-ab15f7b73489\" target=\"_blank\" rel=\"noopener\">Artikel auf <em>Spiegel Online<\/em><\/a> berichtet, \u00fcberpr\u00fcft werden kann, ob die eigene Miete (vor allem in Gro\u00dfst\u00e4dten) allzu deutlich \u00fcber der Vergleichsmiete liegt, was dann auf Mietwucher hindeuten kann. Und das ist kein Kavaliersdelikt, sondern eine Straftat. Und immerhin haben von 32.000 Nutzern 22.000 festgestellt, dass ihre Miete mehr als 20 % \u00fcber der lokalen Vergleichsmiete liegt, bei 13.000 waren es sogar 50 %. Auch wenn vermutlich eher Menschen, die eine hohe Miete zahlen, diese App nutzen: Das ist schon eine gewaltige Quote, wie ich finde. [Karl]<\/p>\n<p>2. Der US-amerikanische Politikwissenschaftler und Journalist Michael Tomasky schildert in einem <a href=\"https:\/\/www.blaetter.de\/ausgabe\/2024\/dezember\/its-the-media-stupid\" target=\"_blank\" rel=\"noopener\">Artikel in den <em>Bl\u00e4ttern f\u00fcr deutsche und internationale Politik<\/em><\/a>, warum nach seinem Daf\u00fcrhalten Donald Trump die Wahl zum US-Pr\u00e4sidenten gewonnen hat: Schuld seien daran vor allem die rechten Medien, die eine enorme Reichweite haben und so viele Menschen, die nur solche Medien konsumieren, hinreichend manipuliert haben, damit sie einen Verbrecher und Faschisten wie Trump w\u00e4hlen. Wer meint, dass sei nur ein Problem in den USA, sollte bedenken, dass auch hierzulande mittlerweile sehr reiche Menschen rechte Hetzmedien finanzieren. Was ja auch kein Wunder ist, da diese ja in deren Interesse handeln. [Karl]<\/p>\n<p>3. Die Washington Post geh\u00f6rt mittlerweile dem Amazon-Oligarchen Jeff Bezos, und der m\u00f6chte offenbar nicht, dass dort Kritisches \u00fcber ihn und seinesgleichen erscheint, wie aus einer <a href=\"https:\/\/www.tagesschau.de\/ausland\/amerika\/karikatur-trump-bezos-100.html\" target=\"_blank\" rel=\"noopener\">Meldung auf <em>tagesschau.de<\/em><\/a> hervorgeht. Zumindest hat nun die Karikaturistin Ann Telnaes das Blatt verlassen, nachdem eine Zeichnung von ihr, in der satirisch \u00fcberspitzt das Anbiedern von Bezos und Facebook-Oligarch Mark Zuckerberg an den Faschisten Donald Trump gezeigt wird, gecancelt wurde. David Shipley aus dem Meinungsressort der Zeitung meint zwar, dass das nichts mit Bezos zu tun h\u00e4tte, aber der wird wohl auch vor allem nicht wollen, dass er selbst seinen Job verliert. [Karl]<\/p>\n<p>4. So schnell kann&#8217;s gehen: \u00d6sterreich bekommt nun wohl mit Herbert Kickl einen Faschisten als Bundeskanzler. Die konservative \u00d6VP hat sich n\u00e4mlich mit den anderen Parteien nicht auf eine Koalition einigen k\u00f6nnen, sodass Bundespr\u00e4sident Alexander von der Bellen laut einem <a href=\"https:\/\/www.sueddeutsche.de\/politik\/fpoe-chef-kickl-auftrag-regierungsbildung-oesterreich-li.3177139\" target=\"_blank\" rel=\"noopener\">Artikel in der <em>S\u00fcddeutschen Zeitung<\/em><\/a> nun widerwillig den FP\u00d6-Mann mit der Regierungsbildung beauftragen musste. Und da steht die \u00d6VP nun sch\u00f6n Gewehr bei Fu\u00df &#8211; woran man mal wieder sieht, dass Konservative eben immer wieder einen Hang dazu haben, mit Rechtsextremen zusammenzuarbeiten. Das sollte uns hier in Deutschland eine Warnung sein f\u00fcr die kommende Bundestagswahl! [Karl]<\/p>\n<p>5. Und noch einer ist weg: Hans Martin Tillack, Chefreporter bei der <em>WELT<\/em>, hat gek\u00fcndigt, nachdem die Zeitung einen Gastbeitrag vom US-Oligarchen Elon Musk, der eher Wahlwebung f\u00fcr die AfD war, ver\u00f6ffentlicht hat. Dar\u00fcber berichtet eine <a href=\"https:\/\/www.tagesspiegel.de\/politik\/nach-wahlwerbe-artikel-von-elon-musk-welt-verliert-weitere-top-personalie-12969457.html\" target=\"_blank\" rel=\"noopener\">Meldung des <em>Tagesspiegels<\/em><\/a>. Zuvor hatte schon Meinungschefin Eva Maria Kogel dem Blatt den R\u00fccken gekehrt. Sch\u00f6n, dass bei einigen der Springer-Schreiberlinge noch zumindest ein Funken Anstand vorhanden zu sein scheint. Weniger sch\u00f6n, dass die Chefredaktion nach wie vor meint, man h\u00e4tte nichts falsch gemacht. Na ja, Springer eben &#8230; [Karl]<\/p>\n<p>6. In einem elfmin\u00fctigen <a href=\"https:\/\/www.youtube.com\/watch?v=9wszpgf8KnA\" target=\"_blank\" rel=\"noopener\">Beitrag des <em>ZDF<\/em>-Magazins <em>frontal<\/em><\/a> wird sich mit der Verm\u00f6genssteuer als m\u00f6gliche Ma\u00dfnahme gegen die zunehmende Ungleichheit hierzulande auseinandergesetzt. Und die Zahlen, die dazu geliefert werden, sind schon eindeutig: Verm\u00f6gende besitzen immer mehr des gesamtgesellschaftlichen Reichtums, wohingegen immer mehr Menschen arm sind und kaum \u00fcber die Runden kommen. Das ist gewaltiger gesellschaftlicher Sprengstoff, zumal sehr reiche Menschen auch prozentual weniger Steuern zahlen als beispielsweise Personen aus der Mittelschicht. Alles nichts ganz Neues, aber wichtig, dass immer wieder darauf hingewiesen wird. [Karl]<\/p>\n<p>7. Als Reaktion auf den rechtsterroristischen Anschlag auf dem Magdeburger Weihnachtsmarkt gehen Rassisten vor Ort nun verst\u00e4rkt auf Migranten oder Personen, die sie als Ausl\u00e4nder wahrnehmen los. Die Anzahl der k\u00f6rperlichen Angriffe und rassistischen Beleidigungen sei in jedem Fall stark gestiegen, so ein <a href=\"https:\/\/taz.de\/Nach-dem-Anschlag-von-Magdeburg\/!6056886\/\" target=\"_blank\" rel=\"noopener\">Artikel in der <em>taz<\/em><\/a>. Was vor allem deshalb so absurd ist, weil der T\u00e4ter zwar geb\u00fcrtiger Saudi-Araber ist, aber eben auch AfD-Anh\u00e4nger und Islamhasser. Aber das ist eben eine Komplexit\u00e4t, die rechte Hohlbratzen dann schon wieder \u00fcberfordert, sodass sie nun das machen, was sie immer machen, wenn ihnen was quer sitzt: auf Ausl\u00e4nder losgehen. Erb\u00e4rmlich! [Karl]<\/p>\n<p>8. Als wenn es nicht schon grotesk genug w\u00e4re, dass der kommende US-Pr\u00e4sident Donald Trump ein Auge auf Gr\u00f6nland geworfen hat und die Insel gern den USA einverleiben m\u00f6chte, so wurde nun auch gerade deutlich, dass es dabei mit Sicherheit nicht sauber zugehen w\u00fcrde. Trumps Sohn war n\u00e4mlich gerade in Gr\u00f6nland und wurde dort begeistert empfangen &#8211; und zwar laut Recherchen eines d\u00e4nischen Fernsehsenders, \u00fcber die ein <a href=\"https:\/\/www.zdf.de\/nachrichten\/politik\/ausland\/groenland-besuch-trump-junior-obdachlose-fans-besuch-100.html\" target=\"_blank\" rel=\"noopener\">Artikel von <em>ZDF heute<\/em><\/a> berichtet, von Obdachlosen und armen Menschen, die daf\u00fcr &#8222;Make America great again&#8220;-M\u00fctzen und ein Mittagsessen im \u00f6rtlichen Nobelhotel erhalten haben sollen. Wenig verwunderlich bei einem Faschisten, dessen politische Karriere vor allem auf L\u00fcgen und Fake News basiert. [Karl]<\/p>\n<p>9. Der \u00d6konom Jens S\u00fcdekum hat sich mal mit der von der CDU postulierten &#8222;Agenda 2030&#8220; auseinandergesetzt und bescheinigt diesem Wirtschaftsprogramm, so ein <a href=\"https:\/\/www.n-tv.de\/wirtschaft\/Okonom-Suedekum-zerlegt-CDU-Papier-Agenda-2030-article25476943.html\" target=\"_blank\" rel=\"noopener\">Artikel von <em>ntv<\/em><\/a>, wenig Seriosit\u00e4t. Es werden n\u00e4mlich Steuersenkungen versprochen, die durch die angek\u00fcndigten K\u00fcrzungen beim Sozialstaat nicht ausgeglichen werden k\u00f6nnten, sodass eine Finanzierungsl\u00fccke von gesch\u00e4tzten 100 Milliarden Euro best\u00fcnde. Was man vielleicht auch noch erw\u00e4hnen sollte: Der diesem Konzept der CDU zugrunde liegende Trickle-down-Effekt hat bisher noch nie in der Realit\u00e4t funktioniert &#8211; was beispielsweise selbst schon US-Pr\u00e4sident Joe Biden eingesehen hat. Also mal wieder Voodoo-\u00d6konomie at its best &#8211; aber auch das ist ja nichts Neues von der CDU. [Karl]<\/p>\n<p>10. Weil die Chefin der Gr\u00fcnen Jugend Jette Nietzard auf ihrem Instragram-Account ein Urlaubsbild von sich selbst im Bikini postete, drehte laut einem <a href=\"https:\/\/www.t-online.de\/unterhaltung\/stars\/id_100565526\/jette-nietzard-gruene-von-afd-mitglied-angegriffen-wegen-bikinifoto.html\" target=\"_blank\" rel=\"noopener\">Artikel auf <em>t-online<\/em><\/a> ein AfD-Jungspund ziemlich durch und warf ihr vor, nach dem Motto &#8222;Sex sells&#8220; zu agieren. Was letztlich mehr \u00fcber den offenbar sehr verklemmten AfD-Dulli aussagt als \u00fcber Jette Nietzard. Und was auch zeigt, dass man in der AfD offenbar schon von klein auf ziemlich verkorkst und unanst\u00e4ndig sein muss, um bei den Blaubraunen irgendwas zu werden. Politischer Anstand ist hier in jedem Fall mal wieder komplett Fehlanzeige &#8211; leider aber auch nicht wirklich \u00fcberraschend. [Karl]<\/p>\n<p>11. Die Zahl rechtsextremer Straftaten ist im vergangenen Jahr wieder mal deutlich angestiegen und lag Ende November schon um gut 17 % h\u00f6her als im gesamten Jahr 2023. Aus einer <a href=\"https:\/\/www.spiegel.de\/panorama\/justiz\/rechtsextremismus-zahl-der-straftaten-in-deutschland-erreicht-2024-neuen-hoechststand-a-bd9932f6-b7c5-4532-ae68-8c4d483355cc\" target=\"_blank\" rel=\"noopener\">Meldung auf <em>Spiegel Online<\/em><\/a> geht hervor, dass eine Anfrage der Partei Die Linke an die Bundesregierung diese alarmierenden Zahlen hervorgebracht hat &#8211; und es folgt dann auch gleich die Feststellung, dass vonseiten der Bundesregierung keinerlei Ma\u00dfnahmen getroffen wurden, um diesem Trend etwas entgegenzusetzen. Da hat man sich offenbar an etwa 3000 Straftaten von Neonazis pro Monat schon gew\u00f6hnt und nimmt das denn eben einfach so hin. [Karl]<\/p>\n<p>12. Der Klimawandel bewirkt genau das, was so auch prognostiziert wurde: mehr und heftigere Extremwetterereignisse. In Bezug auf den globalen Wasserkreislauf kommt der &#8222;Global Water Monitor Report&#8220; zu genau diesem Ergebnis, wie ein <a href=\"https:\/\/www.geo.de\/natur\/oekologie\/wasserbedingte-katastrophen--klimaextreme-stoerten-globalen-wasserkreislauf-2024-erheblich-35358048.html\" target=\"_blank\" rel=\"noopener\">Artikel im <em>Geo<\/em><\/a> feststellt. Die Auswirkungen sind nicht zu \u00fcbersehen: Extremen D\u00fcrren in einigen Teilen der Welt stehen extreme \u00dcberflutungen in anderen gegen\u00fcber. Das Resultat im letzten Jahr: 8700 Tote, 40 Millionen Vertriebene und 550 Milliarden Dollar Sch\u00e4den. Und das wird nicht einfach so besser werden, zumal in immer mehr L\u00e4ndern Klimawandelleugner oder zumindest -ignoranten an die Regierung gekommen sind oder das demn\u00e4chst werden. [Karl]<\/p>\n<p>13. AfD-Politiker und Neonazis, u. a. von der in Deutschland verbotenen Organisation &#8222;Blood &amp; Honour&#8220;, haben sich in der Schweiz getroffen und da gemeinsam rechtsextremes und verfassungsfeindliches Zeug besprochen. <em>Correctiv<\/em> hatte dazu recherchiert und \u00a0stellt nun in einem <a href=\"https:\/\/correctiv.org\/aktuelles\/neue-rechte\/2025\/01\/07\/correctiv-recherche-afd-schweiz-bundespolitiker-machen-sich-fuer-afd-verbot-stark\/\" target=\"_blank\" rel=\"noopener\">Artikel<\/a> die Reaktionen hierauf vor. So sprechen sich immer mehr Politiker anderer Parteien f\u00fcr ein Verbot der AfD aus und fordern, dass die Erkenntnisse dieses Schweizer Vernetzungstreffens auch in die Beurteilung, ob die AfD verfassungsfeindlich sei und deswegen verboten werden sollte, einflie\u00dfen m\u00fcssten. Da kann man nur hoffen, dass es damit schnell vorangeht, denn wenn die Blaubraunen erst mal mit in der Bundesregierung sitzen sollten, d\u00fcrfte es f\u00fcr so ein Verbot zu sp\u00e4t sein. [Karl]<\/p>\n<p>14. Ein 9-Euro-Bahnticket f\u00fcr alle, Finanzierung von W\u00e4rmepumpen, Modernisierung der Bahn sowie Gelder f\u00fcr St\u00e4dte und Kommunen, um sich auf die Folgen der Klimakrise vorbereiten zu k\u00f6nnen &#8211; und das alles finanziert durch eine Abgabe, die nur 5000 Menschen in Deutschland betrifft. Klingt gut, oder? Und ist auch gar nicht utopisch, wenn man einer Studie von Greenpeace glaubt, \u00fcber die ein <a href=\"https:\/\/www.spiegel.de\/wirtschaft\/reichensteuer-wuerde-200-milliarden-euro-fuers-klima-bringen-a-dbd87333-4664-4fe5-9082-03b00e5d203c\" target=\"_blank\" rel=\"noopener\">Artikel auf <em>Spiegel Online<\/em><\/a> berichtet. Denn mit einer Reichensteuer und einem Steuerzuschlag auf besonders umweltsch\u00e4dliche Verm\u00f6gen w\u00fcrde das gut zu finanzieren sein. Problem dabei: Das wird leider keine Regierung, und schon gar nicht unter einem Bundeskanzler Merz, so umsetzen. Also k\u00f6nnen die Verm\u00f6genden weiter sch\u00f6n in \u00fcbergro\u00dfem Ma\u00dfe das Klima ruinieren &#8211; und zahlen d\u00fcrfen das dann vor allem alle anderen. [Karl]<\/p>\n<p>15. Dass katholische Priester Minderj\u00e4hrige missbrauchen, ist ja leider allzu oft vorgekommen. Nun haben aber laut einem <a href=\"https:\/\/www.tagesschau.de\/investigativ\/report-muenchen\/katholische-kirche-missbrauch-suedamerika-100.html\" target=\"_blank\" rel=\"noopener\">Artikel auf <em>tagesschau.de<\/em><\/a> Recherchen ergeben, dass solchen Priestern dann von der katholischen Kirche tatkr\u00e4ftig geholfen wurde, beispielsweise indem sie nach S\u00fcdamerika geschickt und dort \u00fcber Umwege weiter alimentiert wurden, um dann, wenn die Straftat verj\u00e4hrt war, wieder nach Deutschland zur\u00fcckzukehren. Dort wurden sie dann mitunter wieder als Priester eingesetzt &#8211; und prompt gab es auch wieder Missbrauchsmeldungen. Einfach nur widerw\u00e4rtig, wie hier eine Institution Verbrechen, die das Leben der Opfer oft genug zerst\u00f6ren, deckt und Strafvereitelung betreibt! [Karl]<\/p>\n<p>16. Ein <a href=\"https:\/\/www.t-online.de\/unterhaltung\/stars\/id_100569192\/feuer-in-la-dramatische-szenen-aus-den-hydranten-kommt-kein-wasser.html\" target=\"_blank\" rel=\"noopener\">Artikel auf <em>t-online<\/em><\/a> gibt Einblick in die Feuerkatastrophe in Los Angeles, die dort apokalyptische Sch\u00e4den anrichtet. Waldbr\u00e4nde seien dort zwar nach l\u00e4ngerer Trockenheit h\u00e4ufiger, aber nun gab es ungew\u00f6hnliche starke Winde, die das Feuer rasend schnell vorantrieben. Die Feuerwehren haben zu wenig Personal, zudem ist das Wasser knapp, sodass man den Br\u00e4nden nicht wirklich viel entgegenzusetzen hat. Da die USA nun ja bald einen faschistischen Pr\u00e4sidenten haben, der weder von Klimaschutz noch von \u00f6ffentlichen Dienstleistungen viel h\u00e4lt, k\u00f6nnen sich die Menschen dort wohl schon mal darauf einstellen, dass so was zuk\u00fcnftiger h\u00e4ufiger vorkommen wird. [Karl]<\/p>\n<p>17. Meta-Chef Mark Zuckerberg k\u00fcndigte an, zuk\u00fcnftig zun\u00e4chst mal in den USA seine Plattformen, wie Facebook und Instagram, so umzugestalten, dass es dort keine Faktenchecks mehr gibt und jeder noch so haneb\u00fcchene und hetzerische Inhalt als freie Meinungs\u00e4u\u00dferung verstanden wird. Zu Recht fragt daher Matthias Schwarzer in einem <a href=\"https:\/\/www.rnd.de\/wirtschaft\/social-media-ist-kaputt-wie-kommen-wir-da-raus-YECTFZWMBZDKFIX6D5LVCDMFVA.html\" target=\"_blank\" rel=\"noopener\">Artikel f\u00fcr das <em>RedaktionsNetzwerk Deutschland<\/em><\/a>, wie wir es so weit haben kommen lassen, dass elementare Kommunikationsinfrastruktur in den H\u00e4nden von launischen Milliard\u00e4ren liegt, die sich gerade jetzt einem noch launischeren US-Pr\u00e4sidenten Trump anbiedern. Einfach nur zu sagen, man verzichtet dann eben auf die Nutzung dieser Medien, schafft das Problem nicht aus der Welt, da m\u00fcssten schon andere, vor allem offene Strukturen her. Alles nicht so einfach, aber zumindest hat man in der EU schon mal entsprechendes gesetzliches R\u00fcstzeug bereitgestellt. [Karl]<\/p>\n","protected":false},"excerpt":{"rendered":"<p>An dieser Stelle pr\u00e4sentieren wir regelm\u00e4\u00dfig Links, die wir unter der Woche entdeckt haben, zu denen wir selbst nicht mehr viel schreiben m\u00fcssen und die wir teilenswert finden. Viel Spa\u00df beim Lesen und Anschauen!<\/p>\n","protected":false},"author":5,"featured_media":0,"comment_status":"open","ping_status":"open","sticky":false,"template":"","format":"standard","meta":{"footnotes":""},"categories":[193],"tags":[],"class_list":["post-29985","post","type-post","status-publish","format-standard","hentry","category-woechentliches"],"_links":{"self":[{"href":"https:\/\/www.unterstroemt.de\/index.php?rest_route=\/wp\/v2\/posts\/29985","targetHints":{"allow":["GET"]}}],"collection":[{"href":"https:\/\/www.unterstroemt.de\/index.php?rest_route=\/wp\/v2\/posts"}],"about":[{"href":"https:\/\/www.unterstroemt.de\/index.php?rest_route=\/wp\/v2\/types\/post"}],"author":[{"embeddable":true,"href":"https:\/\/www.unterstroemt.de\/index.php?rest_route=\/wp\/v2\/users\/5"}],"replies":[{"embeddable":true,"href":"https:\/\/www.unterstroemt.de\/index.php?rest_route=%2Fwp%2Fv2%2Fcomments&post=29985"}],"version-history":[{"count":24,"href":"https:\/\/www.unterstroemt.de\/index.php?rest_route=\/wp\/v2\/posts\/29985\/revisions"}],"predecessor-version":[{"id":30065,"href":"https:\/\/www.unterstroemt.de\/index.php?rest_route=\/wp\/v2\/posts\/29985\/revisions\/30065"}],"wp:attachment":[{"href":"https:\/\/www.unterstroemt.de\/index.php?rest_route=%2Fwp%2Fv2%2Fmedia&parent=29985"}],"wp:term":[{"taxonomy":"category","embeddable":true,"href":"https:\/\/www.unterstroemt.de\/index.php?rest_route=%2Fwp%2Fv2%2Fcategories&post=29985"},{"taxonomy":"post_tag","embeddable":true,"href":"https:\/\/www.unterstroemt.de\/index.php?rest_route=%2Fwp%2Fv2%2Ftags&post=29985"}],"curies":[{"name":"wp","href":"https:\/\/api.w.org\/{rel}","templated":true}]}}