{"id":3009,"date":"2015-05-17T11:16:45","date_gmt":"2015-05-17T09:16:45","guid":{"rendered":"https:\/\/www.unterstroemt.de\/?p=3009"},"modified":"2019-08-19T08:59:05","modified_gmt":"2019-08-19T06:59:05","slug":"interessantes-aus-kw-202015","status":"publish","type":"post","link":"https:\/\/www.unterstroemt.de\/?p=3009","title":{"rendered":"Interessantes aus KW 20\/2015"},"content":{"rendered":"<p>An dieser Stelle pr\u00e4sentieren wir regelm\u00e4\u00dfig Links, die wir unter der Woche entdeckt haben, zu denen wir selbst nicht mehr viel schreiben m\u00fcssen und die wir teilenswert finden. Viel Spa\u00df beim Lesen und Anschauen!<\/p>\n<p>1. Jan Leyk scheint irgendwie ein Promi zu sein (mir sagt der irgendwie nichts), in jedem Fall hat er auf seinem Facebook-Profil ziemlich \u00fcbel und primitiv \u00fcber die GDL wegen deren Streik hergezogen, wie Heinrich Schmitz in einem <a href=\"http:\/\/www.theeuropean.de\/heinrich-schmitz\/10111-jan-leyks-hasstirade-bei-facebook\" target=\"_blank\" rel=\"noopener noreferrer\">Artikel auf\u00a0<em>The European<\/em><\/a> beschreibt. Dabei beschreibt der Autor nicht nur das Geschehen, sondern geht auch den Ursachen f\u00fcr die gro\u00dfe Zustimmung zu solchen Hasstiraden auf den Grund.<\/p>\n<p>2. Passend zur neulich schon mal <a href=\"https:\/\/www.unterstroemt.de\/?p=2970\" target=\"_blank\" rel=\"noopener noreferrer\">hier<\/a> von uns verlinkten Unterschriftenaktion von Campact, die sich gegen die weitere Verwendung vom Pflanzenschutzmittel Glyphosat wendet, gibt es nun einen f\u00fcnfmin\u00fctigen <a href=\"http:\/\/www.br.de\/mediathek\/video\/sendungen\/quer\/150507-quer-glyphosat-100.html#&amp;time=\" target=\"_blank\" rel=\"noopener noreferrer\">Beitrag im Magazin\u00a0<em>quer<\/em><\/a>\u00a0(leider nicht mehr abrufbar) des\u00a0<em>Bayerischen Rundfunks<\/em>, in dem vor allem auch die Art und Weise der Risikobewertung durch das BfR, welche die Grundlage f\u00fcr die politischen Entscheidungen von Bund und EU bildet, kritisch hinterfragt wird.<\/p>\n<p>3. Ein gutes Beispiel daf\u00fcr, wie\u00a0Privatisierung von Staatsunternehmen in der Regel l\u00e4uft und wer tats\u00e4chlich davon profitiert (n\u00e4mlich nicht der um Schuldenreduzierung bem\u00fchte Staat), wird in einem <a href=\"http:\/\/www.taz.de\/!159616\/\" target=\"_blank\" rel=\"noopener noreferrer\">Artikel in der\u00a0<em>taz<\/em><\/a> geschildert, indem es um m\u00f6gliche Absprachen der Deutschen Telekom und\u00a0des britischen Private-Equity-Unternehmens Cinven beim Kauf der slowenischen Telekom.<\/p>\n<p>4. Und wieder einmal wird im Fu\u00dfball deutlich, wie sehr die Verrohung der Gesellschaft im marktradikalen Neoliberalismus fortschreitet: <a href=\"http:\/\/www.tagesspiegel.de\/sport\/aufstieg-durch-boykott-in-essen-kreisligaklub-pruegelt-sich-zum-meistertitel\/11766518.html\" target=\"_blank\" rel=\"noopener noreferrer\"><em>Der Tagesspiegel<\/em> berichtet<\/a>, dass der BV Altenessen II in der Kreisliga C Essen Nord\/West im Juni Meister wird, da alle anderen Teams in der Liga Spiele gegen die Mannschaft boykottieren. Grund: Wiederholte massive Gewalt, Beleidigungen und Bedrohungen von Spielern und Zuschauern der Altenessener gegen\u00fcber Gegenspielern und Schiedsrichtern.<\/p>\n<p>5. Nicht nur die Herstellung unserer ganze Konsumg\u00fcter geht auf Kosten von Menschen in anderen L\u00e4ndern (vornehmlich Afrika und Asien), auch wenn der ganze Kram dann wieder entsorgt werden muss, bekommen die L\u00e4nder dort ihr Fett weg, wie aus einem\u00a0<a href=\"http:\/\/taz.de\/UN-Bericht-ueber-illegalen-Muellhandel\/!159835\/\" target=\"_blank\" rel=\"noopener noreferrer\"><em>taz<\/em>-Artikel<\/a>, der sich mit der \u00fcberwiegend illegalen Entsorgung von Elektroschrott besch\u00e4ftigt, hervorgeht. Und auch daran verdienen ein paar skrupellose Gestalten dann noch einen Batzen Geld &#8230;<\/p>\n<p>6. Einen interessanten Einblick in die nicht anders als mafi\u00f6s zu bezeichnenden Strukturen des Gesch\u00e4fts von Wirtschaftspr\u00fcfungsgesellschaften, das von vier gro\u00dfen Firmen dominiert wird, gibt ein <a href=\"http:\/\/www.deutschlandfunk.de\/wirtschaftspruefungsgesellschaften-die-macht-der-insider.724.de.html?dram%3Aarticle_id=319526\" target=\"_blank\" rel=\"noopener noreferrer\">ausf\u00fchrlicher Beitrag vom\u00a0<em>Deutschlandfunk<\/em><\/a>. Monopolisierung und damit Machtlosigkeit von Politikern gegen\u00fcber Konzerninteressen sind leider das unvermeidliche\u00a0Produkt\u00a0des neoliberalen Marktradikalismus, wie man auch an diesem Beispiel sehen kann, und das nat\u00fcrlich immer zum Schaden der Allgemeinheit.<\/p>\n<p>7. In einem <a href=\"https:\/\/www.bund.net\/themen\/aktuelles\/detail-aktuelles\/news\/bitte-keine-reklame-grenoble-schafft-als-erste-stadt-europas-werbung-im-oeffentlichen-raum-ab\/\" target=\"_blank\" rel=\"noopener noreferrer\">Interview mit Lucille Lheureux<\/a>, Stadtr\u00e4tin\u00a0von Grenoble,\u00a0wird auf der Webseite vom <em>BUND<\/em>\u00a0beschrieben, wie die franz\u00f6sische Stadt\u00a0als erste in Europa\u00a0seit Anfang dieses Jahres Werbung im \u00f6ffentlichen Raum abschafft. Vor allem interessant zu lesen, wie dies im Gesamtkonzept der Stadtpolitik zu sehen ist, das sich an den Menschen orientieren und die Lebensqualit\u00e4t steigern will. So was kommt dabei raus, wenn \u00fcberwiegend politisch wenig vorbelastete Menschen die Mehrheit eines Stadtrats stellen!<\/p>\n<p>8. <em>Der Standard<\/em> pr\u00e4sentiert ein ausgesprochen lesenswertes\u00a0<a href=\"http:\/\/mobil.derstandard.at\/2000015524661\/Das-System-der-Mitte-kollabiert\" target=\"_blank\" rel=\"noopener noreferrer\">Interview mit der Politikwissenschaftlerin Chantal Mouffe<\/a>, die darin das Erstarken rechter Kr\u00e4fte in Europa plausibel auf das Verschwimmen der Konturen der Parteien der sogenannten Mitte zur\u00fcckf\u00fchrt, die sich ja auch in Deutschland (CDU, SPD, weite Teile der Gr\u00fcnen, FDP) kaum noch inhaltlich voneinander unterscheiden und somit die W\u00e4hler entweder in die Resignation oder zu denen treiben, die eine vermeintliche Alternative anbieten.<\/p>\n<p>9. Gute Nachricht! Wie das\u00a0<a href=\"https:\/\/www.greenpeace-magazin.de\/nachrichtenarchiv\/mangroven-retten\" target=\"_blank\" rel=\"noopener noreferrer\"><em>Greenpeace-Magazin<\/em> berichtet<\/a>, will Sri Lanka\u00a0nun als erstes Land weltweit explizit seine Mangrovenw\u00e4lder sch\u00fctzen. Positiver Effekt dabei: Die lokale Bev\u00f6lkerung, vor allem Frauen, sollen hier miteinbezogen werden und f\u00fcr ihre &#8222;W\u00e4chtert\u00e4tigkeit&#8220; mit Mikrokrediten oder Ausbildungen entlohnt werden, mit deren Hilfe sie sich eine wirtschaftliche Existenz aufbauen k\u00f6nnen.<\/p>\n<p>10. So kann&#8217;s auch gehen: Studenten bauen ein Windrad, das \u00fcberwiegend aus Teilen vom Schrott besteht, als kosteng\u00fcnstiges Open-Source-Projekt, wie auf einem <a href=\"http:\/\/www.spiegel.de\/unispiegel\/wunderbar\/junge-ingenieure-studenten-bauen-open-source-windrad-a-1028605.html\" target=\"_blank\" rel=\"noopener noreferrer\">Artikel auf <em>Spiegel Online &#8211; Unispiegel<\/em><\/a>\u00a0hervorgeht. Bitte mehr davon!<\/p>\n<p>11. Auch wenn mein Entsetzen gro\u00df war zu lesen, dass <em>Rayk Anders<\/em> also <em>GNTM<\/em> (Germanys Next Topmodel) schaut: <a title=\"YouTube | Rayk Anders - Die 'Bombe' bei GNTM \" href=\"https:\/\/www.youtube.com\/watch?v=4tBdqetXMaU\" target=\"_blank\" rel=\"noopener noreferrer\">Hier ein kurzer Beitrag zu der Bombendrohung<\/a>, bei der\u00a0erst die Promis und satte 20 Minuten sp\u00e4ter das Fu\u00dfvolk evakuiert wurde. Bunt und unterhaltsam die Kommentare darunter, bei denen einer der Vorschl\u00e4ge es gut trifft: erst das Publikum r\u00e4umen und dann die Promis.<\/p>\n<p>12. Ein <a href=\"http:\/\/www.taz.de\/Wachsende-Politikverdrossenheit\/!159747\/\" target=\"_blank\" rel=\"noopener noreferrer\">Artikel in der\u00a0<em>taz<\/em>\u00a0<\/a>besch\u00e4ftigt sich aufgrund der niedrigen Wahlbeteiligung bei der Bremen-Wahl vom letzten Wochenende mit der Gruppe der Nichtw\u00e4hler und kommt zu einem ern\u00fcchternden Resultat:\u00a0Wer arm und arbeitslos ist, zieht sich zunehmend\u00a0aus dem politischen Leben zur\u00fcck und nimmt sein Wahlrecht nicht wahr, sodass unsere Demokratie mittlerweile eine ziemlich exklusive Angelegenheit der besser situierten Mittel- und Oberschicht ist.<\/p>\n<p>13. Der Beitrag <a href=\"https:\/\/www.youtube.com\/watch?v=58I5QD2UDjc\" target=\"_blank\" rel=\"noopener noreferrer\">Fleisch f\u00fcr die Tonne<\/a>\u00a0des\u00a0<em>BR<\/em>-Magazins\u00a0<em>kontrovers<\/em>\u00a0(18 Minuten) besch\u00e4ftigt sich mit der industriellen Fleischproduktion und zeigt einige scheu\u00dfliche Zusammenh\u00e4nge auf: Tiere werden, damit das Fleisch ein billiger Massenartikel sein kann, unter entsetzlichen Bedingungen gehalten, und dieses Tierleid wird dann noch dadurch zus\u00e4tzlich pervertiert, dass riesige Mengen Fleisch von Superm\u00e4rkten, Gastronomie und Endverbrauchern einfach weggeschmissen wird. Guten Appetit!<\/p>\n<p>14. Und wieder wird die Politik von Wirtschaftsinteressen am Nasenring durch die Manege gef\u00fchrt: Auf der Webseite von\u00a0<em>Mietenwahnsinn stoppen<\/em>\u00a0(leider nicht mehr online) wird berichtet, dass der rot-gr\u00fcne Hamburger Senat die von ihm selbst bundesweit initiierte Mietpreisbremse nun erst versp\u00e4tet und nicht wie geplant zum 1. Juni einf\u00fchren will, da der Grundeigent\u00fcmerverband sonst rumzickt. Traurig nur, dass von Hamburger SPD und Gr\u00fcnen eigentlich auch nichts anderes zu erwarten war &#8230;<\/p>\n<p>15. Die ukrainische Regierung dreht immer mehr durch. Laut einem <a href=\"http:\/\/www.handelsblatt.com\/politik\/international\/krise-in-der-ukraine-auslaender-sollen-legal-fuer-die-ukraine-kaempfen\/11767700.html\" target=\"_blank\" rel=\"noopener noreferrer\">Artikel<\/a> im <em>Handelsblatt<\/em> sollen nun auch offiziell ausl\u00e4ndische S\u00f6ldner in der ukrainischen Armee gegen die osturkainischen Separatisten k\u00e4mpfen d\u00fcrfen, zudem soll eine 2300 Kilometer lange Mauer an der Grenze zu Russland errichtet werden. (An was erinnert uns das blo\u00df?) Ein <a href=\"http:\/\/www.taz.de\/Kommentar-Kerry-Besuch-in-Russland\/!159839\/\" target=\"_blank\" rel=\"noopener noreferrer\">Kommentar von Bernhard Clasen<\/a> in der\u00a0<em>taz<\/em> zum Treffen von US-Au\u00dfenminister Kerry mit seinem russischen Amtskollegen Lawrow macht zudem deutlich, dass mittlerweile von allen am Konflikt beteiligten Seiten Kompromiss- und Dialogbereitschaft gezeigt wird &#8211; nur nicht von den Hardlinern in Kiew, die sich nach wie vor von der R\u00fcckendeckung und Unterst\u00fctzung unserer\u00a0Regierung und auch von Oppositionspolitikern wie der uns\u00e4glichen Marieluise Beck (Gr\u00fcne) sicher sein k\u00f6nnen.<\/p>\n<p>16. J\u00f6rg Wellbrock liefert auf\u00a0<em>blastingnews<\/em> einen treffenden Kommentar\u00a0(leider nicht mehr aufrufbar) zur immer deutlicher zutage tretenden Unangreifbarkeit Angela Merkels, die auch ihren nun bekannt gewordenen Landesverrat einfach aussitzen und dann wiedergew\u00e4hlt werden wird, weil eben auch keine Konkurrenz in Sicht ist und die Medien (vorweg nat\u00fcrlich mal wieder Springer) die Kanzlerin aufs Unertr\u00e4glichste hofieren.<\/p>\n<p>17. Stephan Hebel fasst in seinem <a href=\"http:\/\/www.fr-online.de\/aktuelle-kommentare\/kommentar-german-mist,30085308,30705384.html\" target=\"_blank\" rel=\"noopener noreferrer\">Kommentar in der\u00a0<em>Frankfurter Rundschau<\/em><\/a>\u00a0(leider zurzeit nicht mehr aufrufbar) sehr trefflich zusammen, dass bei der angeblichen Neuorientierung der FDP nichts anderes als alter Wein in neuen Schl\u00e4uchen kredenzt wird. Bleibt zu hoffen, dass sich diese Erkenntnis schnell und umfassend durchsetzt, damit die FDP wieder dahin verschwindet, wo sie hingeh\u00f6rt: ins politische Nirwana.<\/p>\n","protected":false},"excerpt":{"rendered":"<p>An dieser Stelle pr\u00e4sentieren wir regelm\u00e4\u00dfig Links, die wir unter der Woche entdeckt haben, zu denen wir selbst nicht mehr viel schreiben m\u00fcssen und die wir teilenswert finden. Viel Spa\u00df beim Lesen und Anschauen!<\/p>\n","protected":false},"author":3,"featured_media":0,"comment_status":"open","ping_status":"closed","sticky":false,"template":"","format":"standard","meta":{"footnotes":""},"categories":[193],"tags":[],"class_list":["post-3009","post","type-post","status-publish","format-standard","hentry","category-woechentliches"],"_links":{"self":[{"href":"https:\/\/www.unterstroemt.de\/index.php?rest_route=\/wp\/v2\/posts\/3009","targetHints":{"allow":["GET"]}}],"collection":[{"href":"https:\/\/www.unterstroemt.de\/index.php?rest_route=\/wp\/v2\/posts"}],"about":[{"href":"https:\/\/www.unterstroemt.de\/index.php?rest_route=\/wp\/v2\/types\/post"}],"author":[{"embeddable":true,"href":"https:\/\/www.unterstroemt.de\/index.php?rest_route=\/wp\/v2\/users\/3"}],"replies":[{"embeddable":true,"href":"https:\/\/www.unterstroemt.de\/index.php?rest_route=%2Fwp%2Fv2%2Fcomments&post=3009"}],"version-history":[{"count":28,"href":"https:\/\/www.unterstroemt.de\/index.php?rest_route=\/wp\/v2\/posts\/3009\/revisions"}],"predecessor-version":[{"id":16603,"href":"https:\/\/www.unterstroemt.de\/index.php?rest_route=\/wp\/v2\/posts\/3009\/revisions\/16603"}],"wp:attachment":[{"href":"https:\/\/www.unterstroemt.de\/index.php?rest_route=%2Fwp%2Fv2%2Fmedia&parent=3009"}],"wp:term":[{"taxonomy":"category","embeddable":true,"href":"https:\/\/www.unterstroemt.de\/index.php?rest_route=%2Fwp%2Fv2%2Fcategories&post=3009"},{"taxonomy":"post_tag","embeddable":true,"href":"https:\/\/www.unterstroemt.de\/index.php?rest_route=%2Fwp%2Fv2%2Ftags&post=3009"}],"curies":[{"name":"wp","href":"https:\/\/api.w.org\/{rel}","templated":true}]}}