{"id":30233,"date":"2025-02-16T19:41:38","date_gmt":"2025-02-16T18:41:38","guid":{"rendered":"https:\/\/www.unterstroemt.de\/?p=30233"},"modified":"2025-02-23T23:43:21","modified_gmt":"2025-02-23T22:43:21","slug":"interessantes-aus-kw-7-2025","status":"publish","type":"post","link":"https:\/\/www.unterstroemt.de\/?p=30233","title":{"rendered":"Interessantes aus KW 7\/2025"},"content":{"rendered":"<p>An dieser Stelle pr\u00e4sentieren wir regelm\u00e4\u00dfig Links, die wir unter der Woche entdeckt haben, zu denen wir selbst nicht mehr viel schreiben m\u00fcssen und die wir teilenswert finden. Viel Spa\u00df beim Lesen und Anschauen!<\/p>\n<p>1. Der Sicherheitsexperte und Notfallseelsorger J\u00f6rg H. Trauboth \u00e4u\u00dfert sich in einem sechsmin\u00fctigen <a href=\"https:\/\/www.ardmediathek.de\/video\/phoenix-der-tag\/studiogespraech-mit-joerg-h-trauboth-sicherheitsexperte\/phoenix\/Y3JpZDovL3Bob2VuaXguZGUvNDc4ODQ4Mg\" target=\"_blank\" rel=\"noopener\">Interview mit <em>phoenix der tag<\/em><\/a> zu den aktuell h\u00e4ufig vorkommenden Anschl\u00e4gen von Menschen mit Migrationshintergrund. Das kommt ihm n\u00e4mlich so kurz vor der Wahl sehr merkw\u00fcrdig vor, sodass er die Frage stellt, wem diese Anschl\u00e4ge vor allem n\u00fctzen, und daraus dann die Hypothese ableitet, dass das alles nicht nur zuf\u00e4llig so geschieht, sondern durchaus geplant ist. Ob da nun ein in- oder ausl\u00e4ndischer Akteur dahintersteckt, l\u00e4sst er erst mal offen, allerdings ist das in jedem Fall ein Ansatz, den zu verfolgen sehr sinnvoll scheint. [Karl]<\/p>\n<p>2a. In den USA findet der angek\u00fcndigte Umbau der Institutionen in Richtung eines faschistischen Regimes mit unglaublicher Geschwindigkeit statt. In einem <a href=\"https:\/\/www.zdf.de\/nachrichten\/politik\/ausland\/trump-usa-kuendigung-doge-usaid-100.html\" target=\"_blank\" rel=\"noopener\">Gespr\u00e4ch mit <em>ZDF heute<\/em><\/a> erl\u00e4utert eine Mitarbeiterin von USAID, der Beh\u00f6rde f\u00fcr internationale Zusammenarbeit und Entwicklungshilfe, wie sie diesen radikalen Angriff gerade erlebt. Dabei scheint es weniger um konkrete politische Inhalte zu gehen, sondern vielmehr darum, unliebsame Staatsangestellte zu feuern und dieses Signal auch an andere Beh\u00f6rden zu senden. Eine Rechtsgrundlage gibt es daf\u00fcr nicht, aber zurzeit stellt sich auch niemand diesen Vorg\u00e4ngen wirklich entgegen. Fazit der Mitarbeiterin: So muss sich das 1933 in Berlin angef\u00fchlt haben. [Karl]<\/p>\n<p>2b. Noch mal was zu dem Thema Demokratieabbau in den USA: Der Historiker Manfred Berg kommt in einem <a href=\"https:\/\/www.tagesschau.de\/ausland\/amerika\/trump-musk-doge-verfassungskrise-100.html\" target=\"_blank\" rel=\"noopener\">Interview mit <em>tagesschau.de<\/em><\/a> zu \u00e4hnlichen Schl\u00fcssen wie die Mitarbeiterion von USAID, nur wird das dort dann noch etwas weiter gefasst, und es wird konkreter auf die M\u00f6glichkeiten der Gerichte, dem entgegenzuwirken, eingegangen. Wobei hierzu schon Ank\u00fcndigungen aus Richtung der Trump-Administration kamen, dass man sich daran einfach nicht halten w\u00fcrde. In dem Fall w\u00e4re die Gewaltenteilung ausgehebelt, und die USA h\u00e4tten eine Verfassungskrise. Berg spricht von einer kleptokratischen Oligarchen-Clique, die sich das Land gerade nach ihren Vorstellungen formt. [Karl]<\/p>\n<p>3. Dass Faschisten nichts mit Recht und Gesetz am Hut haben, sieht man auch gerade in Italien. Da wurde gerade ein vom Internationalen Strafgerichtshof in Den Haag wegen Mord, Folter und Vergewaltigung (auch Minderj\u00e4hriger) gesuchter libyscher Milizion\u00e4r erst verhaftet, dann aber kurz darauf per Luxusflug zur\u00fcck nach Libyen gebracht. Andererseits spioniert die Regierung von Giorgia Meloni Journalisten und NGO-Mitarbeiter rechtswidrig mit der ber\u00fcchtigten Software Paragon aus. Als Kr\u00f6nung kommt dann noch eine so dumme Ausrede hinzu, dass man sich nur noch an Kopf fassen kann &#8211; oder wie Udo G\u00fcmpel in einem <a href=\"https:\/\/www.n-tv.de\/politik\/Affaere-um-Foltergeneral-wird-fuer-Meloni-immer-peinlicher-article25549899.html\" target=\"_blank\" rel=\"noopener\">Artikel auf <em>ntv<\/em><\/a> feststellt: Das w\u00fcrde man nicht mal als Drehbuch f\u00fcr einen unterklassigen Film durchbekommen. [Karl]<\/p>\n<p>4. Ulrike Herrmann liefert in der <em>taz<\/em> einen <a href=\"https:\/\/taz.de\/Faktencheck-zur-Schuldenbremse\/!6067508\/\" target=\"_blank\" rel=\"noopener\">Faktencheck zur Schuldenbremse<\/a>. Gerade damit wird ja zurzeit viel Schindluder betrieben, indem die W\u00e4hler mit Falschaussagen gek\u00f6dert werden sollen, die so \u00fcberhaupt keinen inhaltlichen Bestand haben. Insofern ist es sehr sinnvoll, hier mal in kompakter Form Tacheles zu reden und mit den ganzen Mythen rund um die Schuldenbremse, die vor allem von den rechten Parteien CDU\/CSU, FDP und AfD verbreitet werden, aufzur\u00e4umen. [Karl]<\/p>\n<p>5. Kinderpornografie ist leider ein weit verbreitetes \u00dcbel hierzulande. Und f\u00fcr die Betroffenen ist es in der Regel entsetzlich, wenn Videos und Fotos, die zeigen, wie sie missbraucht wurden, im Internet bzw. Darknet abrufbar sind. Hier k\u00f6nnte die Polizei konsequent l\u00f6schen, was dann auch laut einem <a href=\"https:\/\/www.ndr.de\/fernsehen\/sendungen\/panorama\/archiv\/2025\/Kindesmissbrauch-Polizei-loescht-strafbare-Bilder-nicht,paedoforen104.html\" target=\"_blank\" rel=\"noopener\">Artikel von <em>Panorama<\/em><\/a><em> (NDR)<\/em> dazu f\u00fchren k\u00f6nnte, dass die entsprechenden Plattformen stillgelegt werden &#8211; so zumindest die Erfahrungswerte. Allerdings geschieht das, was technisch m\u00f6glich ist, leider viel zu selten &#8211; und die Begr\u00fcndungen daf\u00fcr h\u00f6ren sich schon recht mau an. So leiden von Missbrauch Betroffene weiter, weil die Arbeitsbelastung bei Beh\u00f6rden zu hoch ist und es angeblich unsichere Rechtslagen g\u00e4be. [Karl]<\/p>\n<p>6. In einem <a href=\"https:\/\/jensmattern.substack.com\/p\/das-massaker-in-orebro-wir-gegen\" target=\"_blank\" rel=\"noopener\">Artikel seines Blogs <em>NordOst Texte<\/em><\/a> befasst sich Jens Mattern mit dem Massenmord von \u00d6rebro. Dabei liefert er einige interessante Informationen, denn hierzulande wird dieser Vorfall ja leider ziemlich konsequent totgeschwiegen. So besteht durchaus die Vermutung, dass der T\u00e4ter einen rassistischen Hintergrund gehabt haben k\u00f6nnte, da die Opfer vorwiegend Migranten sind. Zudem beleuchtet Mattern die Folgen, da die Regierung nun ein strengeres Waffenrecht verabschieden will &#8211; sehr zum Unwillen der vielen J\u00e4ger im Land und ihrer Lobby. [Karl]<\/p>\n<p>7. Na s0 was! Wie ein <a href=\"https:\/\/www.tagesschau.de\/investigativ\/ndr\/schwangerschaftsabbruch-paragraf-218-lobbyregister-100.html\" target=\"_blank\" rel=\"noopener\">Artikel auf <em>tagesschau.de<\/em><\/a> berichtet, halten sich Abtreibungsgegner bei ihren Lobbyt\u00e4tigkeiten nicht gerade an Recht und Gesetz, sondern haben sehr viel Lust auf Intransparenz. Da werden Postkarten und Briefe verschickt, die dann teilweise von Abgeordneten in Plenardiskussionen als unabh\u00e4ngige Fachmeinung pr\u00e4sentiert werden, ohne dass man es f\u00fcr n\u00f6tig befindet, sich im verpflichtenden Lobbyregister einzutragen. Auf Anfragen von Journalisten reagiert man nat\u00fcrlich auch nicht. Woran man mal wieder sieht, dass Leute, die rechte Themen beackern, grunds\u00e4tzlich nicht viel mit geltendem Recht am Hut haben. [Karl]<\/p>\n<p>8. Die Schuldenbremse ist nicht nur \u00f6konomischer Unfug, sondern st\u00e4rkt zudem die organisierte Kriminalit\u00e4t, wie Maurice H\u00f6fgen in einem <a href=\"https:\/\/www.geldfuerdiewelt.de\/p\/die-schuldenbremse-nutzt-kriminellen-kokain-hamburg-hafen-zoll\" target=\"_blank\" rel=\"noopener\">Artikel seines Blog <em>Geld f\u00fcr die Welt<\/em><\/a> nachvollziehbar darstellt. Es fehlt n\u00e4mlich haufenweise Geld beim Zoll, sodass dort viel zu wenig Mitarbeiter mit zu wenig und h\u00e4ufig auch noch veraltetem Equipment immer besser ausger\u00fcsteten Banden gegen\u00fcberstehen. Das wird besonders deutlich beim Kokain, wo mittlerweile immer mehr nach Hamburg ausgewichen wird, anstatt dass das Zeug vor allem \u00fcber Belgien eingef\u00fchrt wird, wo man mittlerweile ordentlich aufger\u00fcstet hat zwecks Kriminalit\u00e4tsbek\u00e4mpfung. Auch so was hat ein Anwachsen von Gewalt zur Folge, aber das wird irgendwie nie in Talkshows thematisiert. [Karl]<\/p>\n","protected":false},"excerpt":{"rendered":"<p>An dieser Stelle pr\u00e4sentieren wir regelm\u00e4\u00dfig Links, die wir unter der Woche entdeckt haben, zu denen wir selbst nicht mehr viel schreiben m\u00fcssen und die wir teilenswert finden. Viel Spa\u00df beim Lesen und Anschauen!<\/p>\n","protected":false},"author":5,"featured_media":0,"comment_status":"open","ping_status":"open","sticky":false,"template":"","format":"standard","meta":{"footnotes":""},"categories":[193],"tags":[],"class_list":["post-30233","post","type-post","status-publish","format-standard","hentry","category-woechentliches"],"_links":{"self":[{"href":"https:\/\/www.unterstroemt.de\/index.php?rest_route=\/wp\/v2\/posts\/30233","targetHints":{"allow":["GET"]}}],"collection":[{"href":"https:\/\/www.unterstroemt.de\/index.php?rest_route=\/wp\/v2\/posts"}],"about":[{"href":"https:\/\/www.unterstroemt.de\/index.php?rest_route=\/wp\/v2\/types\/post"}],"author":[{"embeddable":true,"href":"https:\/\/www.unterstroemt.de\/index.php?rest_route=\/wp\/v2\/users\/5"}],"replies":[{"embeddable":true,"href":"https:\/\/www.unterstroemt.de\/index.php?rest_route=%2Fwp%2Fv2%2Fcomments&post=30233"}],"version-history":[{"count":11,"href":"https:\/\/www.unterstroemt.de\/index.php?rest_route=\/wp\/v2\/posts\/30233\/revisions"}],"predecessor-version":[{"id":30282,"href":"https:\/\/www.unterstroemt.de\/index.php?rest_route=\/wp\/v2\/posts\/30233\/revisions\/30282"}],"wp:attachment":[{"href":"https:\/\/www.unterstroemt.de\/index.php?rest_route=%2Fwp%2Fv2%2Fmedia&parent=30233"}],"wp:term":[{"taxonomy":"category","embeddable":true,"href":"https:\/\/www.unterstroemt.de\/index.php?rest_route=%2Fwp%2Fv2%2Fcategories&post=30233"},{"taxonomy":"post_tag","embeddable":true,"href":"https:\/\/www.unterstroemt.de\/index.php?rest_route=%2Fwp%2Fv2%2Ftags&post=30233"}],"curies":[{"name":"wp","href":"https:\/\/api.w.org\/{rel}","templated":true}]}}