{"id":30283,"date":"2025-03-18T06:32:13","date_gmt":"2025-03-18T05:32:13","guid":{"rendered":"https:\/\/www.unterstroemt.de\/?p=30283"},"modified":"2025-03-18T12:12:26","modified_gmt":"2025-03-18T11:12:26","slug":"falsch-bleibt-falsch-taeter-opfer-umkehr","status":"publish","type":"post","link":"https:\/\/www.unterstroemt.de\/?p=30283","title":{"rendered":"Falsch bleibt falsch (T\u00e4ter-Opfer-Umkehr)"},"content":{"rendered":"<p><strong>Unsere Meinung ist ein hohes Gut, und es ist wichtig, dass man seine Meinung verteidigt und reflektiert. Sie ist ein Teil unserer Pers\u00f6nlichkeit, und entsprechend f\u00fchlen wir uns pers\u00f6nlich angegriffen, wenn jemand unsere Meinung diskreditiert. Allerdings ist unsere Meinung in vielen F\u00e4llen nicht unumst\u00f6\u00dflich und kann sich den Gegebenheiten anpassen, wenn sich die Umst\u00e4nde oder unsere Einstellung \u00e4ndern, und auch das ist gut so! In einer Zeit, in der Menschen so ziemlich alles ihren pers\u00f6nlich Vorlieben anpassen k\u00f6nnen (vom Namen \u00fcber die Frisur bis zum Geschlecht), sollte auch die Meinung so reflektiert werden, wie man in den Spiegel schaut und noch einmal den Kamm schwingt oder den Eyeliner z\u00fcckt. Aber an dieser Stelle scheinen sich viele Menschen schwer damit zu tun.<\/strong><\/p>\n<p>So eine Meinung ist im Prinzip nichts besonders Sch\u00fctzenswertes: So ziemlich jede Person hat sie, sie ist absolut subjektiv, \u00e4ndert sich im Laufe des Lebens (meistens langsam, bei traumatischen Erfahrungen auch mal radikal), und ihre Qualit\u00e4t h\u00e4ngt von der Summe an Erfahrungen und Informationen ab, auf denen diese Meinung basiert. Letzteres ist auch der Grund, warum Personen eine besonders einseitige Meinung haben, wenn sie besonders einseitig informiert sind! Aber wer m\u00f6chte das schon von sich h\u00f6ren? Trifft es doch wieder genau den Punkt, der im ersten Absatz beschrieben wird: Eine Kritik an der Meinung f\u00fchlt sich f\u00fcr die meisten Personen an wie Kritik an der Person selbst.<\/p>\n<p>Ich behaupte daher Folgendes: <strong>Je radikaler eine Meinung ist, desto weniger ber\u00fccksichtigt sie alle verf\u00fcgbaren Faktoren.<\/strong><\/p>\n<p>Ich selbst tue mich schwer, die Angriffe von abgelehnten Asylbewerbern mit Messern oder Autos differenziert zu betrachten. Allerdings tue ich mich damit diametral entgegengesetzt schwer, als es die Wahlergebnisse, die Wahlparolen und die Presse derzeit vermuten lassen. Das Gef\u00fchl, dass das Thema verh\u00e4ltnism\u00e4\u00dfig viel Aufmerksamkeit erh\u00e4lt, obgleich es eine unl\u00e4ngst kleinere Zahl betroffener Personen gibt, ist f\u00fcr mich schwer zu ertragen. Ich fange an, die Anzahl der Femizide, Verkehrstoten oder Opfer von klimatisch bedingten Unwettern gegenzurechnen. Aus meiner Sicht erh\u00e4lt das Thema zu Unrecht eine solche Aufmerksamkeit, da doch sehr viel mehr Menschen an Dingen sterben, die sich leichter \u00e4ndern lassen als das Grundgesetz (Art. 16 a, politisch Verfolgte genie\u00dfen Asylrecht).<\/p>\n<p>Aber das \u00e4ndert alles nichts daran, dass es keinerlei \u201eEntschuldigung\u201c f\u00fcr ein solches Verhalten gibt! Die \u201eSchuld\u201c bleibt, unabh\u00e4ngig von meiner Bewertung und Meinung. Jeder Angriff auf andere Personen ist und bleibt ein f\u00fcr mich unethischer und unmoralischer Angriff auf die gesamte Gesellschaft und die gesellschaftliche Ordnung. Und das Gleiche gilt f\u00fcr alle anderen Taten des Unrechts, f\u00fcr die es zwar viele Erkl\u00e4rungen gibt, aber keine dieser Erkl\u00e4rungen macht aus Unrecht \u201eRecht\u201c! Oder wie mir die Suchmaschine gerade anvertraute: \u201eEx iniuria ius non oritur.\u201c<\/p>\n<p>Russland hat v\u00f6lkerrechtswidrig die Ukraine angegriffen und zuvor unrechtm\u00e4\u00dfig die Krim annektiert, egal ob dort die gesamte Regierung aus Nazi bestanden oder die NATO dort die Mitgliedschaft angeboten h\u00e4tte. Das ist so wenig strittig wie die T\u00e4ter-Opfer-Umkehr beim Missbrauch, nur weil das Opfer einen Minirock getragen hat oder sich auf einen Drink hat einladen lassen. Beim Klimawandel ist es schwieriger, weil man nicht explizit sagen kann, wie ein Unwetter verlaufen w\u00e4re, wenn die weltweite Temperatur (und damit die Extremereignisse) nicht ansteigen w\u00fcrden. Aber das macht die messbare und zunehmend auftretende Zunahme an Extremwetterlagen nicht wett! Da kann man nun nach Lust und Laune \u00fcber den Schweregrad diskutieren und die Schuld anderen zuweisen, so wie es \u201emenschlich\u201c normal zu sein scheint &#8230;<\/p>\n<p>&nbsp;<\/p>\n","protected":false},"excerpt":{"rendered":"<p>Unsere Meinung ist ein hohes Gut, und es ist wichtig, dass man seine Meinung verteidigt und reflektiert. Sie ist ein Teil unserer Pers\u00f6nlichkeit, und entsprechend f\u00fchlen wir uns pers\u00f6nlich angegriffen, wenn jemand unsere Meinung diskreditiert. Allerdings ist unsere Meinung in vielen F\u00e4llen nicht unumst\u00f6\u00dflich und kann sich den Gegebenheiten anpassen, wenn sich die Umst\u00e4nde oder unsere Einstellung \u00e4ndern, und auch das ist gut so! In einer Zeit, in der Menschen so ziemlich alles ihren pers\u00f6nlich Vorlieben anpassen k\u00f6nnen (vom Namen \u00fcber die Frisur bis zum Geschlecht), sollte auch die Meinung so reflektiert werden, wie man in den Spiegel schaut und noch einmal den Kamm schwingt oder den Eyeliner z\u00fcckt. Aber an dieser Stelle scheinen sich viele Menschen schwer damit zu tun.<\/p>\n","protected":false},"author":1,"featured_media":0,"comment_status":"open","ping_status":"open","sticky":false,"template":"","format":"standard","meta":{"footnotes":""},"categories":[585],"tags":[],"class_list":["post-30283","post","type-post","status-publish","format-standard","hentry","category-psychologisches"],"_links":{"self":[{"href":"https:\/\/www.unterstroemt.de\/index.php?rest_route=\/wp\/v2\/posts\/30283","targetHints":{"allow":["GET"]}}],"collection":[{"href":"https:\/\/www.unterstroemt.de\/index.php?rest_route=\/wp\/v2\/posts"}],"about":[{"href":"https:\/\/www.unterstroemt.de\/index.php?rest_route=\/wp\/v2\/types\/post"}],"author":[{"embeddable":true,"href":"https:\/\/www.unterstroemt.de\/index.php?rest_route=\/wp\/v2\/users\/1"}],"replies":[{"embeddable":true,"href":"https:\/\/www.unterstroemt.de\/index.php?rest_route=%2Fwp%2Fv2%2Fcomments&post=30283"}],"version-history":[{"count":9,"href":"https:\/\/www.unterstroemt.de\/index.php?rest_route=\/wp\/v2\/posts\/30283\/revisions"}],"predecessor-version":[{"id":30394,"href":"https:\/\/www.unterstroemt.de\/index.php?rest_route=\/wp\/v2\/posts\/30283\/revisions\/30394"}],"wp:attachment":[{"href":"https:\/\/www.unterstroemt.de\/index.php?rest_route=%2Fwp%2Fv2%2Fmedia&parent=30283"}],"wp:term":[{"taxonomy":"category","embeddable":true,"href":"https:\/\/www.unterstroemt.de\/index.php?rest_route=%2Fwp%2Fv2%2Fcategories&post=30283"},{"taxonomy":"post_tag","embeddable":true,"href":"https:\/\/www.unterstroemt.de\/index.php?rest_route=%2Fwp%2Fv2%2Ftags&post=30283"}],"curies":[{"name":"wp","href":"https:\/\/api.w.org\/{rel}","templated":true}]}}