{"id":30366,"date":"2025-03-16T12:19:47","date_gmt":"2025-03-16T11:19:47","guid":{"rendered":"https:\/\/www.unterstroemt.de\/?p=30366"},"modified":"2025-03-16T12:19:47","modified_gmt":"2025-03-16T11:19:47","slug":"intressantes-aus-kw-11-2025","status":"publish","type":"post","link":"https:\/\/www.unterstroemt.de\/?p=30366","title":{"rendered":"Intressantes aus KW 11\/2025"},"content":{"rendered":"<p>An dieser Stelle pr\u00e4sentieren wir regelm\u00e4\u00dfig Links, die wir unter der Woche entdeckt haben, zu denen wir selbst nicht mehr viel schreiben m\u00fcssen und die wir teilenswert finden. Viel Spa\u00df beim Lesen und Anschauen!<\/p>\n<p>1. Um ein AfD-Verbotsverfahren anzuleiern, w\u00e4re das Verfassungsschutzgutachten zu den Blaubraunen wichtig. W\u00fcrde darin festgestellt, dass die Partei insgesamt gesichert rechtsextrem ist, w\u00e4ren die Erfolgsaussichten f\u00fcr ein Verbot deutlich gr\u00f6\u00dfer. Doch ob und wann dieses Gutachten ver\u00f6ffentlicht wird, soll der Nachfolger von Thomas Haldenwang, der im November als Verfassungsschutzchef zur\u00fccktrat, bestimmen &#8211; und mit dessen Ernennung hat es nun, wie ein <a href=\"https:\/\/correctiv.org\/aktuelles\/debatte-um-afd-verbot\/2025\/03\/10\/verfassungsschutz-chef-wird-erst-durch-neue-bundesregierung-bestimmt\/\" target=\"_blank\" rel=\"noopener\">Artikel von <em>Correctiv<\/em><\/a> berichtet, offenbar niemand so richtig eilig. Im November meinte Bundesinnenminsterin Nancy Faeser (SPD) zwar noch, dass diese Personalie schnellstens gekl\u00e4rt werden soll, aber davon ist nun nicht mehr die Rede. Na ja, w\u00e4re ja nicht das erst Mal, dass Faeser im Kampf gegen Rechts etwas versemmelt. [Karl]<\/p>\n<p>2. Immer wieder werben Unternehmen damit, dass ihre Produkte aus sogenanntem Ozeanplastik hergestellt und daher umweltfreundlich seien. Nun stellt ein <a href=\"https:\/\/www.bund.net\/themen\/aktuelles\/detail-aktuelles\/news\/ozeanplastik-warum-die-vermeintliche-loesung-ein-problem-ist\/\" target=\"_blank\" rel=\"noopener\">Artikel vom <em>BUND<\/em><\/a> allerdings fest, dass das eher Greenwashing ist, als dass auf diese Weise tats\u00e4chlich Umweltschutz betrieben w\u00fcrde. Ganz so einfach, wie sich das anh\u00f6rt, ist es n\u00e4mlich nicht mit der Verarbeitung von Plastik, das aus den Meeren gefischt wurde. Zudem geht das am eigentlichen Problem vorbei, dass n\u00e4mlich viel zu viel Plastikm\u00fcll produziert wird. Und wenn man dann noch ber\u00fccksichtigt, dass auch die Werbung mit Ozeanplastik einen Rebound-Effekt haben d\u00fcrfte, dann wird es richtig kontraproduktiv. [Karl]<\/p>\n<p>3. Stefan Niggemeier konnte k\u00fcrzlich mal wieder beobachten, wie AfD-freundlich \u00f6ffentlich-rechtliche Medien sind, und berichtet dar\u00fcber in einem <a href=\"https:\/\/uebermedien.de\/103263\/der-deutschlandfunk-hat-nach-der-wahl-fragen-leider-die-falschen\/\" target=\"_blank\" rel=\"noopener\">Artikel auf <em>\u00dcber Medien<\/em><\/a>. Da hat n\u00e4mlich ein Moderator vom <em>Deutschlandfunk<\/em> direkt nacheinander erst mit Bodo Ramelow (Linke) und dann mit Beatrix von Storch (AfD) gesprochen. W\u00e4hrend bei Ramelow der Eindruck entstand, der Interviewer h\u00e4tte keine Lust auf das Gespr\u00e4ch, zudem wich er immer wieder thematisch aus und versuchte, \u00fcber Migration zu reden, bekam von Storch mit viel Verst\u00e4ndnis und Empathie einen verbalen roten Teppich ausgerollt, um sich dann so pr\u00e4sentieren zu k\u00f6nnen, wie sie es gern wollte. Leider nichts Neues, aber in seiner Offensichtlichkeit schon sehr speziell. [Karl]<\/p>\n<p>4. Christian St\u00f6cker pl\u00e4diert in seiner <a href=\"https:\/\/www.spiegel.de\/wissenschaft\/mensch\/fake-news-wie-live-faktenchecks-gegen-falschinformationen-wirken-a-b096c8d7-3f5a-44a5-a494-4330d4746c5c\" target=\"_blank\" rel=\"noopener\">Kolumne auf <em>Spiegel Online<\/em><\/a> f\u00fcr Live-Faktenchecks, um so den st\u00e4ndigen L\u00fcgen von Politikern in Medien etwas entgegenzusetzen. Warum das so wichtig ist, f\u00fchrt er aus, indem er schildert, wie Menschen L\u00fcgen aufnehmen und warum sie daran glauben, auch wenn diese L\u00fcgen widerlegt werden. Wichtig ist dabei n\u00e4mlich eine zeitliche N\u00e4he &#8211; der Faktencheck, der einen Tag sp\u00e4ter erscheint, erreicht nur einen Bruchteil der Menschen, die zuvor die L\u00fcge geh\u00f6rt haben. Technisch g\u00e4be es daf\u00fcr einige M\u00f6glichkeiten, um so was umzusetzen. Und nat\u00fcrlich w\u00fcrde das vor allem rechte Politiker nicht vom L\u00fcgen abhalten, aber die Verbreitung und Verfestigung dieser Unwahrheiten w\u00fcrde doch ziemlich erschwert werden. [Karl]<\/p>\n<p>5. Gute Nachricht aus K\u00f6ln: Dort soll nun eine gro\u00dfe 150-Megawatt-W\u00e4rmepumpe in Betrieb genommen werden, die dem Rhein W\u00e4rme entzieht und so dann \u00fcber das Fernw\u00e4rmenetz 50.000 Haushalte versorgen soll. Baubeginn ist im kommenden Jahr, und in Betrieb gehen soll das Ganze dann im Winter 2027\/2028, wie aus einem <a href=\"https:\/\/www.heise.de\/news\/Koeln-bekommt-Europas-groesste-Flusswasser-Waermepume-10310327.html\" target=\"_blank\" rel=\"noopener\">Artikel auf <em>heise online<\/em><\/a> hervorgeht. Bleibt nur zu hoffen, dass die neue Bundesregierung solche zukunftstr\u00e4chtigen Projekte nicht k\u00fcnftig ver- oder behindern wird. [Karl]<\/p>\n<p>6. Im brandenburgischen Stahnsdorf kam es, so ein <a href=\"https:\/\/www.tagesspiegel.de\/potsdam\/brandenburg\/tater-versuchten-offenbar-gebaude-zu-sturmen-brutale-attacke-auf-fluchtlingsunterkunft-in-stahnsdorf-13345192.html\" target=\"_blank\" rel=\"noopener\">Artikel im <em>Tagesspiegel<\/em><\/a>, zu einem \u00dcberfall auf eine Gefl\u00fcchtetenunterkunft, bei dem ein Wachmann verletzt wurde, sodass er im Krankenhaus behandelt werden musste. Absurderweise geht man bisher noch nicht von einem rechtsradikalen Hintergrund aus, weil die Jugendlichen, die f\u00fcr den Angriff verantwortlich waren, zuvor noch nicht durch Kontakte zur rechten Szene aufgefallen sind. Dass sie vorher allem Anschein nach &#8222;Heil Hitler&#8220; schreiend durch den Ort gezogen sind, reicht da offenbar nicht aus. Auch in weiteren Orten von Brandenburg gab es rechtsextreme Straftaten. Das kommt eben davon, wenn rechtes Gedankengut zunehmend normalisiert wird und mit der AfD auch in Parlamenten vertreten ist, wie ein <a href=\"https:\/\/www.belltower.news\/stahnsdorf-senftenberg-salzwedel-und-wieder-zieht-der-nazi-mob-durch-die-strassen-159085\/\" target=\"_blank\" rel=\"noopener\">Artikel von <em>Belltower<\/em><\/a> noch mal explizit hervorhebt. [Karl]<\/p>\n<p>7. Na so was! Beim Brandstifter, der im M\u00e4rz letzten Jahres in Solingen Feuer gelegt hatte, woraufhin eine t\u00fcrkisch-bulgarische Familie (Mutter, Vater, zwei kleine Kinder) ums Leben kamen, wurden rechtsextreme Inhalte auf einer Festplatte gefunden, wie ein <a href=\"https:\/\/taz.de\/Brandanschlag-von-Solingen\/!6071678\/\" target=\"_blank\" rel=\"noopener\">Artikel der <em>taz<\/em><\/a> schildert. Bisher schloss die Staatsanwaltschaft Rechtsextremismus als Motiv aus &#8211; was an sich schon recht blau\u00e4ugig war angesichts der Tatsache, dass in dem Haus \u00fcberwiegend Nichtdeutsche lebten. Nun hat die Anw\u00e4ltin der Nebenklage den Job der Staatsanwaltschaft gemacht, sodass nun vielleicht doch von einem politischen Motiv ausgegangen werden sollte. Es ist erschreckend, wie Polizei und Justiz immer wieder versuchen, rechten Terror zu verschleiern! [Karl]<\/p>\n<p>8. Was man irgendwie schon geahnt hat, wurde nun durch eine Medienrecherche, \u00fcber die ein <a href=\"https:\/\/www.fr.de\/panorama\/analyse-medieninteresse-nach-mannheim-halb-so-gross-wie-nach-magdeburg-und-muenchen-zr-93613823.html\" target=\"_blank\" rel=\"noopener\">Artikel in der <em>Frankfurter Rundschau<\/em><\/a> berichtet, best\u00e4tigt: Gewalttaten sind vor allem dann medial sehr pr\u00e4sent, wenn Nichtdeutsche die T\u00e4ter sind. Das konnte gerade an den drei Anschl\u00e4gen mit Autos in Magdeburg, M\u00fcnchen und Mannheim beobachtet werden: Der T\u00e4ter in Mannheim war Deutscher, und so wurde auch nur etwa halb so oft \u00fcber diesen Vorfall berichtet wie bei den anderen beiden Amokfahrten, bei denen die T\u00e4ter Ausl\u00e4nder waren. Irgendwie kein Wunder, dass dann rassistische Parolen von CDU\/CSU, FDP und AfD besonders gut verfangen, oder? [Karl]<\/p>\n<p>9. Der Medienforscher Thomas Hestermann kommt zu der Erkenntnis, dass die Berichte deutscher Medien \u00fcber Gewaltverbrechen in zunehmendem Ma\u00dfe Pressemitteilung der AfD \u00e4hneln, da immer wieder zun\u00e4chst auf die Herkunft des T\u00e4ters abgestellt wird. Ein <a href=\"https:\/\/kress.de\/news\/beitrag\/149304-ueberraschende-aussage-eines-medienforschers-zeitungsberichte-aehneln-zunehmend-den-pressemitteilungen-der-afd.html\" target=\"_blank\" rel=\"noopener\">Artikel von <em>Kress<\/em><\/a> fasst die Aussagen Hestermanns zusammen, die dieser in einem Interview mit Zeit Online t\u00e4tigte, das allerdings nur gegen Bezahlung gelesen werden kann. Damit treiben die angeblich so &#8222;linksgr\u00fcnen&#8220; Medien den Rechtsruck sowie die Normalisierung rassistischer Aussagen und Denkweisen stetig weiter voran. Ob nun aus Geilheit auf viele Klicks oder wegen einer rechtskonservativen Agenda, das mag jeder f\u00fcr sich selbst entscheiden. [Karl]<\/p>\n<p>10. Ach ja, die Segen der Privatisierung: Alles wird dann besser, g\u00fcnstiger und sowieso richtig toll. O. k, bei der Post trifft das nicht so ganz zu, denn neben zahlreichen Filialschlie\u00dfungen und h\u00f6heren Preise nimmt auch die Zahl der Beschwerden wegen schlecht oder nicht erbrachter Leistung zu, wie aus einem <a href=\"https:\/\/www.rnd.de\/wirtschaft\/deutsche-post-beschwerden-erreichen-neuen-hoechstwert-EDYI4B2BEBM5ZNTTHHBOIHYF7E.html\" target=\"_blank\" rel=\"noopener\">Artikel vom <em>RedaktionsNetzwerk Deutschland<\/em><\/a> hervorgeht. Vonseiten der Post relativiert man nat\u00fcrlich, dass das ja immer noch wenig Beschwerden im Vergleich zum Gesamtvolumen der Sendungen sind, aber nicht jeder Frust eines Postkunden f\u00fchrt ja auch zu einer offiziellen Beschwerde. Na ja, bestimmt verbessert der jetzt geplante Stellenabbau von 8000 Jobs die Situation &#8211; oder etwa eher nicht? [Karl]<\/p>\n<p>11. Was tun wir als Gesellschaft unseren Kindern da nur an? Laut einer Studie der DAK und des Universit\u00e4tsklinikums Eppendorf, \u00fcber die ein <a href=\"https:\/\/www.horizont.net\/medien\/nachrichten\/dramatischer-anstieg-seit-2019-ein-viertel-der-jugend-hat-probleme-wegen-medienkonsum-226419\" target=\"_blank\" rel=\"noopener\">Artikel auf <em>Horizont<\/em><\/a> berichtet, nimmt das sch\u00e4dliche Verhalten beim Medienkonsum von Kindern und Jugendlichen immer mehr zu. So gelten mittlerweile knapp f\u00fcnf Prozent als abh\u00e4ngig, mehr als ein Viertel weist eine krankhafte oder riskante Nutzung vor allem von sozialen Medien auf. Aber Hauptsache, der Rubel rollt &#8211; und das tut er nun mal, je mehr Menschen dauernd in ihre Handys glotzen. [Karl]<\/p>\n<p>12. Der Einsch\u00fcchterungsversuch der CDU gegen\u00fcber kritischen NGOs ist vonseiten der (Noch-)Regierung ziemlich eindeutig abgeschmettert worden, wie aus einem <a href=\"https:\/\/taz.de\/Antwort-auf-551-Fragen-zu-NGOs\/!6071785\/\" target=\"_blank\" rel=\"noopener\">Artikel der <em>taz<\/em><\/a> hervorgeht. Das sorgt bei Organisationen wie Campact oder der Antonio Amadeu Stiftung nat\u00fcrlich f\u00fcr Zustimmung, andererseits muss man sich dann auch fragen, warum SPD und auch Gr\u00fcne denn nun mit einer derart demokratiefeindlichen Partei wie der CDU nach wie vor zusammenarbeiten wollen. Vielleicht doch alles nur Theaterdonner? [Karl]<\/p>\n<p>13. Ein <a href=\"https:\/\/correctiv.org\/aktuelles\/trump-und-europa\/2025\/03\/12\/geld-macht-kampagnen-der-lange-arm-von-team-trump-2\/\" target=\"_blank\" rel=\"noopener\">Artikel von <em>Correctiv<\/em><\/a> gibt einen Einblick in die Netzwerke von Pro-Trump-Organisationen, die bis in die CDU hineinreichen. Da reichen sich dann Rechtskonservative, die f\u00fcr eine Zusammenarbeit von CDU und AfD pl\u00e4dieren, Klimawandelleugner und Libert\u00e4re die Hand, und nat\u00fcrlich gibt es auch Verbindungen zu Victor Orb\u00e1n nach Ungarn. Das Ziel: weitere Marktentfesselung, Sozialstaatsabbau, Stopp von Ma\u00dfnahmen gegen den Klimawandel. Russlandfreundlichkeit findet man dort auch h\u00e4ufig, und das ist wohl der Hauptpunkt, warum es in der CDU-F\u00fchrung immer wieder auch kritische Stimmen zu diesen Netzwerken gibt. [Karl]<\/p>\n<p>14. Arne Semsrott hat das Buch &#8222;Macht\u00fcbernahme&#8220; geschrieben, in dem er schildert, was passieren d\u00fcrfte, sollte die AfD an die Regierung kommen. Nun stellt er in einem <a href=\"https:\/\/taz.de\/Autor-ueber-AfD-Tendenzen-der-CDU\/!6075398\/\" target=\"_blank\" rel=\"noopener\">Interview mit der <em>taz<\/em><\/a> fest, dass es die AfD daf\u00fcr gar nicht braucht, da n\u00e4mlich die CDU schon einiges von dem, was er formulierte, umzusetzen gedenkt &#8211; und selbst die Ampel-Koalition schon umgesetzt hat, dass Menschen wieder nach Afghanistan abgeschoben werden. Das Sondierungspapier von SPD und CDU sieht er entsprechend kritisch, vor allem ist er von der SPD entt\u00e4uscht, dass diese eindeutig antidemokratische und menschenverachtende Positionen der CDU mittr\u00e4gt. [Karl]<\/p>\n","protected":false},"excerpt":{"rendered":"<p>An dieser Stelle pr\u00e4sentieren wir regelm\u00e4\u00dfig Links, die wir unter der Woche entdeckt haben, zu denen wir selbst nicht mehr viel schreiben m\u00fcssen und die wir teilenswert finden. Viel Spa\u00df beim Lesen und Anschauen!<\/p>\n","protected":false},"author":5,"featured_media":0,"comment_status":"open","ping_status":"open","sticky":false,"template":"","format":"standard","meta":{"footnotes":""},"categories":[193],"tags":[],"class_list":["post-30366","post","type-post","status-publish","format-standard","hentry","category-woechentliches"],"_links":{"self":[{"href":"https:\/\/www.unterstroemt.de\/index.php?rest_route=\/wp\/v2\/posts\/30366","targetHints":{"allow":["GET"]}}],"collection":[{"href":"https:\/\/www.unterstroemt.de\/index.php?rest_route=\/wp\/v2\/posts"}],"about":[{"href":"https:\/\/www.unterstroemt.de\/index.php?rest_route=\/wp\/v2\/types\/post"}],"author":[{"embeddable":true,"href":"https:\/\/www.unterstroemt.de\/index.php?rest_route=\/wp\/v2\/users\/5"}],"replies":[{"embeddable":true,"href":"https:\/\/www.unterstroemt.de\/index.php?rest_route=%2Fwp%2Fv2%2Fcomments&post=30366"}],"version-history":[{"count":18,"href":"https:\/\/www.unterstroemt.de\/index.php?rest_route=\/wp\/v2\/posts\/30366\/revisions"}],"predecessor-version":[{"id":30391,"href":"https:\/\/www.unterstroemt.de\/index.php?rest_route=\/wp\/v2\/posts\/30366\/revisions\/30391"}],"wp:attachment":[{"href":"https:\/\/www.unterstroemt.de\/index.php?rest_route=%2Fwp%2Fv2%2Fmedia&parent=30366"}],"wp:term":[{"taxonomy":"category","embeddable":true,"href":"https:\/\/www.unterstroemt.de\/index.php?rest_route=%2Fwp%2Fv2%2Fcategories&post=30366"},{"taxonomy":"post_tag","embeddable":true,"href":"https:\/\/www.unterstroemt.de\/index.php?rest_route=%2Fwp%2Fv2%2Ftags&post=30366"}],"curies":[{"name":"wp","href":"https:\/\/api.w.org\/{rel}","templated":true}]}}