{"id":3066,"date":"2015-05-21T00:03:59","date_gmt":"2015-05-20T22:03:59","guid":{"rendered":"https:\/\/www.unterstroemt.de\/?p=3066"},"modified":"2015-12-16T14:28:29","modified_gmt":"2015-12-16T13:28:29","slug":"neues-nachrichtenformat-auf-zdf-heute","status":"publish","type":"post","link":"https:\/\/www.unterstroemt.de\/?p=3066","title":{"rendered":"Neues Nachrichtenformat auf ZDF: heute+"},"content":{"rendered":"<p>Da wurde ein neues Nachrichtenformat angek\u00fcndigt: Jung &amp; frisch m\u00f6chte es den \u201eMainstream hinterfragen\u201c (<del>so auf der <em>heute-<\/em>Webseite<\/del>) und \u201eon air\u201c zum Mitreden verleiten. Also schaue ich mir das doch mal an und wundere mich \u00fcber die Er\u00f6ffnung zum ersten Thema.\u00a0Moderator: \u201eEuropa ringt mit den Str\u00f6men verzweifelter Menschen aus Afrika und dem Nahen Osten. Alle L\u00e4nder sagen in der EU: Das sind zu viele Fl\u00fcchtlinge, wir werden damit einfach nicht fertig.\u201c<\/p>\n<p>So ist das also, wir werden mit den \u201eStr\u00f6men\u201c nicht fertig. Was str\u00f6mt da \u00fcberhaupt? Was hier ankommt, ist ein so geringer Bruchteil, und das Nicht-fertig-Werden betrifft eigentlich nur die Menschen und Regionen, wo bisher noch keine oder kaum Fl\u00fcchtlinge angekommen sind (Pegida l\u00e4sst gr\u00fc\u00dfen).<\/p>\n<p>Anschlie\u00dfend\u00a0das Interview mit dem vermeintlichen \u201eSchlepper\u201c namens Ali. Dieser sagt vor laufender Kamera aus, dass sein Gesch\u00e4ft ja darunter leiden k\u00f6nnte, wenn es keine Boote mehr gibt, um die Fl\u00fcchtlinge nach Europa zu schiffen. Da wird sch\u00f6n noch dem letzten <em>BILD<\/em>-Leser aufs Brot geschmiert: \u201eMilit\u00e4r gegen die Fl\u00fcchtlinge, das wirkt voll!\u201c Und um das noch mal zu dramatisieren, wird dann ein Fl\u00fcchtling namens Haschi pr\u00e4sentiert mit der Aussage: \u201eNichts kann uns stoppen!\u201c &#8230;\u00a0Am Ende dieses Beitrags dann doch noch\u00a0relativierend vom Sprecher: \u201eFazit: Wer will, der kommt. Aber so viele, wie wir denken, wollen gar nicht.\u201c<\/p>\n<p>Dann der Bericht zum Klimawandel: Hier wird nun versucht, dem Schrecken ein Gesicht zu geben, in dem einige Erzeugnisse\u00a0aufgez\u00e4hlt werden, die bei\u00a0steigenden Hitze nicht mehr in gleichem Ma\u00dfe wachsen und gedeihen. Nicht sonderlich seri\u00f6s, aber immerhin nicht gleich neoliberal daherkommend. Dann geht&#8217;s allerdings doch\u00a0wieder aufs <em>BILD-<\/em>Niveau runter, und die Sprecherin scherzt: \u201eHitzeresistente Schokob\u00e4ume sind noch nicht erfunden.\u201c &#8230; Was auch immer \u201eSchokob\u00e4ume\u201c sein sollen. Das schlie\u00dft der Moderator dann mit \u201eOh Gott, oh Gott, oh Gott, alles, was Spa\u00df macht, gibt&#8217;s dann nicht mehr!\u201c in flachsiger Art und Weise ab, so als w\u00e4re der Klimawandel nicht mehr als\u00a0ein Aprilscherz und die einzige Konsequenz daraus sei\u00a0weniger Konsum.<\/p>\n<blockquote>\n<h3>Lexika unterstr\u00f6mt<\/h3>\n<p><strong>Klimawandel der|die;\u00a0<\/strong><br \/>\n\u201eOh Gott, oh Gott, oh Gott, alles, was Spa\u00df macht, gibt&#8217;s dann nicht mehr!\u201c<\/p>\n<p style=\"text-align: right;\"><em>Definition:\u00a0Daniel Br\u00f6ckerhoff, 18. 5. 2015<\/em><\/p>\n<\/blockquote>\n<p>Damit lege ich die neuen <em>heute+-<\/em>Nachrichten zu den anderen Mainsteam-Nachrichten &#8230; und mich lege ich nun ins Bettchen. Nacht.<\/p>\n","protected":false},"excerpt":{"rendered":"<p>Da wurde ein neues Nachrichtenformat angek\u00fcndigt: Jung &#038; frisch m\u00f6chte es den \u201eMainstream hinterfragen\u201c (so auf der heute Webseite) und \u201eon air\u201c zum Mitreden verleiten. Also schaue ich mir das doch mal an und wundere mich \u00fcber die Er\u00f6ffnung zum ersten Thema.<\/p>\n","protected":false},"author":1,"featured_media":0,"comment_status":"open","ping_status":"closed","sticky":false,"template":"","format":"standard","meta":{"footnotes":""},"categories":[67],"tags":[94,252,253,164],"class_list":["post-3066","post","type-post","status-publish","format-standard","hentry","category-medial-manipulatives","tag-fluechtlinge","tag-heute","tag-klimawandel","tag-manipulation"],"_links":{"self":[{"href":"https:\/\/www.unterstroemt.de\/index.php?rest_route=\/wp\/v2\/posts\/3066","targetHints":{"allow":["GET"]}}],"collection":[{"href":"https:\/\/www.unterstroemt.de\/index.php?rest_route=\/wp\/v2\/posts"}],"about":[{"href":"https:\/\/www.unterstroemt.de\/index.php?rest_route=\/wp\/v2\/types\/post"}],"author":[{"embeddable":true,"href":"https:\/\/www.unterstroemt.de\/index.php?rest_route=\/wp\/v2\/users\/1"}],"replies":[{"embeddable":true,"href":"https:\/\/www.unterstroemt.de\/index.php?rest_route=%2Fwp%2Fv2%2Fcomments&post=3066"}],"version-history":[{"count":11,"href":"https:\/\/www.unterstroemt.de\/index.php?rest_route=\/wp\/v2\/posts\/3066\/revisions"}],"predecessor-version":[{"id":4359,"href":"https:\/\/www.unterstroemt.de\/index.php?rest_route=\/wp\/v2\/posts\/3066\/revisions\/4359"}],"wp:attachment":[{"href":"https:\/\/www.unterstroemt.de\/index.php?rest_route=%2Fwp%2Fv2%2Fmedia&parent=3066"}],"wp:term":[{"taxonomy":"category","embeddable":true,"href":"https:\/\/www.unterstroemt.de\/index.php?rest_route=%2Fwp%2Fv2%2Fcategories&post=3066"},{"taxonomy":"post_tag","embeddable":true,"href":"https:\/\/www.unterstroemt.de\/index.php?rest_route=%2Fwp%2Fv2%2Ftags&post=3066"}],"curies":[{"name":"wp","href":"https:\/\/api.w.org\/{rel}","templated":true}]}}