{"id":30768,"date":"2025-06-01T15:00:01","date_gmt":"2025-06-01T13:00:01","guid":{"rendered":"https:\/\/www.unterstroemt.de\/?p=30768"},"modified":"2025-06-11T17:17:48","modified_gmt":"2025-06-11T15:17:48","slug":"interessantes-aus-kw-22-2015","status":"publish","type":"post","link":"https:\/\/www.unterstroemt.de\/?p=30768","title":{"rendered":"Interessantes aus KW 22\/2015"},"content":{"rendered":"<p>An dieser Stelle pr\u00e4sentieren wir regelm\u00e4\u00dfig Links, die wir unter der Woche entdeckt haben, zu denen wir selbst nicht mehr viel schreiben m\u00fcssen und die wir teilenswert finden. Viel Spa\u00df beim Lesen und Anschauen!<\/p>\n<p>1. Wenig \u00fcberraschend: Laut einem <a href=\"https:\/\/www.fr.de\/wirtschaft\/trump-im-kryptofieber-vermoegen-des-us-praesidenten-in-einem-jahr-verdoppelt-zr-93746192.html\" target=\"_blank\" rel=\"noopener\">Artikel in der <em>Frankfurter Rundschau<\/em><\/a> bereichert sich US-Pr\u00e4sident Donald Trump gerade massiv selbst. So soll sein Verm\u00f6gen in den letzten zw\u00f6lf Monaten aufs Doppelte angewachsen sein, vor allem aufgrund von Kryptow\u00e4hrungen, deren Regulierung er passenderweise ziemlich eingeschr\u00e4nkt hat. Trump selbst sieht darin, anders als einige Kritiker, keinen Interessenkonflikt, zudem stellt er auch fest, dass er wegen T\u00e4tigkeiten w\u00e4hrend seiner Amtsaus\u00fcbung sowieso nicht belangt werden kann (dank eines Urteils der Obersten Gerichtshofes vom letzten Jahr). Kleptokratie in Reinkultur &#8211; und das vor allem mit Ansage. [Karl]<\/p>\n<p>2. In Las Vegas werden gerade die sogenannten Enhanced Games ausgetragen &#8211; sportliche Wettk\u00e4mpfe, bei denen Doping erlaubt ist. Kritiker sehen darin zum einen perverse Menschenversuche, zum anderen aber auch eine Torpedierung des Fairplay-Gedankens, der Sport ja eigentlich pr\u00e4gen sollte. Ein <a href=\"https:\/\/www.sportschau.de\/enhanced-games-in-las-vegas-perverse-menschenversuche,enhanced-games-las-vegas-100.html\" target=\"_blank\" rel=\"noopener\">Artikel der <em>ARD-Sportschau<\/em><\/a> beschreibt das groteske Spektakel, das auch von US-Pr\u00e4sident Trumps Sohn unterst\u00fctzt wird. Erfolg um jeden Preis, egal, was sich daraus f\u00fcr Risiken und Nebenwirkungen ergeben &#8211; symptomatisch f\u00fcr den heutigen aus dem Ruder gelaufenen Kapitalismus. [Karl]<\/p>\n<p>3. Waltraud Schwab setzt sich in einer <a href=\"https:\/\/taz.de\/Rape-Culture-im-Militaer\/!6087678\/\" target=\"_blank\" rel=\"noopener\">Kolumne in der <em>taz<\/em><\/a> noch mal mit dem ungeheuerlichen Ausspruch des deutschen Generalmajors Hartmut Harro Renk auseinander, der bei einem Meeting sagte: &#8222;Wenn eine Vergewaltigung unvermeidbar ist, entspannen Sie und genie\u00dfen.&#8220; Damit wird quasi sexualisierte Gewalt, die es ja leider sehr oft in Kriegen gibt, als etwas Unab\u00e4nderliches gekennzeichnet. Renk selbst versucht sich nat\u00fcrlich nun, da Abstreiten nichts bringt, rauszureden, dass das ja nur ironisch gemeint gewesen w\u00e4re &#8211; wie erb\u00e4rmlich! Zum Gl\u00fcck wird der Typ nun in den vorzeitigen Ruhestand versetzt &#8211; hoffentlich ohne Bez\u00fcge. [Karl]<\/p>\n<p>4. <em>Mimikama<\/em> ist ja mittlerweile sehr bekannt als Plattform, die Fake News entlarvt, und auch hier auf unterstr\u00f6mt haben wir schon \u00f6fter mal darauf verlinkt. Nun stellen die Faktenchecker in einem <a href=\"https:\/\/www.mimikama.org\/wikikama-ist-ein-neues-wiki\/\" target=\"_blank\" rel=\"noopener\">Artikel auf ihrer Website<\/a> ihr Projekt &#8222;Wikikama&#8220; vor &#8211; ein Online-Wiki, das kein Bestandteil von Wikipedia ist, allerdings einen \u00e4hnlichen Aufbau aufweist. Darin werden keine aktuellen Faktenchecks pr\u00e4sentiert, sondern Backgroundwissen, um die Medienkompetenz zu st\u00e4rken, sodass man Falschnachrichten und Betrugsmaschen besser erkennen kann. Gute Sache! [Karl]<\/p>\n<p>5. Die \u00d6konomin Maja G\u00f6pel stellt der aktuellen Wirtschaftspolitik in Deutschland in einem knapp viermin\u00fctigen <a href=\"https:\/\/www.youtube.com\/watch?v=-BKh8zFwwos\" target=\"_blank\" rel=\"noopener\">Interview mit <em>ntv<\/em><\/a> kein allzu gutes Zeugnis aus. Man w\u00fcrde eben einfach so weitermachen wie immer, sich notwendiger Neuerungen verschlie\u00dfen und damit weiter von L\u00e4ndern wie beispielsweise China abgeh\u00e4ngt werden. Die ewig gleichen Wachstumsphrasen sind halt heutzutage nicht mehr angebracht, zudem wird auf diese Weise komplett ignoriert, dass Deutschland nach wie vor wissenschaftlich eigentlich gut aufgestellt ist. Na ja, was soll man von ewiggestrigen CDUlern in der Regierung auch anderes erwarten? [Karl]<\/p>\n<p>6. Die Wochenzeitung Kontext hat 2018 \u00fcber einen Mitarbeiter eines AfD-Landtagsabgeordneten berichtet und dabei dessen rechtsradikalen Hintergrund hervorgehoben. Dieser konnte mit zahlreichen Chatverl\u00e4ufen, die der Redaktion zugespielt wurden, belegt werden. Nat\u00fcrlich klagte der AfDler gegen Kontext auf Unterlassung, und zweimal bekamen die Journalisten daraufhin auch recht vom Gericht. Dann ging das Ganze allerdings vor das Landgericht Frankfurt &#8211; und dort entschied man komplett anders als in den vorherigen Instanzen. Warum das ein herber Schlag f\u00fcr jede Form des investigativen Journalismus ist, erl\u00e4utert ein <a href=\"https:\/\/taz.de\/Berichterstattung-ueber-AfD-Mitarbeiter\/!6087586\/\" target=\"_blank\" rel=\"noopener\">Artikel in der <em>taz<\/em><\/a>. F\u00fcr mich sieht es so aus, als h\u00e4tte der Kl\u00e4ger da mal einen richtig rechtslastigen Richter erwischt &#8211; anders kann ich mir diesen absurden Vorgang zumindest nicht erkl\u00e4ren. [Karl]<\/p>\n<p>7. Rechtsterroristen werden zurzeit immer j\u00fcnger. So ist gerade in Ostdeutschland nach journalistischen Recherchen die Gruppe &#8222;Letzte Verteidigungswelle&#8220; aufgeflogen, die schon einige Anschl\u00e4ge ver\u00fcbt hat, bei denen nur durch Gl\u00fcck und Unerfahrenheit der Attent\u00e4ter niemand get\u00f6tet wurde. Die Mitglieder dieser Gruppierung sind \u00fcberwiegend zwischen 14 und 18 Jahre alt, sie haben keine l\u00e4ngere Vorgeschichte im rechtsextremen Milieu, sondern sind laut einem <a href=\"https:\/\/www.endstation-rechts.de\/news\/die-letzte-verteidigungswelle-eine-neue-form-des-rechtsterrorismus\" target=\"_blank\" rel=\"noopener\">Artikel von <em>Endstation Rechts<\/em><\/a> vor allem \u00fcber die AfD als Trigger und dann weitere schnelle Radikalisierung via Social Media derma\u00dfen nach rechtsau\u00dfen abgerutscht. Sehr erschreckende Entwicklung! [Karl]<\/p>\n<p>8. Eine aktuelle Studie der Antidiskriminierungsstelle des Bundes, \u00fcber die ein <a href=\"https:\/\/taz.de\/Diskriminierung-durch-Beamtinnen\/!6086111\/\" target=\"_blank\" rel=\"noopener\">Artikel in der taz<\/a> berichtet, hat ergeben, dass Diskriminierung bei der Polizei ein strukturelles Problem sei. Das f\u00fchrt dazu, dass psychisch kranke Menschen oder Menschen mit dunkler Hautfarbe h\u00e4ufiger Polizeigewalt und -repression erfahren, aber auch, dass beispielsweise Anzeigen von Migrantinnen wegen h\u00e4uslicher Gewalt oft nicht ernst genommen werden. Und auch innerhalb der Polizei gibt es Diskrimierung, beispielsweise von homosexuellen Kollegen. Da m\u00fcsste also einige ge\u00e4ndert werden &#8211; nur eben wohl nicht unter der jetzigen Bundesregierung, die eher einen genau kontr\u00e4ren Weg einzuschlagen gedenkt.<\/p>\n<p>9. In einem <a href=\"https:\/\/blog.campact.de\/2025\/05\/erster-afd-landrat-robert-sesselmanns-katastrophale-bilanz\/\" target=\"_blank\" rel=\"noopener\">Artikel des <em>Campact-Blogs<\/em><\/a> wird mal Bilanz gezogen, was denn der erste AfD-Landrat Deutschlands, Robert Sesselmann im th\u00fcringischen Sonneberg, in den bisherigen zwei Jahren seiner Amtsaus\u00fcbung so auf die Reihe gekriegt hat. Wenig \u00fcberraschend: im Grunde hat er nichts gebacken bekommen. Die meisten seiner Wahlversprechen hatten eh nichts mit dem Landkreis zu tun, und das, was er dort erreichen wollte, hat nicht hingehauen. Stattdessen ist in dem Landkreis die rechtsextreme Gewalt quasi explodiert. Da sieht man mal, dass solche blaubraunen Freaks eben gar nicht in der Lage sind, irgendwie konstruktive Politik zu machen, sondern ausschlie\u00dflich destruktive Hetze in petto haben. [Karl]<\/p>\n<p>10. Saufen und dabei Ballermann-Schlager gr\u00f6len &#8211; das verortet man normalerweise eher in der rechten Ecke. Nun gibt es, wie ein <a href=\"https:\/\/taz.de\/Malle-Antifa-von-Kommando-Internet\/!6090820\/\" target=\"_blank\" rel=\"noopener\">Artikel in der <em>taz<\/em><\/a> berichtet, das Kommando Internet mit dem Album &#8222;Malle Antifa&#8220;. Darauf finden sich zehn Titel mit sch\u00f6n stumpfen Beats, zu denen dann antifaschistische Texte feilgeboten werden. Das Sch\u00f6nste an diesem musikalisch eher fragw\u00fcrdigen, inhaltlich aber sehr akzeptablen Vergn\u00fcgen: AfD-J\u00fcnger und anderes rechtes Pack werden dadurch richtig getriggert und regen sich massiv auf. Insofern: Volltreffer, w\u00fcrde ich sagen. [Karl]<\/p>\n<p>11. Der US-amerikanische Journalist David A. Graham hat gerade ein Buch geschrieben: &#8222;Der Masterplan der Trump-Regierung: Project 2025. Wie ein radikales Netzwerk in Amerika die Macht \u00fcbernimmt&#8220;. Dar\u00fcber spricht er in einem <a href=\"https:\/\/www.t-online.de\/nachrichten\/ausland\/krisen\/id_100710078\/trump-und-project-2025-ungeheuer-bedrohlich-.html\" target=\"_blank\" rel=\"noopener\">Interview mit <em>t-online<\/em><\/a> und zeigt auf, was alles von diesem radikal antidemokratischem Programm schon umgesetzt wurde in den letzten Monaten. Dabei wird deutlich, dass US-Pr\u00e4sident Donald Trump zwar zurzeit die zentrale Figur der republikanischen Partei ist, der Staatsumbau der Ultrakonservativen, die hinter &#8222;Project 2025&#8220; stecken, allerdings f\u00fcr einen l\u00e4ngeren Zeitraum angelegt ist. Be\u00e4ngstigend &#8211; vor allem, weil auch hier in Europa derartige Tendenzen zu beobachten sind. [Karl]<\/p>\n","protected":false},"excerpt":{"rendered":"<p>An dieser Stelle pr\u00e4sentieren wir regelm\u00e4\u00dfig Links, die wir unter der Woche entdeckt haben, zu denen wir selbst nicht mehr viel schreiben m\u00fcssen und die wir teilenswert finden. Viel Spa\u00df beim Lesen und Anschauen!<\/p>\n","protected":false},"author":5,"featured_media":0,"comment_status":"open","ping_status":"open","sticky":false,"template":"","format":"standard","meta":{"footnotes":""},"categories":[193],"tags":[],"class_list":["post-30768","post","type-post","status-publish","format-standard","hentry","category-woechentliches"],"_links":{"self":[{"href":"https:\/\/www.unterstroemt.de\/index.php?rest_route=\/wp\/v2\/posts\/30768","targetHints":{"allow":["GET"]}}],"collection":[{"href":"https:\/\/www.unterstroemt.de\/index.php?rest_route=\/wp\/v2\/posts"}],"about":[{"href":"https:\/\/www.unterstroemt.de\/index.php?rest_route=\/wp\/v2\/types\/post"}],"author":[{"embeddable":true,"href":"https:\/\/www.unterstroemt.de\/index.php?rest_route=\/wp\/v2\/users\/5"}],"replies":[{"embeddable":true,"href":"https:\/\/www.unterstroemt.de\/index.php?rest_route=%2Fwp%2Fv2%2Fcomments&post=30768"}],"version-history":[{"count":14,"href":"https:\/\/www.unterstroemt.de\/index.php?rest_route=\/wp\/v2\/posts\/30768\/revisions"}],"predecessor-version":[{"id":30818,"href":"https:\/\/www.unterstroemt.de\/index.php?rest_route=\/wp\/v2\/posts\/30768\/revisions\/30818"}],"wp:attachment":[{"href":"https:\/\/www.unterstroemt.de\/index.php?rest_route=%2Fwp%2Fv2%2Fmedia&parent=30768"}],"wp:term":[{"taxonomy":"category","embeddable":true,"href":"https:\/\/www.unterstroemt.de\/index.php?rest_route=%2Fwp%2Fv2%2Fcategories&post=30768"},{"taxonomy":"post_tag","embeddable":true,"href":"https:\/\/www.unterstroemt.de\/index.php?rest_route=%2Fwp%2Fv2%2Ftags&post=30768"}],"curies":[{"name":"wp","href":"https:\/\/api.w.org\/{rel}","templated":true}]}}