{"id":30813,"date":"2025-06-11T17:20:53","date_gmt":"2025-06-11T15:20:53","guid":{"rendered":"https:\/\/www.unterstroemt.de\/?p=30813"},"modified":"2025-06-11T17:20:53","modified_gmt":"2025-06-11T15:20:53","slug":"der-feine-unterschied","status":"publish","type":"post","link":"https:\/\/www.unterstroemt.de\/?p=30813","title":{"rendered":"Der feine Unterschied"},"content":{"rendered":"<p>Drei Menschen mit einem Messer, dreimal schie\u00dft die Polizei. Klingt erst mal nach ziemlich \u00e4hnlichen Sachlagen, aber sieht dann im Detail doch bezeichnenderweise sehr unterschiedlich aus.<\/p>\n<p>Der 16-j\u00e4hrige <strong>Mouhamed Dram\u00e9<\/strong> hatte im September 2022 laut einem Jugendpfleger Suizidgedanken ge\u00e4u\u00dfert und sa\u00df mit einem Messer vor einem Geb\u00e4ude, als die herbeigerufenen Polizisten eintrafen. Nachdem sie ihn mit Reizgas eingespr\u00fcht hatten, fl\u00fcchtete Mouhamed in die einzig m\u00f6glich Richtung &#8211; auf die Polizei zu. Ein Beamter er\u00f6ffnete daraufhin das Feuer aus einer Maschinenpistole (!!!) und t\u00f6tete Mouhamed mit f\u00fcnf Sch\u00fcssen (s. dazu ausf\u00fchrlich <a href=\"https:\/\/www.youtube.com\/watch?v=BpTQ84A8bIk\" target=\"_blank\" rel=\"noopener\">hier<\/a>).<\/p>\n<p>Der 21-j\u00e4hrige <strong>Lorenz<\/strong> soll in der Nacht zu Ostersonntag in diesem Jahr vor einer Disco Reizgas auf andere junge Menschen verspr\u00fcht haben. Zudem soll er ein Messer dabeigehabt haben, das aber meines Wissens bisher noch nicht gefunden wurde (s. <a href=\"https:\/\/taz.de\/Toedlicher-Polizeieinsatz-in-Oldenburg\/!6083773\/\" target=\"_blank\" rel=\"noopener\">hier<\/a>). Die daraufhin etwas sp\u00e4ter eintreffenden Polizisten forderten ihn zum Stehenbleiben auf, Lorenz lief weg und wurde von hinten von drei Kugeln t\u00f6dlich getroffen &#8211; ohne dass zuvor ein Warnschuss abgegeben worden w\u00e4re (s. <a href=\"https:\/\/www.butenunbinnen.de\/nachrichten\/toedliche-schuesse-polizei-lorenz-oldenburg-100.html\" target=\"_blank\" rel=\"noopener\">hier<\/a>).<\/p>\n<p>Ein polizeibekannter <strong>Mann<\/strong> (Name wird in den Medien nicht genannt) wird am S-Bahnhof Altenerding (bei M\u00fcnchen) von der Polizei gestellt, nachdem diese gerufen wurde, weil der 31-J\u00e4hrige mit einem Messer dort herumgeisterte. Der Mann, der auch schon mit aggressiven Video-Wahlaufrufen f\u00fcr die AfD aufgefallen ist, kommt der Aufforderung, das Messer wegzulegen, nicht nach, sondern geht damit auf die Polizisten zu. Die feuern Warnsch\u00fcsse ab, aber der Mann reagiert nicht. Schlie\u00dflich wird er mit einem gezielten Schuss in den Oberschenkel au\u00dfer Gefecht gesetzt. Lebensgefahr besteht deswegen f\u00fcr ihn keine.<\/p>\n<p>Mouhamed und Lorenz hatten dunkle Haut, der Mann in Altenerding nicht. Das d\u00fcrfte die Ursache f\u00fcr das doch recht unterschiedliche Vorgehen der Polizisten gewesen sein. So simpel, so niederschmetternd.<\/p>\n<p>Interessanterweise habe ich in Diskussionen um die ersteren beiden Todesf\u00e4lle (um nicht zu sagen: Morde) immer wieder das Argument zur Verteidigung der Polizisten geh\u00f6rt und gelesen, dass man eben nicht so genau auf jemanden zielen k\u00f6nnte in einer derartigen Ausnahmesituation. Hmm &#8230; scheint ja doch zu gehen, zumindest wenn der Messerschwinger helle Haut hat.<\/p>\n<p>Wenn es noch irgendeines Belegs br\u00e4uchte, was bei unserer Polizei in puncto Rassismus strukturell komplett verkehrt l\u00e4uft, dann muss man sich nur diese drei F\u00e4lle anschauen. So werden Polizisten f\u00fcr Menschen, die nicht gerade wie ein Vorzeigearier oder zumindest eindeutig germanisch aussehen, eher zur Bedrohung als zu einer Institution, die eigentlich alle Menschen sch\u00fctzen soll.<\/p>\n","protected":false},"excerpt":{"rendered":"<p>Drei Menschen mit einem Messer, dreimal schie\u00dft die Polizei. Klingt erst mal nach ziemlich \u00e4hnlichen Sachlagen, aber sieht dann im Detail doch bezeichnenderweise sehr unterschiedlich aus.<\/p>\n","protected":false},"author":3,"featured_media":0,"comment_status":"open","ping_status":"open","sticky":false,"template":"","format":"standard","meta":{"footnotes":""},"categories":[50,52],"tags":[135,415,218],"class_list":["post-30813","post","type-post","status-publish","format-standard","hentry","category-politisches","category-soziales","tag-polizei","tag-polizeigewalt","tag-rassismus"],"_links":{"self":[{"href":"https:\/\/www.unterstroemt.de\/index.php?rest_route=\/wp\/v2\/posts\/30813","targetHints":{"allow":["GET"]}}],"collection":[{"href":"https:\/\/www.unterstroemt.de\/index.php?rest_route=\/wp\/v2\/posts"}],"about":[{"href":"https:\/\/www.unterstroemt.de\/index.php?rest_route=\/wp\/v2\/types\/post"}],"author":[{"embeddable":true,"href":"https:\/\/www.unterstroemt.de\/index.php?rest_route=\/wp\/v2\/users\/3"}],"replies":[{"embeddable":true,"href":"https:\/\/www.unterstroemt.de\/index.php?rest_route=%2Fwp%2Fv2%2Fcomments&post=30813"}],"version-history":[{"count":5,"href":"https:\/\/www.unterstroemt.de\/index.php?rest_route=\/wp\/v2\/posts\/30813\/revisions"}],"predecessor-version":[{"id":30819,"href":"https:\/\/www.unterstroemt.de\/index.php?rest_route=\/wp\/v2\/posts\/30813\/revisions\/30819"}],"wp:attachment":[{"href":"https:\/\/www.unterstroemt.de\/index.php?rest_route=%2Fwp%2Fv2%2Fmedia&parent=30813"}],"wp:term":[{"taxonomy":"category","embeddable":true,"href":"https:\/\/www.unterstroemt.de\/index.php?rest_route=%2Fwp%2Fv2%2Fcategories&post=30813"},{"taxonomy":"post_tag","embeddable":true,"href":"https:\/\/www.unterstroemt.de\/index.php?rest_route=%2Fwp%2Fv2%2Ftags&post=30813"}],"curies":[{"name":"wp","href":"https:\/\/api.w.org\/{rel}","templated":true}]}}