{"id":3096,"date":"2015-05-31T09:20:23","date_gmt":"2015-05-31T07:20:23","guid":{"rendered":"https:\/\/www.unterstroemt.de\/?p=3096"},"modified":"2019-12-13T08:47:50","modified_gmt":"2019-12-13T07:47:50","slug":"interessantes-aus-kw-222015","status":"publish","type":"post","link":"https:\/\/www.unterstroemt.de\/?p=3096","title":{"rendered":"Interessantes aus KW 22\/2015"},"content":{"rendered":"<p>An dieser Stelle pr\u00e4sentieren wir regelm\u00e4\u00dfig Links, die wir unter der Woche entdeckt haben, zu denen wir selbst nicht mehr viel schreiben m\u00fcssen und die wir teilenswert finden. Viel Spa\u00df beim Lesen und Anschauen!<\/p>\n<p>1. Zwar schon aus der KW 21, aber jetzt hatte ich erst Gelegenheit, das anzuschauen, zudem ist das nach wie vor aktuell: Die\u00a0<em>ARD<\/em> geht in einer sehenswerten\u00a0<a href=\"https:\/\/www.youtube.com\/watch?v=bIqDVsKgaC4\" target=\"_blank\" rel=\"noopener noreferrer\">44-min\u00fctigen Dokumentation<\/a> aus der Reihe <em>Die Story im Ersten<\/em>\u00a0der Frage nach: Wohlstand f\u00fcr alle &#8211; was bringen Freihandelsabkommen? Zu Wort kommen sowohl Bef\u00fcrworter von TTIP als auch Gegner. Interessant sind vor allem auch die geschilderten Erfahrungen mit dem Freihandelsabkommen NAFTA zwischen den USA, Kanada und Mexiko.<\/p>\n<p>2. Ein interessanter <a href=\"http:\/\/lowerclassmagazine.blogsport.eu\/2015\/05\/dreckige-asylanten-hurensohn-lokfuehrer-sozialschmarotzer\/\" target=\"_blank\" rel=\"noopener noreferrer\">Artikel im\u00a0<em>Lower Class Magazin<\/em><\/a> besch\u00e4ftigt sich ausf\u00fchrlich mit dem Ph\u00e4nomen, dass Menschen gegen ihre eigenen Interessen handeln, indem sie als Verlierer unseres Systems auf andere, denen es noch ein bisschen schlechter geht, herabschauen und diese zu Hassobjekten machen, anstatt sich mit ihnen zu solidarisieren. Gerade durch die Verbreitung von Social Media ist dieses Verhalten in den letzten Jahren zunehmend zu beobachten, medial angestachelt und sich beispielsweise gegen Fl\u00fcchtlinge, Hartz-IV-Empf\u00e4nger oder auch streikende Lokf\u00fchrer richtend.<\/p>\n<p>3. Auf <em>ZAPP (NDR)<\/em> lief bereits am 20. 5. ein kurzer Bericht zum Thema \u201e<a title=\"YouTube | Luxleaks: Ermittlungen gegen den Aufdecker\" href=\"https:\/\/www.youtube.com\/watch?v=Z2Z_BnIKbIo\" target=\"_blank\" rel=\"noopener noreferrer\">Luxleaks: Ermittlungen gegen den Aufdecker<\/a>\u201c. Dabei geht es anfangs\u00a0um die Anh\u00f6rung des Journalisten Edouard Perrin zur Besteuerung der internationalen Konzerne in Luxemburg, da er diese Praktiken aufgedeckt hat. Dann schwenkt der Bericht auf die Tatsache, dass er selbst sofort ins Kreuzfeuer genommen wurde, indem er der Anstiftung zur Unterschlagung\u00a0angeklagt wurde. Anklage statt Aufkl\u00e4rung &#8211; traurig.<\/p>\n<p>4. Totale \u00dcberwachung nun auch schon im Kinderzimmer. Die Webseite\u00a0<a href=\"http:\/\/www.gamestar.de\/hardware\/news\/3086242\/patentantrag_von_google.html\" target=\"_blank\" rel=\"noopener noreferrer\"><em>GameStar<\/em> berichtet<\/a> \u00fcber einen Patentantrag von Google aus dem Jahr 2012, in dem es um komplett vernetztes Kinderspielzeug geht. Der Teddyb\u00e4r als \u00dcberwacher aller T\u00e4tigkeiten des Nachwuchses sozusagen. Eine komplett mit WLAN ausgestattete Barbie gibt es laut dem Artikel sogar schon. Das h\u00e4tte Orwell sich nicht besser ausmalen k\u00f6nnen.<\/p>\n<p>5. Unsere deutschen Qualit\u00e4tsmedien mal wieder! Stefan Niggemeier seziert\u00a0in einem <a href=\"http:\/\/www.stefan-niggemeier.de\/blog\/21131\/der-boese-ist-immer-der-griechische-finanzminister\/\" target=\"_blank\" rel=\"noopener noreferrer\">Artikel in seinem Blog<\/a> trefflich, wie tendenzi\u00f6s und allen journalistischen Qualit\u00e4tsma\u00dfst\u00e4ben zuwider dar\u00fcber berichtet wird, dass Yanis Varoufakis beim EU-Finanzministertreffen in Riga im April die Gespr\u00e4che mitgeschnitten hat. Fazit: Varoufakis hat nichts Verbotenes gemacht und dies auch selbst einem Journalisten erz\u00e4hlt, und daraus wird dann unter Berufung auf nicht genannte Quellen ein Riesenpopanz konstruiert. Besch\u00e4mend, was heutzutage in Deutschland alles als Journalismus durchgeht &#8230;<\/p>\n<p>6. Fl\u00fcchtlinge sind in Deutschland vielerorts nicht gern gesehen. Wie sch\u00e4big dieses Verhalten in unserem reichen Land ist, verdeutlicht ein neunmin\u00fctiger\u00a0Beitrag der\u00a0<em>ARD<\/em>-Sendung\u00a0<em>Monitor<\/em> (leider nicht mehr aufrufbar), der die Situation im Libanon in einem kleinen 5000-Einwohner-Dorf, das 8000 syrische Fl\u00fcchtlinge aufgenommen hat, mal der Lage in deutschen St\u00e4dten, in denen gegen Fl\u00fcchtlingsaufnahme protestiert wird, gegen\u00fcberstellt.<\/p>\n<p>7. Auf der Webseite der\u00a0<em>Deutschen Welle<\/em> findet sich ein <a href=\"http:\/\/www.dw.de\/t\u00fcrkische-medien-unter-druck\/a-18474653\" target=\"_blank\" rel=\"noopener noreferrer\">Artikel<\/a>, in dem es um die Pressefreiheit in der T\u00fcrkei geht, die unter Erdogan reichlich gelitten hat. Schlimm, was da seit ein paar\u00a0Jahren passiert, eigentlich sollte die Entwicklung genau in die andere Richtung gehen.<\/p>\n<p>8. Wirtschaftsnobelpreistr\u00e4ger Joseph E. Stiglitz beschreibt in einem <a href=\"http:\/\/www.ipg-journal.de\/kommentar\/artikel\/rauchen-ist-gesund-925\/\" target=\"_blank\" rel=\"noopener noreferrer\">Artikel\u00a0f\u00fcr\u00a0<em>Internationale Politik und Gesellschaft (IPG)<\/em><\/a> die Folgen der privaten Schiedsgerichte, die ein Bestandteil von TTIP sind. Demokratische Regulierungsm\u00f6glichkeiten durch Gesetze und Bestimmungen beispielsweise zum Umwelt- und Verbraucherschutz oder zur Arbeitssicherheit w\u00fcrde damit quasi komplett entfallen. F\u00fcr viele nichts ganz Neues, aber dennoch gut zusammengefasst und mit treffenden Beispielen versehen.<\/p>\n<p>9. Harald Schumanns exzellenten Film &#8222;Macht ohne Kontrolle &#8211; Die Troika&#8220; haben wir ja neulich schon verlinkt, jetzt gibt es ein ebenfalls sehr interessantes <a href=\"http:\/\/www.heise.de\/tp\/artikel\/44\/44936\/1.html\" target=\"_blank\" rel=\"noopener noreferrer\">Interview mit ihm auf <em>Telepolis<\/em><\/a> zu lesen, in dem er \u00fcber Medienkritik, die Arbeit an seinem Film und den Weg in die Postdemokratie spricht.<\/p>\n<p>10.\u00a0<em><a href=\"http:\/\/www.zdf.de\/ZDFmediathek\/kanaluebersicht\/aktuellste\/2078314?bc=saz%3Bsaz0#\/kanaluebersicht\/2078314\" target=\"_blank\" rel=\"noopener noreferrer\">Die Anstalt<\/a>\u00a0<\/em>lief in dieser Woche wieder im\u00a0<em>ZDF<\/em> und war wie immer ausgesprochen sehenswert. Thema dieses Mal: Geheimdienste und Datenschutz.<\/p>\n<p>11. Gro\u00dfe Aufregung um die verhafteten FIFA-Funktion\u00e4re und die damit einhergehenden Korruptionsvorw\u00fcrfe. Jens Berger bietet mit einer trefflichen <a href=\"http:\/\/www.nachdenkseiten.de\/?p=26270#more-26270\" target=\"_blank\" rel=\"noopener noreferrer\">Polemik auf den\u00a0<em>NachDenkSeiten<\/em><\/a> eine etwas andere Sicht auf diese Dinge, indem er das System FIFA als\u00a0logisches Resultat des modernen Fu\u00dfballs und seiner Konsumenten darstellt. Volltreffer, w\u00fcrde ich sagen.<\/p>\n<p>12. Es lohnt sich immer, Naomi Klein zuzuh\u00f6ren. Entsprechend interessant ist auch ein <a href=\"http:\/\/enorm-magazin.de\/es-gibt-nur-noch-radikale-optionen\" target=\"_blank\" rel=\"noopener noreferrer\">Interview des Magazins <\/a><em><a href=\"http:\/\/enorm-magazin.de\/es-gibt-nur-noch-radikale-optionen\" target=\"_blank\" rel=\"noopener noreferrer\">enorm<\/a>\u00a0<\/em>mit ihr, das anl\u00e4sslich ihres neuen Buches <em>Die Entscheidung. Kapitalismus vs. Klima<\/em> gef\u00fchrt wurde. Klein betont dort beispielsweise, dass Kritik an der Austerit\u00e4tspolitik in der EU und Klimaschutz zwingend zusammengeh\u00f6ren, und weist den Zusammenhang von Neoliberalismus mit der Zerst\u00f6rung unseres Planeten (und damit unserer Lebensgrundlage) nach. Ausgesprochen lesenswert!<\/p>\n<p>13. Auch in der\u00a0SPD gibt es durchaus noch klar denkende K\u00f6pfe, so zum Beispiel der Bundestagsabgeordnete Marco B\u00fclow. Entsprechend stimmig liest sich sein <a href=\"https:\/\/www.freitag.de\/autoren\/marcob\/wachstum-gehoert-allein-den-vermoegenden?utm_content=bufferab71a&amp;utm_medium=social&amp;utm_source=facebook.com&amp;utm_campaign=buffer\" target=\"_blank\" rel=\"noopener noreferrer\">Pl\u00e4doyer gegen die zunehmende Ungerechtigkeit in Deutschland<\/a>, das\u00a0<em>Der Freitag<\/em> ver\u00f6ffentlich hat. Stellt sich mir nur die Frage, wie jemand wie B\u00fclow \u00fcberhaupt mit seiner Parteif\u00fchrung klarkommt, ohne sich best\u00e4ndig \u00fcbergeben zu m\u00fcssen &#8230;<\/p>\n<p>14. Letztes Wochenende fanden in Spanien Kommunal- und Regionalwahlen statt, bei denen die regierende konservativ-nationalistische Volkspartei (PP) herbe Verluste einstecken und linke B\u00fcrgerbewegungen sowie Podemos Erfolge verbuchen konnten. Ein gute <a href=\"http:\/\/www.heise.de\/tp\/news\/Demokratische-Revolution-fuer-Suedeuropa-aus-Spanien-2663868.html\" target=\"_blank\" rel=\"noopener noreferrer\">\u00dcberblick \u00fcber die Resultate<\/a>\u00a0mit einigen sinnvollen Erkl\u00e4rungen\u00a0findet sich auf\u00a0<em>Telepolis.<\/em><\/p>\n<p>15. Ein Kommentar von Johannes Hartl auf\u00a0<em>Publikative.org\u00a0<\/em>(leider nicht mehr online aufrufbar) befasst sich mit dem mangelhaften Umgang mit Fehlverhalten\u00a0bei der deutschen Polizei, die von Unfehlbarkeitsdenken und Korpsgeist gepr\u00e4gt ist statt vom Bem\u00fchen, Vergehen wie die gerade in Hannover festgestellte Misshandlung von Migranten durch Bundespolizisten transparent und konsequent aufzukl\u00e4ren und zu ahnden. Auf diese Weise verspielt sich die Polizei den Respekt, den sie immer so gern und vehement f\u00fcr sich einfordert.<\/p>\n<p>16. Eine etwas andere Sicht auf die Welt und die Natur pr\u00e4sentiert Lakota-H\u00e4uptling John Fire Lame Deer in einem <a href=\"http:\/\/www.fr-online.de\/panorama\/indianer--die-erde-wird-sich-reinigen-,1472782,27671908.html?fb_action_ids=749434375095607&amp;fb_action_types=og.recommends\" target=\"_blank\" rel=\"noopener noreferrer\">ausf\u00fchrlichen Interview<\/a>, dass die <em>Frankfurter Rundschaue<\/em> mit ihm f\u00fchrte. In seinen Aussagen finden sich einige sehr interessante Aspekte, \u00fcber die es sich nachzudenken lohnt.<\/p>\n<p>17. Das <em>Umweltinstitut M\u00fcnchen e. V.<\/em> hat einen <a title=\"Umweltinstitut M\u00fcnchen e. V. | Brief des \u00f6sterreichischen Investors Gerald Schweighofer\" href=\"http:\/\/www.umweltinstitut.org\/fileadmin\/Mediapool\/Aktuelles\/2015_05_18\/20140922_Schweighofer_Leaked_Letter.pdf\" target=\"_blank\" rel=\"noopener noreferrer\">Brief ver\u00f6ffentlicht<\/a>\u00a0[PDF], in dem dank internationalem Schiedsgericht ein \u00f6sterreichischer Investor\u00a0und Inhaber eines rum\u00e4nischen Holzkonzerns die rum\u00e4nische Regierung unter Druck setzt (mit einer Klage droht). Das ist nur deshalb m\u00f6glich, weil es ein Investitionsschutzabkommen zwischen diesen L\u00e4ndern gibt, das bei uns derzeit mit TTIP vor der T\u00fcr steht. Und unsere gew\u00e4hlte Regierung h\u00e4lt dies weiterhin f\u00fcr eine Bereicherung. Fragt sich nur, f\u00fcr wen &#8230;<\/p>\n<p>18. Anschlag von Linken auf AfD-Sprechering Frauke Petry! So wurde es vonseiten ihrer Partei verbreitet und auch von nicht wenigen\u00a0Medien \u00fcbernommen. Peinlich nur, wenn dann rauskommt, dass Petry (bei der AfD nicht zum ersten Mal, s. zum Beispiel <a href=\"https:\/\/www.unterstroemt.de\/?p=2787\" target=\"_blank\" rel=\"noopener noreferrer\">hier<\/a>) dem Muster folgt, sich bei Lappalien als Opfer linker Gewalt darzustellen, wie Heinrich Schmitz in seiner\u00a0<a href=\"http:\/\/www.theeuropean.de\/heinrich-schmitz\/10189-angeblicher-anschlag-auf-die-afd\" target=\"_blank\" rel=\"noopener noreferrer\">Kolumne auf\u00a0<em>The European<\/em><\/a> feststellt, nachdem die Polizei sich tats\u00e4chlich mal um die Tatsachen gek\u00fcmmert hat.<\/p>\n","protected":false},"excerpt":{"rendered":"<p>An dieser Stelle pr\u00e4sentieren wir regelm\u00e4\u00dfig Links, die wir unter der Woche entdeckt haben, zu denen wir selbst nicht mehr viel schreiben m\u00fcssen und die wir teilenswert finden. Viel Spa\u00df beim Lesen und Anschauen!<\/p>\n","protected":false},"author":3,"featured_media":0,"comment_status":"open","ping_status":"closed","sticky":false,"template":"","format":"standard","meta":{"footnotes":""},"categories":[193],"tags":[],"class_list":["post-3096","post","type-post","status-publish","format-standard","hentry","category-woechentliches"],"_links":{"self":[{"href":"https:\/\/www.unterstroemt.de\/index.php?rest_route=\/wp\/v2\/posts\/3096","targetHints":{"allow":["GET"]}}],"collection":[{"href":"https:\/\/www.unterstroemt.de\/index.php?rest_route=\/wp\/v2\/posts"}],"about":[{"href":"https:\/\/www.unterstroemt.de\/index.php?rest_route=\/wp\/v2\/types\/post"}],"author":[{"embeddable":true,"href":"https:\/\/www.unterstroemt.de\/index.php?rest_route=\/wp\/v2\/users\/3"}],"replies":[{"embeddable":true,"href":"https:\/\/www.unterstroemt.de\/index.php?rest_route=%2Fwp%2Fv2%2Fcomments&post=3096"}],"version-history":[{"count":25,"href":"https:\/\/www.unterstroemt.de\/index.php?rest_route=\/wp\/v2\/posts\/3096\/revisions"}],"predecessor-version":[{"id":18353,"href":"https:\/\/www.unterstroemt.de\/index.php?rest_route=\/wp\/v2\/posts\/3096\/revisions\/18353"}],"wp:attachment":[{"href":"https:\/\/www.unterstroemt.de\/index.php?rest_route=%2Fwp%2Fv2%2Fmedia&parent=3096"}],"wp:term":[{"taxonomy":"category","embeddable":true,"href":"https:\/\/www.unterstroemt.de\/index.php?rest_route=%2Fwp%2Fv2%2Fcategories&post=3096"},{"taxonomy":"post_tag","embeddable":true,"href":"https:\/\/www.unterstroemt.de\/index.php?rest_route=%2Fwp%2Fv2%2Ftags&post=3096"}],"curies":[{"name":"wp","href":"https:\/\/api.w.org\/{rel}","templated":true}]}}