{"id":30969,"date":"2025-07-20T12:31:01","date_gmt":"2025-07-20T10:31:01","guid":{"rendered":"https:\/\/www.unterstroemt.de\/?p=30969"},"modified":"2025-07-30T14:43:14","modified_gmt":"2025-07-30T12:43:14","slug":"interessantes-aus-kw-29-2025","status":"publish","type":"post","link":"https:\/\/www.unterstroemt.de\/?p=30969","title":{"rendered":"Interessantes aus KW 29\/2025"},"content":{"rendered":"<p>An dieser Stelle pr\u00e4sentieren wir regelm\u00e4\u00dfig Links, die wir unter der Woche entdeckt haben, zu denen wir selbst nicht mehr viel schreiben m\u00fcssen und die wir teilenswert finden. Viel Spa\u00df beim Lesen und Anschauen!<\/p>\n<p>1. Dem wurstgeilen Ekel-Foodblogger Markus S\u00f6der ist in seiner Nebenbesch\u00e4ftigung als CSU-Parteichef keine L\u00fcge zu plump, um damit nicht ein bisschen Stimmung gegen politische Gegner zu sch\u00fcren. Nachdem er zuletzt immer verbal auf die Gr\u00fcnen eingedroschen hat, war nun auch mal die SPD dran. Bei den Koalitionsverhandlungen wurde, wenn diese bei der SPD stattfanden, laut S\u00f6der nur veganes Essen serviert &#8211; was f\u00fcr ihn nat\u00fcrlich ein Grund ist, sich zu echauffieren und damit auch st\u00e4ndig auf Veranstaltungen hausieren zu gehen. Das Problem dabei, wie ein <a href=\"https:\/\/uebermedien.de\/107173\/markus-soeders-fleischluege\/\" target=\"_blank\" rel=\"noopener\">Artikel auf <em>\u00dcber Medien<\/em><\/a> feststellt: Das stimmt gar nicht. In jedem Fall wei\u00df man nun: Wer selbst bei solchen Nebens\u00e4chlichkeiten aus populistischen Gr\u00fcnden l\u00fcgt, dem sollte man generell nicht \u00fcber den Weg trauen. [Karl]<\/p>\n<p>2. Der deutsche Fu\u00dfballnationaltorwart (meistens allerdings auf der Ersatzbank) Bernd Leno soll ein queerfeindliches Video mit &#8222;Gef\u00e4llt mir&#8220; markiert haben, in dem ein Autoattentat auf eine CSD-Veranstaltung positiv dargestellt wurde, wie aus einem <a href=\"https:\/\/www.queer.de\/detail.php?article_id=54382\" target=\"_blank\" rel=\"noopener\">Artikel von <em>Queer.de<\/em><\/a> hervorgeht. Das hat der bisexuelle Schiedsrichter Pascal Kaiser entdeckt, und als er versuchte, Leno damit zu konfrontieren in sozialen Medien, wurde er umgehend geblockt. Als andere User davon Wind bekommen haben und Leno daraufhin anschrieben, wurde die Kommentarfunktion auf seiner Instragram-Seite deaktiviert. Nicht gerade ein souver\u00e4ner Umgang damit, wie ich finde, und auch ein St\u00fcck weit ein Schuldeingest\u00e4ndnis. Ach ja: Vom DFB h\u00f6rt man nat\u00fcrlich wieder mal gar nichts dazu. Typisch. [Karl]<\/p>\n<p>3. In den 1950er- bis 1980-Jahren wurden viele F\u00e4sser mit radioaktivem Atomm\u00fcll einfach in den Ozean entsorgt. Nun hat ein Forscherteam einen der Orte, an denen das geschah, mal etwas genauer unter die Lupe genommen, wie ein <a href=\"https:\/\/www.geo.de\/wissen\/radioaktive-abfaelle--expedition-zeigt--atommuell-faesser-im-atlantik-teils-kaputt-35886568.html\" target=\"_blank\" rel=\"noopener\">Artikel im <em>Geo<\/em><\/a> berichtet. Und dabei stellten sie fest, dass die F\u00e4sser teilweise kaputt sind. Was das bedeutet, wenn solche strahlenden Nuklearabf\u00e4lle in Kontakt mit ihrer Umgebung kommen, kann sich jeder ausmalen, auch wenn genaue Messungen zur Radioaktivit\u00e4t noch ausstehen. Vor allem d\u00fcrfte sich die ungesunde Strahlung dann bei so einem eher schleichend-kontinuierlichen Zerfallsvorgang der F\u00e4sser ja auch recht &#8222;unauff\u00e4llig&#8220; verbreiten. [Karl]<\/p>\n<p>4. Leonie Wessel geht in einem <a href=\"https:\/\/www.monopol-magazin.de\/konformismus-mode-social-media-warum-sehen-gefuehlt-alle-gleich-aus\" target=\"_blank\" rel=\"noopener\">Artikel auf <em>monopol<\/em><\/a> der Frage nach, warum so viele junge Menschen sich heute quasi identisch kleiden. Die Ursachen daf\u00fcr sieht sie in vor allem in Mikrotrends, die durch Social Media verbreitet werden, Fast Fashion und das Bed\u00fcrfnis, unbedingt zu einer gro\u00dfen Masse dazugeh\u00f6ren zu wollen. Der um sich greifende Wahn der Selbstoptimierung erstickt so die Entwicklung eines individuelle Stils, was zudem auch ein bisschen aufwendiger ist, als einfach nur das anzuziehen, was alle anderen auch haben. Und dieses Ph\u00e4nomen findet sich auch beim Tourismus wieder. Individueller Stil wird so zu einem Ausdruck von Subkultur. Seltsame Zeiten, in denen wir leben. [Karl]<\/p>\n<p>5. Bundesinnenminister Alexander Dobrindt (CSU) l\u00e4uft weiter rechtsstaatlich Amok, denn er schert sich nicht um Gesetze und Gerichtsurteile &#8211; und um Menschenrechte sowieso nicht. So warten immer noch 2300 Afghanen in Pakistan darauf, dass die Bundesregierung ihr Versprechen einh\u00e4lt und ihnen die zugesagte Einreise nach Deutschland erm\u00f6glicht. Diese Personen gelten als besonders gef\u00e4hrdet, da sie in einer Weise t\u00e4tig waren, die ihnen den Zorn der in Afghanistan herrschenden Taliban eingetragen hat. Martin S\u00f6kefeld \u00fcbt nun in einem <a href=\"https:\/\/taz.de\/Deutsche-Afghanistanpolitik\/!6097112\/\" target=\"_blank\" rel=\"noopener\">Gastkommentar in der <em>taz<\/em><\/a> deutliche Kritik an diesem unw\u00fcrdigen Verhalten Dobrindts, f\u00fcr den es nur darum zu gehen scheint, diese Menschen ihrem Schicksal zu \u00fcberlassen &#8211; was oft genug Folter, Haft und Ermordung bedeutet. [Karl]<\/p>\n<p>6. Gewaltbereite Rechtsextremisten werden immer j\u00fcnger, sind teilweise sogar minderj\u00e4hrig. Und diese Jugendlichen lassen zurzeit die sogenannten Baseballschl\u00e4gerjahre wiederaufleben. Ein <a href=\"https:\/\/www.rnd.de\/politik\/jetzt-gehen-die-neuen-jung-rechten-auch-aufeinander-los-BTSN27YXZNBDPD5GHBR6TXYTSA.html\" target=\"_blank\" rel=\"noopener\">Artikel vom <em>RedaktionsNetzwerk Deutschland<\/em><\/a> beschreibt, wie die Rekrutierung dieser jungen Menschen stattfindet: Zun\u00e4chst mal gibt es recht unverf\u00e4ngliche TikTok-Videos mit rechtsradialer Symbolik nur am Rande. Wenn jemand so was anschaut, sorgt der TikTok-Algorithmus schnell daf\u00fcr, dass ihm vor allem \u00e4hnliche Videos angeboten werden. Als n\u00e4chster Schritt findet dann pers\u00f6nliche Kommunikation \u00fcber Messenger in einem nicht mehr \u00f6ffentlichen Bereich statt, und da geht es dann eindeutig rechtsextrem zur Sache. Ganz gef\u00e4hrliche Entwicklung &#8211; und der Bundesinnenminister Alexander Dobrindt (CSU) schwafelt davon, dass vor allem gegen Linksextreme vorgegangen werden m\u00fcsse. [Karl]<\/p>\n<p>7. Wirtschaftslobbyisten, die direkt in die Verhandlungen um den Koalitionsvertrag der Bundesregierung involviert waren &#8211; das wundert einen nicht, wenn man sich das Ergebnis anschaut, aber ist dennoch in hohem Ma\u00dfe skandal\u00f6s. Laut einem <a href=\"https:\/\/www.zdfheute.de\/politik\/deutschland\/spd-koalitionsverhandlungen-lobbyverbaende-klima-energie-100.html\" target=\"_blank\" rel=\"noopener\">Artikel von <em>ZDF heute<\/em><\/a>\u00a0gew\u00e4hrte die SPD mehreren Lobbyorganisationen freim\u00fctig Zutritt, und das nicht, wie man selbst zugibt, im Vorfeld der Verhandlungen, sondern w\u00e4hrenddessen. Und es wurde auch nicht einfach nur Expertise abgefragt, sondern es ging um die Formulierung ganz konkreter Textpassagen. Dass sie mit CDU-Verhandlern auch in Kontakt waren, best\u00e4tigen einige der Lobbyisten ebenfalls &#8211; allerdings antwortet man vonseiten der CDU einfach nicht auf entsprechende Anfragen. Wobei das ja auch eine Aussage ist, oder? [Karl]<\/p>\n<p>8. Die 26-j\u00e4hriger Rahma Ayat wurde in Hannover von einem 31-j\u00e4hrigen Nachbarn im Flur des Hauses, in dem ihre Wohnung war, erstochen. Zu den Hintergr\u00fcnden dieses Femizids wird nun spekuliert, ob nicht auch Rassismus daf\u00fcr verantwortlich sein k\u00f6nnte. Wie aus einem <a href=\"https:\/\/taz.de\/Femizid-bei-Hannover\/!6100942\/\" target=\"_blank\" rel=\"noopener\">Artikel in der <em>taz<\/em><\/a> hervorgeht, weist das Social-Media-Profil des T\u00e4ters zwar keine eindeutigen rechtsradikalen Inhalte auf, allerdings berichtete Rahma Ayat ihrer Mutter gegen\u00fcber am Telefon von rassistischen und antimuslimischen Anfeindungen durch ebendiesen Nachbarn. Und auch hier muss man leider wieder fragen: Was w\u00e4re wohl medial losgewesen, wenn der T\u00e4ter ein Migrant und das Opfer eine Deutsche gewesen w\u00e4re? [Karl]<\/p>\n<p>9. Na so was! Laut einem Pr\u00fcfbericht des EU-Parlaments, \u00fcber den ein <a href=\"https:\/\/www.tagesschau.de\/investigativ\/kontraste\/eu-parlament-id-fraktion-spenden-100.html\" target=\"_blank\" rel=\"noopener\">Artikel auf <em>tagesschau.de<\/em><\/a> berichtet, soll die rechtsradikale ID-Fraktion, der bis zu ihrer Aufl\u00f6sung 2024 u. a. die \u00f6sterreichische FP\u00d6, die deutsche AfD und der franz\u00f6sische Rassemblement National angeh\u00f6rt haben, \u00f6ffentliche Gelder in Millionenh\u00f6he illegal verwendet haben. Dabei geht es dann um Auftr\u00e4ge ohne die notwendige Ausschreibung an Unternehmen von Parteikollegen, Spenden, die nicht den Parlamentsregeln entsprechen, und mutma\u00dflich \u00fcberteuerte Werbung zur Finanzierung einer rechtsradikalen Postille. Die Rechnungsabschl\u00fcsse seien zwar von einem externen Wirtschaftspr\u00fcfer gepr\u00fcft worden, aber dass man daf\u00fcr dann vonseiten der ID-Fraktion einen angeblichen &#8222;Artikel 68&#8220; erfunden hat, nachdem die Ausgaben so korrekt seien, ist dann schon reichlich fragw\u00fcrdig. [Karl]<\/p>\n<p>10. Eine repr\u00e4sentative Studie hat sich mit dem Konsum digitaler Medien in Familien mit Kindern unter 15 Jahre befasst. Und auch wenn eines der Ergebnisse laut einem <a href=\"https:\/\/www.spiegel.de\/netzwelt\/web\/medienkompetenz-ein-viertel-der-eltern-hat-schuldgefuehle-wenn-ihr-kind-digitale-medien-nutzt-a-4a6a4fe2-ea24-4f34-8de4-b16bb8a81bde\" target=\"_blank\" rel=\"noopener\">Artikel auf <em>Spiegel Online<\/em><\/a> ist, dass etwa drei Viertel der befragten Eltern der Ansicht sind, dass sie ihre Kinder gut durch die digitale Welt begleiten, so lassen doch einige andere der geschilderten Ergebnisse leichte Zweifel daran aufkommen. Vielmehr wirkt es auf mich so, als w\u00e4ren viele Eltern mit diesen Medien und ihrer sinnvollen Nutzung nach wie vor reichlich \u00fcberfordert. Wenn die Technik schneller voranschreitet als die Nutzerkompetenzen, die daf\u00fcr notwendig sind &#8211; keine gute Sache! [Karl]<\/p>\n<p>11. In Israel steht die Pressefreiheit weiter unter Beschuss, wie aus einem <a href=\"https:\/\/taz.de\/Israelische-Siedler-greifen-Medien-an\/!6098177\/\" target=\"_blank\" rel=\"noopener\">Artikel der <em>taz<\/em><\/a> hervorgeht. Nicht nur, dass Berichte \u00fcber iranische Raketeneinschl\u00e4ge seit einiger Zeit von einem Milit\u00e4rzensor genehmigt werden m\u00fcssen, nun werden vermehrt auch internationale Medienschaffende von radikalen Siedlern attackiert. Die rechtsextreme Regierung Israels macht nichts dagegen, was auch nicht verwundert, da sie den Ausbau der nach internationalem Recht illegalen Siedlungen im Westjordanland ja seit Jahren vorantreibt. So bleibt die Gegend die zurzeit wohl f\u00fcr Journalisten gef\u00e4hrlichste Region &#8211; und Israel verabschiedet sich leider immer mehr von der Demokratie. [Karl]<\/p>\n<p>12. Gerade ist Spotify mal wieder negativ in den Schlagzeilen, denn dessen Chef Daniel Ek hat noch mal eine Menge Extramillionen in eine R\u00fcstungsfirma investiert. Da werden Musiker also nicht nur mies entlohnt, sondern das Geld, das mit ihrer Musik erwirtschaftet wird, tr\u00e4gt dann dazu bei, Waffen zu bauen. Darauf haben einige Musiker keine Lust mehr, dazu kommt noch, wie ein <a href=\"https:\/\/www.rnd.de\/wirtschaft\/kritik-am-spotify-ceo-warum-musiker-und-fans-mit-boykott-drohen-KVJASVQQN5HJ7F3YDZULRDAELU.html\" target=\"_blank\" rel=\"noopener\">Artikel vom <em>RedaktionsNetzwerk Deutschland<\/em><\/a> berichtet, dass immer \u00f6fter KI-generierte Musik auf Spotify auftaucht und dort den H\u00f6rern empfohlen wird &#8211; was die eh schon schmalen Einnahmen der K\u00fcnstler noch weiter verringert. Alternativen zu Spotify gibt es f\u00fcr H\u00f6rer, allerdings sind die Streamingdienste, die gro\u00dfen Konzernen geh\u00f6ren, sind allesamt fragw\u00fcrdig. Also am besten zu kleinen Anbietern wechseln oder wieder auf physische Tontr\u00e4ger zugreifen, wenn man Musik wirklich mag. [Karl]<\/p>\n<p>13. Dass Rauchen Lungenkrebs verursachen kann, ist ja hinreichend bekannt. Allerdings erkranken auch zunehmend Nichtraucher an dieser Krankheit, sodass sich ein internationales Forscherteam mal auf die Suche gemacht hat, was da die Ursache sein k\u00f6nnte. Das Ergebnis, das in einen <a href=\"https:\/\/www.t-online.de\/gesundheit\/aktuelles\/id_100821684\/lungenkrebs-risiko-fuer-nichtraucher-steigt-durch-luftverschmutzung.html\" target=\"_blank\" rel=\"noopener\">Artikel auf <em>t-online<\/em><\/a> geschildert wird: Luftverschmutzung, insbesondere Feinstaub. Da sind die ganzen Lobbyisten der Fossile-Energien-Industrie und ihre politischen Helfeshelfer also nicht nur f\u00fcr die Klimakrise verantwortlich, sondern auch f\u00fcr etliche Lungenkrebstote. Ein weiterer Grund, so schnell wie m\u00f6glich vom Verbrennen von Zeug zur Energiegewinnung Abschied zu nehmen. [Karl]<\/p>\n","protected":false},"excerpt":{"rendered":"<p>An dieser Stelle pr\u00e4sentieren wir regelm\u00e4\u00dfig Links, die wir unter der Woche entdeckt haben, zu denen wir selbst nicht mehr viel schreiben m\u00fcssen und die wir teilenswert finden. Viel Spa\u00df beim Lesen und Anschauen!<\/p>\n","protected":false},"author":3,"featured_media":0,"comment_status":"open","ping_status":"open","sticky":false,"template":"","format":"standard","meta":{"footnotes":""},"categories":[193],"tags":[],"class_list":["post-30969","post","type-post","status-publish","format-standard","hentry","category-woechentliches"],"_links":{"self":[{"href":"https:\/\/www.unterstroemt.de\/index.php?rest_route=\/wp\/v2\/posts\/30969","targetHints":{"allow":["GET"]}}],"collection":[{"href":"https:\/\/www.unterstroemt.de\/index.php?rest_route=\/wp\/v2\/posts"}],"about":[{"href":"https:\/\/www.unterstroemt.de\/index.php?rest_route=\/wp\/v2\/types\/post"}],"author":[{"embeddable":true,"href":"https:\/\/www.unterstroemt.de\/index.php?rest_route=\/wp\/v2\/users\/3"}],"replies":[{"embeddable":true,"href":"https:\/\/www.unterstroemt.de\/index.php?rest_route=%2Fwp%2Fv2%2Fcomments&post=30969"}],"version-history":[{"count":17,"href":"https:\/\/www.unterstroemt.de\/index.php?rest_route=\/wp\/v2\/posts\/30969\/revisions"}],"predecessor-version":[{"id":31053,"href":"https:\/\/www.unterstroemt.de\/index.php?rest_route=\/wp\/v2\/posts\/30969\/revisions\/31053"}],"wp:attachment":[{"href":"https:\/\/www.unterstroemt.de\/index.php?rest_route=%2Fwp%2Fv2%2Fmedia&parent=30969"}],"wp:term":[{"taxonomy":"category","embeddable":true,"href":"https:\/\/www.unterstroemt.de\/index.php?rest_route=%2Fwp%2Fv2%2Fcategories&post=30969"},{"taxonomy":"post_tag","embeddable":true,"href":"https:\/\/www.unterstroemt.de\/index.php?rest_route=%2Fwp%2Fv2%2Ftags&post=30969"}],"curies":[{"name":"wp","href":"https:\/\/api.w.org\/{rel}","templated":true}]}}