{"id":31034,"date":"2025-07-27T23:10:53","date_gmt":"2025-07-27T21:10:53","guid":{"rendered":"https:\/\/www.unterstroemt.de\/?p=31034"},"modified":"2025-07-31T23:15:41","modified_gmt":"2025-07-31T21:15:41","slug":"interessantes-aus-kw-30-2025","status":"publish","type":"post","link":"https:\/\/www.unterstroemt.de\/?p=31034","title":{"rendered":"Interessantes aus KW 30\/2025"},"content":{"rendered":"<p>An dieser Stelle pr\u00e4sentieren wir regelm\u00e4\u00dfig Links, die wir unter der Woche entdeckt haben, zu denen wir selbst nicht mehr viel schreiben m\u00fcssen und die wir teilenswert finden. Viel Spa\u00df beim Lesen und Anschauen!<\/p>\n<p>1. Die US-Regierung streicht massiv Gelder f\u00fcr den \u00f6ffentlichen Rundfunk sowie f\u00fcr die Auslandshilfe. Das hat einige Konsequenzen, wie ein <a href=\"https:\/\/taz.de\/Kuerzungen-bei-NPR-und-PBS-\/!6103664\/\" target=\"_blank\" rel=\"noopener\">Artikel in der <em>taz<\/em><\/a> darlegt: So werden viele Radiosender schlie\u00dfen m\u00fcssen, was nicht nur eine Reduzierung des Nachrichtenangebots bedeutet, sondern auch das Wegfallen von Warnungen vor Naturkatastrophen. Und die L\u00fccke in der Auslandshilfe wird nicht nur viele Menschenleben kosten und das internationale Ansehen des USA besch\u00e4digen, sondern auch gern von China aufgef\u00fcllt werden. Aber Faschisten machen halt dumme Sachen, wie man hier mal wieder sehen kann. [Karl]<\/p>\n<p>2. Gareth Joswig \u00e4u\u00dfert sich in einem <a href=\"https:\/\/taz.de\/Protest-gegen-Alice-Weidel\/!6098806\/\" target=\"_blank\" rel=\"noopener\">Gastkommentar in der <em>taz<\/em><\/a> sehr positiv \u00fcber die St\u00f6raktion des Zentrums f\u00fcr politische Sch\u00f6nheit beim Alice-Weidel-ARD-Sommerinterview. Er stellt zudem zu Recht infrage, ob denn die Kritik an der Aktion, dass so etwas der AfD n\u00fctze, \u00fcberhaupt Substanz habe oder nicht vielmehr vom Kernproblem ablenkt: der zunehmenden Normalisierung von Rechtsextremismus, und das sowohl in Medien und in der Gesellschaft als auch in der CDU. Hierauf weise diese st\u00f6rende Aktionskunst hin, und das sei auch gut so und wichtig im Sinne einer wehrhaften Demokratie, die sich auf vielen anderen Ebenen leider gerade nicht als sonderlich wehrhaft erweist. [Karl]<\/p>\n<p>3. Jens Spahn ist ein karrieregeiler Machtmensch, der Politik nur zum eigenen Vorteil betreibt. Das wurde anhand der Masken-Deals mehr als deutlich. Dar\u00fcber hinaus verf\u00fcgt er allerdings \u00fcber ein umfassendes Netzwerk, das Kontakte zu rechtslibert\u00e4ren Oligarchen (auch aus dem Trump-Umfeld) und rechtsextremen Hetzmedien wie NIUS beinhaltet. Eine Recherche von <em>Correctiv<\/em> (<a href=\"https:\/\/correctiv.org\/aktuelles\/gesundheit\/2025\/07\/22\/netzwerk-mit-nebenwirkungen-jens-spahn-und-der-milliardaer\/\" target=\"_blank\" rel=\"noopener\">Teil 1<\/a> und <a href=\"https:\/\/correctiv.org\/lobbyismus-2\/2025\/07\/25\/medien-und-medizinsoftware-der-profiteur-von-spahns-politik-nius-gotthardt\/\" target=\"_blank\" rel=\"noopener\">Teil 2<\/a>) hat dieses Netzwerk mal nachvollzogen, und das zeigt, dass Jens Spahn ein hochgef\u00e4hrlicher Mensch ist, dessen politisches Wirken ausschlie\u00dflich dazu dient, \u00f6ffentliche Gelder in die Taschen von Netzwerkfreunden umzuverteilen, die ihm dann wieder st\u00e4rkeren politischen Einfluss sichern. [Karl]<\/p>\n<p>4. Bundeskanzler Friedrich Merz (CDU) polemisierte laut einem <a href=\"https:\/\/www.rnd.de\/wirtschaft\/buergergeld-und-wohngeld-wie-viel-der-staat-fuer-die-miete-zuschiesst-7CCWX2EUCVGGTKZY73STQX73DA.html\" target=\"_blank\" rel=\"noopener\">Artikel vom <em>RedaktionsNetzwerk Deutschland<\/em><\/a> mal wieder gegen arme Menschen, indem er im ARD-Sommerinterview die zu hohen Mietzusch\u00fcsse f\u00fcr B\u00fcrgergeldempf\u00e4nger anmahnte und mehr oder weniger direkt mit K\u00fcrzungen drohte. Das geht allerdings an der realen Situation auf dem Wohnungsmarkt vorbei, denn dort fehlt es zum einen nach wie vor in gro\u00dfem Ma\u00dfe an g\u00fcnstigem Wohnraum und zum anderen an wirkungsvollen Begrenzungen der Mietsteigerungen. Beides Sachen, die von der CDU politisch ja stets bek\u00e4mpft werden. Statt also mal wieder B\u00fcrgergeldempf\u00e4ngern den schwarzen Peter zuzuschieben, sollte Merz besser mal die Politik seiner eigenen Partei hinterfragen. [Karl]<\/p>\n<p>5. In der Ukraine wird gerade mal wieder klar, dass die Selenskyj-Regierung bei aller Sympathie f\u00fcr ihren Kampf gegen den russischen Angriffskrieg doch vor allem eins ist: durch und durch korrupt. Dass war vor 2022 so und hat sich jetzt offenbar nicht sonderlich ge\u00e4ndert. Oder warum sollte Pr\u00e4sident Wolodymyr Selenskyj sonst gerade die beiden Antikorruptionsbeh\u00f6rden NABU und SAP der Generalstaatsanwaltschaft und damit seinem direkten Einfluss unterstellen? Deswegen gibt es nun auch Kritik und Protest in dem eh schon gebeutelten Land, wie ein <a href=\"https:\/\/www.n-tv.de\/politik\/Ukraine-Krieg-Heftige-Kritik-an-Selenskyj-nach-Korruptionsentscheidung-article25918878.html\" target=\"_blank\" rel=\"noopener\">Artikel von <em>ntv<\/em><\/a> schildert. Woran man sieht: Nur weil jemand der Feind meines Feindes ist, ist er noch lange kein guter Typ. [Karl]<\/p>\n<p>6. Leistungsbereitschaft und Flei\u00df sind ja zwei Tugenden, auf die immer gern abgestellt wird &#8211; vor allem, um Menschen vorzuwerfen, dass sie zu wenig davon zeigen w\u00fcrden. Nun stellt Wolf Lotter in einem <a href=\"https:\/\/taz.de\/!vn6100759\/\" target=\"_blank\" rel=\"noopener\">Essay in der taz<\/a> dar, dass Flei\u00df eigentlich gar nichts Positives ist, sondern etwas, was erst durch die Entmenschlichung von Arbeit im Zuge der Industrialisierung als identit\u00e4tsstiftend angesehen wurde. Was aber dennoch nichts daran \u00e4ndert, dass blinder Flei\u00df im Hamsterrad die Menschen vom Denken abh\u00e4lt &#8211; und das sollte die eigentlich relevante Tugend f\u00fcr wirtschaftlichen und gesellschaftlichen Fortschritt sein. [Karl]<\/p>\n<p>7. Der Rechtsterrorismus in Deutschland breitet sich immer weiter aus. So hat ein 61-j\u00e4hriger Mann in Magdeburg, der schon \u00f6fter mit rechtsradikalen Zwischenf\u00e4llen aufgefallen sein soll, ein dreij\u00e4hriges Kind mit seinem Pkw angefahren. Vorangegangen sind laut Zeugenaussagen rassistische Beleidigungen des Mannes, nachdem ihm einige migrantische Familien darauf aufmerksam machten, dass er mit zu hoher Geschwindigkeit auf einem Parkplatz herumgefahren sei, wie eine <a href=\"https:\/\/www.mdr.de\/nachrichten\/sachsen-anhalt\/magdeburg\/magdeburg\/kind-ueberfahren-tat-mutmasslich-rechtsextrem-104.html\" target=\"_blank\" rel=\"noopener\">Meldung vom <em>MDR<\/em><\/a> berichtet. Das kommt eben dabei raus, wenn Politik und Medien den \u00f6ffentlichen Diskurs immer weiter nach rechts verschieben. [Karl]<\/p>\n<p>8. Bundesau\u00dfenminister Johann Wadephul (CDU) zeigt gerade, was man unter Nibelungentreue versteht: Laut einem <a href=\"https:\/\/www.spiegel.de\/politik\/deutschland\/johann-wadephul-aussenminister-verteidigt-enthaltung-beim-gaza-appell-a-53143be2-b245-44d4-9c68-a6d4558ec6f1\" target=\"_blank\" rel=\"noopener\">Artikel auf <em>Spiegel Online<\/em><\/a> rechtfertigt er die Enthaltung Deutschlands bei einem Appell von 28 Staaten (darunter Gro\u00dfbritannien, Kanada, Frankreich, Australien und Japan), dass die Kampfhandlungen in Gaza angesichts der dortigen humanit\u00e4re Katastrophe endlich eingestellt werden sollten, damit, dass Deutschland eben bedingungslos an der Seite Israels stehen w\u00fcrde. Und damit an der Seite einer rassistischen und in Teilen faschistischen Regierung, der vom Internationalen Strafgerichtshof Kriegsverbrechen vorgeworfen werden. Wadephul? &#8222;What a fool&#8220; trifft es wohl eher. [Karl]<\/p>\n<p>9. Caroline Bosbach, Tochter des CDU-Dampfplauderers Wolfgang Bosbach und ebenfalls f\u00fcr dessen Partei im Bundestag, soll 2.500 Euro an Parteigeldern f\u00fcr private Zwecke eingesteckt haben. Das berichtet zumindest eine <a href=\"https:\/\/www.n-tv.de\/politik\/Caroline-Bosbach-soll-Parteigelder-in-bar-eingesteckt-haben-article25923533.html\" target=\"_blank\" rel=\"noopener\">Meldung von ntv<\/a>, und dabei bezieht man sich auf eidesstattliche Versicherungen eines fr\u00fcheren CDU-Mitarbeiters, der ihr das Geld \u00fcbergeben haben soll, sowie Kontoausz\u00fcge und \u00dcberweisungsbelege, die der Redaktion vorliegen. Bosbach jun. sieht kein Fehlverhalten ihrerseits, hat das Geld aber mittlerweile an die CDU zur\u00fcckgezahlt. Da will sich wohl unbedingt jemand f\u00fcr h\u00f6here Aufgaben der der korrumpierten Tr\u00fcmmertruppe CDU empfehlen &#8230; [Karl]<\/p>\n<p>10. Erez Reuveni, ein Staatsanwalt aus dem US-Justizministerium, ist gefeuert worden, nachdem er sich weigerte, einen angeordneten Meineid zu leisten. Das berichtete er nun als Whistleblower der <em>New York Times<\/em>, wor\u00fcber wiederum eine <a href=\"https:\/\/www.n-tv.de\/politik\/Luegen-wegen-Trump-US-Regierung-ordnete-an-Gerichte-zu-taeuschen-sagt-Whistleblower-article25923737.html\" target=\"_blank\" rel=\"noopener\">Artikel von <em>ntv<\/em><\/a> berichtet. An diesem Fall wird deutlich, was sich auch sonst schon abgezeichnet hat: Die faschistische Trump-Regierung agiert mit L\u00fcgen und Betrug gegen ihr eigenes Justizsystem und stellt sich damit \u00fcber geltende Gesetze und Gerichtsurteile. Da die Gewaltenteilung ein elementarer Pfeiler der Demokratie ist, offenbar sie damit ihre antidemokratische Haltung. \u00dcbrigens: Hier in Deutschland macht Bundesinnenminister Alexander Dobrindt (CSU) schon ganz \u00c4hnliches. [Karl]<\/p>\n","protected":false},"excerpt":{"rendered":"<p>An dieser Stelle pr\u00e4sentieren wir regelm\u00e4\u00dfig Links, die wir unter der Woche entdeckt haben, zu denen wir selbst nicht mehr viel schreiben m\u00fcssen und die wir teilenswert finden. Viel Spa\u00df beim Lesen und Anschauen!<\/p>\n","protected":false},"author":5,"featured_media":0,"comment_status":"open","ping_status":"open","sticky":false,"template":"","format":"standard","meta":{"footnotes":""},"categories":[193],"tags":[],"class_list":["post-31034","post","type-post","status-publish","format-standard","hentry","category-woechentliches"],"_links":{"self":[{"href":"https:\/\/www.unterstroemt.de\/index.php?rest_route=\/wp\/v2\/posts\/31034","targetHints":{"allow":["GET"]}}],"collection":[{"href":"https:\/\/www.unterstroemt.de\/index.php?rest_route=\/wp\/v2\/posts"}],"about":[{"href":"https:\/\/www.unterstroemt.de\/index.php?rest_route=\/wp\/v2\/types\/post"}],"author":[{"embeddable":true,"href":"https:\/\/www.unterstroemt.de\/index.php?rest_route=\/wp\/v2\/users\/5"}],"replies":[{"embeddable":true,"href":"https:\/\/www.unterstroemt.de\/index.php?rest_route=%2Fwp%2Fv2%2Fcomments&post=31034"}],"version-history":[{"count":15,"href":"https:\/\/www.unterstroemt.de\/index.php?rest_route=\/wp\/v2\/posts\/31034\/revisions"}],"predecessor-version":[{"id":31071,"href":"https:\/\/www.unterstroemt.de\/index.php?rest_route=\/wp\/v2\/posts\/31034\/revisions\/31071"}],"wp:attachment":[{"href":"https:\/\/www.unterstroemt.de\/index.php?rest_route=%2Fwp%2Fv2%2Fmedia&parent=31034"}],"wp:term":[{"taxonomy":"category","embeddable":true,"href":"https:\/\/www.unterstroemt.de\/index.php?rest_route=%2Fwp%2Fv2%2Fcategories&post=31034"},{"taxonomy":"post_tag","embeddable":true,"href":"https:\/\/www.unterstroemt.de\/index.php?rest_route=%2Fwp%2Fv2%2Ftags&post=31034"}],"curies":[{"name":"wp","href":"https:\/\/api.w.org\/{rel}","templated":true}]}}