{"id":31165,"date":"2025-08-18T17:50:34","date_gmt":"2025-08-18T15:50:34","guid":{"rendered":"https:\/\/www.unterstroemt.de\/?p=31165"},"modified":"2025-08-18T17:50:34","modified_gmt":"2025-08-18T15:50:34","slug":"er-ist-wieder-da","status":"publish","type":"post","link":"https:\/\/www.unterstroemt.de\/?p=31165","title":{"rendered":"Er ist wieder da"},"content":{"rendered":"<p>Der Gegelte ist wieder aufgetaucht. Und zwar im direkten Umfeld der Bundesregierung. Das verhei\u00dft nichts Gutes &#8230;<\/p>\n<p>Der L\u00fcgenbaron von und zu Guttenberg hat sich ja damals aus der aktiven Politik zur\u00fcckgezogen, nachdem nicht nur klar wurde, dass er in seiner Doktorarbeit unsauber gearbeitet hat, sondern er zudem noch die \u00d6ffentlichkeit deswegen dreist belogen hatte.<\/p>\n<p>Da nutzten auch alle sch\u00f6nen <em>BILD<\/em>-Storys \u00fcber den sch\u00f6n gegelten Karl-Theodor und seine schicke Frau, die ihm bei der <em>Das Goldene Blatt<\/em>-Fraktion ein exzellentes Image verpasst haben, nichts mehr. Wenn schon nicht der Kundus-Vorfall zu einem R\u00fccktritt f\u00fchrte, so reichte 2011 immerhin noch ein derartiges Gebaren f\u00fcr ein Abtreten von der politischen B\u00fchne. Heutzutage w\u00fcrde er vermutlich immer noch neben Jens Spahn im Parlament sitzen und sich einen feixen.<\/p>\n<p>Zwischendurch lobbyierte Guttenberg dann noch mal ganz direkt bei Angela Merkel im Rahmen von deren Chinareise 2019 f\u00fcr Wirecard, und das zu einem Zeitpunkt, als im Grunde schon absehbar war, was f\u00fcr eine betr\u00fcgerische Windbeutelklitsche der Laden war (s. <a href=\"https:\/\/www.abgeordnetenwatch.de\/recherchen\/lobbyismus\/angela-merkel-bat-guttenberg-um-argumentationshilfe-zu-wirecard\" target=\"_blank\" rel=\"noopener\">hier<\/a>). Aber auch das passt ja irgendwie zum Gegelten, finde ich.<\/p>\n<p>Da vermutlich nicht mal die CDU einen derart verbrannten und unseri\u00f6sen Politdarsteller wieder in ein Amt hieven k\u00f6nnte, ohne massiver Kritik ausgesetzt zu sein, geht es nun auf etwas indirekterem Wege: Die Traumfamilie der Guttenbergs existiert n\u00e4mlich seit 2022\/2023 nicht mehr, im April wurde die Ehe geschieden. W\u00e4hrend alle, die ihn f\u00fcr einen ach so guten Politiker mit Format hielten, aber im Grunde eigentlich doch im Grunde nur einen Aristokraten zum Aufblicken haben wollten, Rotz und Wasser heulten, gab Guttenberg dann am gleichen Tag bekannt, dass er mit Katherina Reiche zusammen sein w\u00fcrde. Ja, richtig, die Gaslobbyistin, die gerade als Bundeswirtschaftsministerin eine denkbar miese Figur abgibt und somit Teil der schlechtesten Bundesregierung aller Zeiten.<\/p>\n<p>Das ist nun nicht nur etwas f\u00fcr <em>BILD<\/em> (und auch andere, wie beispielsweise der <em>Spiegel<\/em>, die damals Guttenberg st\u00e4ndig \u00fcber den gr\u00fcnen Klee gelobt haben), um wieder tolle Homestorys auf Klatschblattniveau raushauen zu k\u00f6nnen, sondern bedeutet auch, dass der Ex-Bundeswirtschaftsminister nun nur um eine Ecke wieder Zugriff auf sein ehemaliges Amt hat.<\/p>\n<p>Und das scheint er ja auch weidlich schon zu nutzen, denn zumindest w\u00fcrde das erkl\u00e4ren, warum Reiche nun schon \u00f6fter mit Fake News (oder wie man 2011 noch sagte: L\u00fcgen) aufgefallen ist, vor allem wenn es darum ging, erneuerbare Energien schlechter und fossiles Gas besser dastehen zu lassen. W\u00fcrde mich zumindest nicht wundern, wenn sie sich da von ihrem Betthupferl den einen oder anderen Tipp, wie man es mit der Wahrheit nicht so genau nimmt und die \u00d6ffentlichkeit hinters Licht f\u00fchrt, zukommen lie\u00dfe.<\/p>\n<p>Und der Gegelte freut sich bestimmt auch, auf diese Weise \u00fcber den ganz, ganz kurzen Dienstweg wieder ein bisschen politische Einfl\u00fcsterung betreiben und damit Einfluss aus\u00fcben zu k\u00f6nnen. W\u00e4re dann quasi eine Win-win-Situation f\u00fcr die politisch unerfahrene Ministerin und den politisch erfahrenen Ex-Minister. Gut, f\u00fcr alle anderen, die sich eine fachkompetente und saubere Wirtschaftspolitik w\u00fcnschen, eher eine Lose-lose-Situation, aber so was d\u00fcrfte Ihro gegelte Durchlaucht sicherlich nicht anfechten.<\/p>\n<p>Geschichten, die das Leben schreibt &#8211; und auf die zumindest ich gern h\u00e4tten verzichten k\u00f6nnen &#8230;<\/p>\n","protected":false},"excerpt":{"rendered":"<p>Der Gegelte ist wieder aufgetaucht. Und zwar im direkten Umfeld der Bundesregierung. Das verhei\u00dft nichts Gutes &#8230;<\/p>\n","protected":false},"author":3,"featured_media":0,"comment_status":"open","ping_status":"open","sticky":false,"template":"","format":"standard","meta":{"footnotes":""},"categories":[55],"tags":[829,1226,1227,212],"class_list":["post-31165","post","type-post","status-publish","format-standard","hentry","category-blog","tag-cdu-csu","tag-guttenberg","tag-katherina-reiche","tag-korruption"],"_links":{"self":[{"href":"https:\/\/www.unterstroemt.de\/index.php?rest_route=\/wp\/v2\/posts\/31165","targetHints":{"allow":["GET"]}}],"collection":[{"href":"https:\/\/www.unterstroemt.de\/index.php?rest_route=\/wp\/v2\/posts"}],"about":[{"href":"https:\/\/www.unterstroemt.de\/index.php?rest_route=\/wp\/v2\/types\/post"}],"author":[{"embeddable":true,"href":"https:\/\/www.unterstroemt.de\/index.php?rest_route=\/wp\/v2\/users\/3"}],"replies":[{"embeddable":true,"href":"https:\/\/www.unterstroemt.de\/index.php?rest_route=%2Fwp%2Fv2%2Fcomments&post=31165"}],"version-history":[{"count":5,"href":"https:\/\/www.unterstroemt.de\/index.php?rest_route=\/wp\/v2\/posts\/31165\/revisions"}],"predecessor-version":[{"id":31170,"href":"https:\/\/www.unterstroemt.de\/index.php?rest_route=\/wp\/v2\/posts\/31165\/revisions\/31170"}],"wp:attachment":[{"href":"https:\/\/www.unterstroemt.de\/index.php?rest_route=%2Fwp%2Fv2%2Fmedia&parent=31165"}],"wp:term":[{"taxonomy":"category","embeddable":true,"href":"https:\/\/www.unterstroemt.de\/index.php?rest_route=%2Fwp%2Fv2%2Fcategories&post=31165"},{"taxonomy":"post_tag","embeddable":true,"href":"https:\/\/www.unterstroemt.de\/index.php?rest_route=%2Fwp%2Fv2%2Ftags&post=31165"}],"curies":[{"name":"wp","href":"https:\/\/api.w.org\/{rel}","templated":true}]}}