{"id":31396,"date":"2025-10-10T10:56:55","date_gmt":"2025-10-10T08:56:55","guid":{"rendered":"https:\/\/www.unterstroemt.de\/?p=31396"},"modified":"2025-10-10T10:56:55","modified_gmt":"2025-10-10T08:56:55","slug":"jetzt-gehts-um-die-wurst","status":"publish","type":"post","link":"https:\/\/www.unterstroemt.de\/?p=31396","title":{"rendered":"Jetzt geht&#8217;s um die Wurst &#8230;"},"content":{"rendered":"<p>&#8230; und ums Schnitzel, den Burger, das Geschnetzelte und was es sonst noch so an Fleischprodukten gibt, die nicht mehr unbedingt aus Fleisch bestehen m\u00fcssen.<\/p>\n<p>Denn vorgestern hat das EU-Parlament mit den Stimmen der konservativen EVP (der auch die CDU\/CSU angeh\u00f6rt) und der extremen Rechten beschlossen, dass vegetarische Fleischersatzprodukte nicht mehr so bezeichnet werden d\u00fcrfen wie ihre Pendants aus Fleisch (s. <a href=\"https:\/\/www.rnd.de\/politik\/schnitzel-burger-wurst-eu-parlament-stimmt-fuer-verbot-des-veggie-schnitzels-3B42WEWEDRFYLKT2J5GJCJXGZE.html\" target=\"_blank\" rel=\"noopener\">hier<\/a>). Das muss zwar noch von den 27 einzelnen EU-Staaten so gebilligt werden, und da ist es fraglich, ob dieser Unfug dann auch tats\u00e4chlich zur Umsetzung kommt. Bezeichnend f\u00fcr den Zustand der CDU\/CSU ist der Vorgang aber allemal.<\/p>\n<p>Nicht nur sieht man daran, dass sich die CDU mittlerweile in puncto Kulturkampf strikt an der Seite der Rechtsradikalen befindet, sondern es wird auch deutlich, wie lobbyistenh\u00f6rig und verlogen die Union mal wieder agiert.<\/p>\n<p>Nat\u00fcrlich ist es kein Wunder, dass eine Partei, deren Bundeskanzler im Wahlkampf bei McDonald&#8217;s zum Futtern war, die einen Vorsitzenden ihres lokalen bayrischen Ablegers hat, der sich \u00f6fter an Wurtsbuden Fast-Food-Fleisch reingiert, als seiner Abgeordnetent\u00e4tigkeit nachzugehen, und die einen Schlachter mit fragw\u00fcrdigem Gesch\u00e4ftsgebaren zum Bundeslandwirtschaftsminister ernennt, ein Herz f\u00fcr Fleischesser und die Fleischindustrie hat. Und die Fleischerzeuger sehen es nat\u00fcrlich gar nicht gern, dass immer mehr Menschen auf fleischlose Alternativen zugreifen.<\/p>\n<p>Was also machen? Genau, den Anbietern von vegetarischen Schnitzeln und Co. m\u00f6glichst viele St\u00f6cke in die Speichen stecken. Und zwar indem man denen untersagt, ihre Produkte so zu benennen, wie es am naheliegendsten ist.<\/p>\n<p>Das ist auf so vielen Ebenen vollkommen d\u00e4mlich, dass ich gar nicht wei\u00df, wo ich anfangen soll &#8230;<\/p>\n<p>O. k., dann probier ich&#8217;s mal: Hier wird also eine innovative und zukunftstr\u00e4chtige Branche zurechtgestutzt und behindert. Hat ja mit der Solar- und Windenergie oder bei der Autoindustrie mit dem Beharren auf dem Verbrenner statt einer Umstellung auf E-Autos auch so richtig gut geklappt. Das wird nun alles anderswo hergestellt und muss beispielsweise aus China importiert werden. Ist also keine richtig schlaue Idee, bei einer auf Export ausgerichteten Wirtschaft die Branchen zu drangsalieren, die Dinge herstellen, die Menschen in anderen L\u00e4ndern lieber haben wollen als \u00fcberholten Kram, an dem Ewiggestrige immer noch festhalten wollen. Hat ja dann auch Zehntausende Arbeitspl\u00e4tze in der Solar- und Windenergiebranche gekostete und die deutsche Autoindustrie in eine Krise gest\u00fcrzt, weil die eben auch von ewiggestrigen Betonk\u00f6pfen gemanagt wird, die lieber Abschaltautomatiken f\u00fcr Abgastests entwickeln lie\u00dfen statt g\u00fcnstiger elektrischer Kleinwagen.<\/p>\n<p>Dann ist viel Fleischkonsum in vielerlei Hinsicht problematisch. Zum einen nat\u00fcrlich f\u00fcr die daf\u00fcr immer noch oft in qu\u00e4lerischer Massentierhaltung eingepferchten Tiere, dann sind die durch die Massentierhaltung gef\u00f6rderten Antibiotikaresistenzen ein gro\u00dfes Problem, zudem ist viel Fleischkonsum schlecht f\u00fcrs Klima aufgrund der damit verbundenen hohen CO2-Emissionen, und die Nitratbelastung des Grundwassers, die vor allem auf die Tierhaltung zur\u00fcckzuf\u00fchren ist, ist auch nicht eben toll. Wenn es also Menschen, die gern Fleisch essen, aber aus ethischen Gr\u00fcnden darauf verzichten oder zumindest ihren Fleischkonsum reduzieren wollen, Produkte angeboten werden, die ein \u00e4hnliches Geschmackserlebnis bieten, nur eben auf pflanzlicher Basis, dann sollte das eigentlich gef\u00f6rdert statt behindert werden.<\/p>\n<p>Kommen wir zur sprachlichen Ebene: Wenn jemand ein Brath\u00e4hnchen aus Soja nachformt (hab ich echt so schon gesehen), dann k\u00f6nnte ich f\u00fcr diesen Fall schon verstehen, dass man das eher nicht &#8222;Brath\u00e4hnchen&#8220; nennen sollte. Bei Wurst, Schnitzel, Burger und Co. sieht das hingegen komplett anders aus, denn es gibt ja kein Wurst- oder Schnitzeltier, dass genauso aussieht wie eine Wurst oder ein Schnitzel, sondern mit diesen Begriffen wird die Form bezeichnet. Schlie\u00dflich k\u00e4me auch niemand auf die Idee, eine Kackwurst zu essen, und Schnitzel kommt eben daher, dass da was abgeschnitten wurde von einem gr\u00f6\u00dferen St\u00fcck. Warum sollte man nun also etwas Wurstf\u00f6rmiges nicht Wurst und etwas in Schnitzelform nicht Schnitzel nennen? Das ergibt \u00fcberhaupt keinen Sinn.<\/p>\n<p>Zudem sind ja auch f\u00fcr andere Konsumg\u00fcter Bezeichnungen \u00fcblich, die doppeldeutig sind. Scheuer- oder Sonnenmilch sollte man nicht in den Kaffee sch\u00fctten, Leberk\u00e4se hat nichts mit K\u00e4se zu tun (und meistens auch nichts mit Leber), Bockwurst kommt nicht vom Ziegenbock, Farmersalat enth\u00e4lt keine klein geschnittenen Landwirte, mit Nuss-Nugat-Creme sollte man sich besser nicht die H\u00e4nde eincremen, Kinder-Schokolade ist keine Nascherei f\u00fcr Kannibalen, Eischnee f\u00e4llt nicht vom Himmel, Fleischtomaten sind rein pflanzlich und so weiter und so fort. Alles kein Problem, das richtig zu verstehen &#8211; aber ausgerechnet bei einem Veggie-Schnitzel sollen die Verbraucher nun nicht wissen, was es damit auf sich hat? Christoph Sieber hat das in einem kleinen <a href=\"https:\/\/www.facebook.com\/watch?v=1864944670774911\" target=\"_blank\" rel=\"noopener\">Video auf seiner Facebook-Wall<\/a> sehr gut zusammengefasst &#8211; und benennt auch deutlich, dass es dabei nicht um die Verbraucher, sondern um knallharte wirtschaftliche Interessen geht.<\/p>\n<p>Vor allem: Wovor soll der Verbraucher denn unbedingt gesch\u00fctzt werden? Wenn nun wirklich jemand nicht rafft, dass ein als &#8222;Veggie-Schnitzel&#8220; bezeichnetes Produkt kein Fleisch enth\u00e4lt, welcher Gefahr w\u00e4re derjenige dann ausgesetzt, wenn er dann das Ding tats\u00e4chlich essen w\u00fcrde? Explodieren Fleischfanatiker etwa, wenn sie eine gr\u00f6\u00dfere Menge Tofu zu sich nehmen? Vermutlich eher nicht. Vielmehr sind solche vegetarischen Alternativen in der Regel wesentlich ges\u00fcnder als Fleischprodukte, in denen oft genug beispielsweise Antibiotika enthalten sind, die n\u00e4mlich nicht in der Zutatenliste aufgef\u00fchrt sind.<\/p>\n<p>Dabei g\u00e4be es ja durchaus im Lebensmittelbereich Sachen, die reguliert werden k\u00f6nnten. Beispielsweise richtig irref\u00fchrende Bezeichnungen, so wie Schwarzw\u00e4lder Schinken, der nie auch nur in die N\u00e4he des Schwarzwaldes gekommen ist, oder Pfirsichtee, in dem keine Spur von Pfirsich, sondern nur Zucker und k\u00fcnstliche Aromen enthalten sind. Und dann k\u00f6nnte man auch eine verpflichtende Lebensmittelampel einf\u00fchren, wie von NGOs wie <em>Foodwatch<\/em> schon l\u00e4nger gefordert wird, damit die Verbraucher auf einen Blick erkennen k\u00f6nnen, wie gesund oder ungesund ein Lebensmittel ist. Ach ja, eine Begrenzung des Zuckeranteils f\u00fcr kinderspezifische Nahrungsmittel w\u00e4re auch eine tolle Sache.<\/p>\n<p>Und nun ratet mal, wer bei solchen Regulierungsvorschl\u00e4gen immer auf der Bremse steht und verhindert, dass derartiger Verbraucherschutz umgesetzt wird. Genau: die CDU\/CSU. Wie unglaublich verlogen kann man eigentlich sein, wenn man nun diesen Bl\u00f6dsinn der Schnitzel- und Wurstbezeichnung von Veggie-Produkten als Verbraucherschutz verkaufen m\u00f6chte?<\/p>\n<p>Das ist nichts anderes als Kulturkampf, denn von Rechtsau\u00dfen wird ja so was immer schon gefordert, die haben&#8217;s ja eh nicht so mit Veggie-Sachen &#8211; ist denen zu modern. Ich denke da nur an Alice Weidel, die mal b\u00f6lkte, dass sie sich ihr Schnitzel nicht verbieten lassen wolle. Das wollte zwar auch niemand machen, aber immerhin hat es gereicht, um ein bisschen &#8222;Jawohl!&#8220;-Gegr\u00f6le beim verbl\u00f6deten blaubraunen Anhang zu erzeugen.<\/p>\n<p>Und damit hat es sich dann mit der CDU-Verlogenheit noch lange nicht. Die haben ja gerade die Mehrwertsteuer f\u00fcr Gastronomiebetriebe gesenkt, angeblich um diese in den heutigen krisenhaften Zeiten zu unterst\u00fctzen. McDonald&#8217;s und Co. wissen schon, warum sie Merz und S\u00f6der immer sch\u00f6n ihre ranzigen Bulettenbr\u00f6tchen verabreicht haben. Und nun w\u00e4re, sollte das Benennungsverbot tats\u00e4chlich umgesetzt werden, das vor allem f\u00fcr kleine Restaurantbetriebe im Verh\u00e4ltnis sehr teuer, neue Speisekarten drucken zu lassen, auf denen dann eben nicht mehr &#8222;vegane Currywurst&#8220; oder &#8222;vegetarisches Schnitzel&#8220; stehen darf. Wie toll das f\u00fcr solche Betriebe ist, hat das Restaurant Palmengarten auf seiner <a href=\"https:\/\/www.facebook.com\/palmengartenkoeln\/posts\/pfbid0HwSjR8uaeRd9tBq89SzWc1qGGhhYosZvB5p8tC7s6vcy3QECK7xq4vL4whwi3yHul\" target=\"_blank\" rel=\"noopener\">Facebook-Wall<\/a> sehr treffend kommentiert:<\/p>\n<p><img loading=\"lazy\" decoding=\"async\" class=\"aligncenter wp-image-31405\" src=\"https:\/\/www.unterstroemt.de\/wp-content\/uploads\/Bildschirmfoto-2025-10-09-um-19.22.11-187x300.png\" alt=\"\" width=\"600\" height=\"964\" srcset=\"https:\/\/www.unterstroemt.de\/wp-content\/uploads\/Bildschirmfoto-2025-10-09-um-19.22.11-187x300.png 187w, https:\/\/www.unterstroemt.de\/wp-content\/uploads\/Bildschirmfoto-2025-10-09-um-19.22.11-637x1024.png 637w, https:\/\/www.unterstroemt.de\/wp-content\/uploads\/Bildschirmfoto-2025-10-09-um-19.22.11-768x1234.png 768w, https:\/\/www.unterstroemt.de\/wp-content\/uploads\/Bildschirmfoto-2025-10-09-um-19.22.11-956x1536.png 956w, https:\/\/www.unterstroemt.de\/wp-content\/uploads\/Bildschirmfoto-2025-10-09-um-19.22.11-1275x2048.png 1275w, https:\/\/www.unterstroemt.de\/wp-content\/uploads\/Bildschirmfoto-2025-10-09-um-19.22.11-1320x2121.png 1320w, https:\/\/www.unterstroemt.de\/wp-content\/uploads\/Bildschirmfoto-2025-10-09-um-19.22.11.png 1404w\" sizes=\"auto, (max-width: 600px) 100vw, 600px\" \/><\/p>\n<p>Ich hoffe, dass m\u00f6glichst viele Restaurants auch so Haltung zeigen und den Quatsch dann einfach nicht mitmachen w\u00fcrden.<\/p>\n<p>Und dann spricht Maurice H\u00f6fgen in einem kurzen <a href=\"https:\/\/www.facebook.com\/watch?v=840363115224864\" target=\"_blank\" rel=\"noopener\">Facebook-Video<\/a> auch noch etwas an, was man dabei ebenfalls bedenken sollte: Wie albern ist es eigentlich, dass sich das EU-Parlament ernsthaft mit so einer Lappalie besch\u00e4ftigt und eine Abstimmung deswegen durchf\u00fchrt? Und das muss nun ja noch weiterverhandelt werden mit den Regierungen der 27 Mitgliedsl\u00e4ndern. Wenn der Spruch &#8222;Gibt es denn nichts Wichtigeres zu tun?&#8220; irgendwo mal passen w\u00fcrden, dann wohl an dieser Stelle. Im Grunde wirklich peinlich &#8230;<\/p>\n<p>Die CDU ist ja sonst immer daf\u00fcr, m\u00f6glichst nicht in den freien Markt einzugreifen, und str\u00e4ubt sich gegen jede Art von Verbraucherschutz, wenn dadurch Unternehmensinteressen gef\u00e4hrdet werden k\u00f6nnten. Auch palavert man von deren Seite aus gern von zu viel B\u00fcrokratie &#8211; nur um jetzt einen b\u00fcrokratischen Eingriff in die Lebensmittelregale vorzunehmen, der keinem Verbraucher, sondern nur rechten Kulturk\u00e4mpfern etwas bringt. Da ist sie dann schon wieder, die CDU-typische Verlogenheit.<\/p>\n<p>Und was noch hinzukommt: Gerade vonseiten der CDU und der Rechten, die nun im EU-Parlament f\u00fcr diesen Mumpitz gestimmt haben, erlebt man ja ansonsten wenig Bereitschaft, Begriffe nicht mehr zu verwenden, die von anderen Menschen als diskriminierend empfunden werden k\u00f6nnen, so wie beispielsweise &#8222;N&#8230;.kuss&#8220; oder &#8222;Z&#8230;&#8230;.schnitzel&#8220;. Da geht dann die abendl\u00e4ndische Kultur den Bach runter, wenn man stattdessen &#8222;Schaumkuss&#8220; oder &#8222;Balkanschnitzel&#8220; sagt, und es wir gekeift, dass die Sprachpolizei einem vorschreiben m\u00f6chte, wie man zu sprechen hat. \u00c4hnliches ist beim Gendern zu beobachten &#8211; nur dass das eben niemandem vorgeschrieben wird, aber von Rechten dann, so zum Beispiel in Bayern, ausdr\u00fccklich verboten wird.<\/p>\n<p>Aber logisch: Die Linken und die Gr\u00fcnen sind ja die Sprachpolizei, die immer nur alles verbieten wollen. Ja, nee, is&#8216; klar &#8230;<\/p>\n<p>Wer wirklich glaubt, dass er mit diesem korrupten und verlogenen Haufen ernsthafte Politik machen kann, der zieht sich die Hose auch mit der Kneifzange an. Kein Wunder, dass die CDUler sich immer mehr an die noch bescheuerteren AfDler ranwanzen. Das wird ein Spa\u00df, wenn dann verlogene Dummheit mit noch verlogenerer Komplettverbl\u00f6dung die Marschrichtung vorgibt hierzulande in absehbarer Zukunft.<\/p>\n<p>Soll keiner sagen, dass man nicht ahnen konnte, was da kommen wird &#8230;<\/p>\n","protected":false},"excerpt":{"rendered":"<p>&#8230; und ums Schnitzel, den Burger, das Geschnetzelte und was es sonst noch so an Fleischprodukten gibt, die nicht mehr unbedingt aus Fleisch bestehen m\u00fcssen.<\/p>\n","protected":false},"author":3,"featured_media":0,"comment_status":"open","ping_status":"open","sticky":false,"template":"","format":"standard","meta":{"footnotes":""},"categories":[50,52,51],"tags":[829,85,1019,155],"class_list":["post-31396","post","type-post","status-publish","format-standard","hentry","category-politisches","category-soziales","category-wirtschaftliches","tag-cdu-csu","tag-eu","tag-fleischindustrie","tag-konsumverhalten"],"_links":{"self":[{"href":"https:\/\/www.unterstroemt.de\/index.php?rest_route=\/wp\/v2\/posts\/31396","targetHints":{"allow":["GET"]}}],"collection":[{"href":"https:\/\/www.unterstroemt.de\/index.php?rest_route=\/wp\/v2\/posts"}],"about":[{"href":"https:\/\/www.unterstroemt.de\/index.php?rest_route=\/wp\/v2\/types\/post"}],"author":[{"embeddable":true,"href":"https:\/\/www.unterstroemt.de\/index.php?rest_route=\/wp\/v2\/users\/3"}],"replies":[{"embeddable":true,"href":"https:\/\/www.unterstroemt.de\/index.php?rest_route=%2Fwp%2Fv2%2Fcomments&post=31396"}],"version-history":[{"count":12,"href":"https:\/\/www.unterstroemt.de\/index.php?rest_route=\/wp\/v2\/posts\/31396\/revisions"}],"predecessor-version":[{"id":31409,"href":"https:\/\/www.unterstroemt.de\/index.php?rest_route=\/wp\/v2\/posts\/31396\/revisions\/31409"}],"wp:attachment":[{"href":"https:\/\/www.unterstroemt.de\/index.php?rest_route=%2Fwp%2Fv2%2Fmedia&parent=31396"}],"wp:term":[{"taxonomy":"category","embeddable":true,"href":"https:\/\/www.unterstroemt.de\/index.php?rest_route=%2Fwp%2Fv2%2Fcategories&post=31396"},{"taxonomy":"post_tag","embeddable":true,"href":"https:\/\/www.unterstroemt.de\/index.php?rest_route=%2Fwp%2Fv2%2Ftags&post=31396"}],"curies":[{"name":"wp","href":"https:\/\/api.w.org\/{rel}","templated":true}]}}