{"id":31488,"date":"2025-10-26T11:21:45","date_gmt":"2025-10-26T10:21:45","guid":{"rendered":"https:\/\/www.unterstroemt.de\/?p=31488"},"modified":"2025-11-03T11:58:08","modified_gmt":"2025-11-03T10:58:08","slug":"interessantes-aus-kw-43-2025","status":"publish","type":"post","link":"https:\/\/www.unterstroemt.de\/?p=31488","title":{"rendered":"Interessantes aus KW 43\/2025"},"content":{"rendered":"<p>An dieser Stelle pr\u00e4sentieren wir regelm\u00e4\u00dfig Links, die wir unter der Woche entdeckt haben, zu denen wir selbst nicht mehr viel schreiben m\u00fcssen und die wir teilenswert finden. Viel Spa\u00df beim Lesen und Anschauen!<\/p>\n<p>1. Die ehemalige Staatsanw\u00e4ltin Anne Brorhilker erl\u00e4utert in einem <a href=\"https:\/\/www.blaetter.de\/ausgabe\/2025\/oktober\/wirtschaftskriminalitaet-das-grosse-staatsversagen\" target=\"_blank\" rel=\"noopener\">Artikel in den <em>Bl\u00e4ttern f\u00fcr deutsche und internationale Politik<\/em><\/a>, warum es nicht nur finanziell fatal ist, die Cum-Ex- und Cum-Cum-Verbrechen nicht konsequent aufzukl\u00e4ren und das so erbeutete Geld nicht zur\u00fcckzufordern, sondern auch f\u00fcr das demokratische Verst\u00e4ndnis alles andere als gut ist. So entsteht n\u00e4mlich, da gleichzeitig von denen, die eine sch\u00fctzende Hand \u00fcber die Cum-Betr\u00fcger halten, h\u00e4rtere Sanktionen gegen B\u00fcrgergeldempf\u00e4nger gefordert werden, der Eindruck: Die Kleinen h\u00e4ngt man, die Gro\u00dfen l\u00e4sst man laufen. Vertrauen in die Politik wird so in jedem Fall nicht aufgebaut. [Karl]<\/p>\n<p>2. Die rassistische Aussage von Friedrich Merz, dass Ausl\u00e4nder im Stadtbild ein Problem seien, dass durch umfassende R\u00fcckf\u00fchrungen gel\u00f6st werden soll, hat f\u00fcr viel Wirbel gesorgt &#8211; und das auch zu Recht. Sasha Marianna Salzmann stellt nun in einem <a href=\"https:\/\/taz.de\/Autorin-zur-Stadtbild-Debatte\/!6121676\/\" target=\"_blank\" rel=\"noopener\">Kommentar in der <em>taz<\/em><\/a> fest, dass dieser Kanzler-Traum schon l\u00e4nger von Rechtsextremen umgesetzt wird, die Menschen, die nicht deutsch genug aussehen, jagen, verpr\u00fcgeln oder sogar ermorden. So gibt Merz den Stichwortgeber f\u00fcr v\u00f6lkisches Denken, und das unterscheidet nun mal nicht zwischen gut integrierten und produktiv t\u00e4tigen Migranten und solchen, die das nicht sind. [Karl]<\/p>\n<p>3. Und gleich noch was zum Rassismus des Bundeskanzlers: Nachdem er ja sogar noch mal nachgelegt, seine eklige Aussage best\u00e4tigt und zudem darauf verwiesen hat, dass ja wohl vor allem die T\u00f6chter (also junge Frauen) Angst haben m\u00fcssten vor Migranten, hagelt es nun Kommentare in den sozialen Medien von T\u00f6chtern, die das ein bisschen anders sehen als die Frietzpiepe. Ein <a href=\"https:\/\/www.spiegel.de\/politik\/deutschland\/friedrich-merz-und-das-stadtbild-so-reagiert-das-netz-auf-seine-toechter-aussage-a-5eb7030c-11c3-4bca-a804-1ac2348514e1\" target=\"_blank\" rel=\"noopener\">Artikel auf <em>Spiegel Online<\/em><\/a> fasst mal einiges davon zusammen. Und da wird deutlich: Die T\u00f6chter haben da eine wesentlich realistischere Sichtweise, was sie als Problem im Stadtbild sehen, n\u00e4mlich vor allem die Verw\u00fcstungen des Neoliberalismus. Und was die Sicherheit angeht, verweisen viele auf die Tatsache, dass die meisten Femizide und \u00dcbergriffe auf Frauen im h\u00e4uslichen Umfeld stattfinden &#8211; also genau dort, vor Merz noch vor einigen Jahren fand, dass Vergewaltigungen nicht strafbar sein sollten. Was seine Aussage dann noch mal etwas widerw\u00e4rtiger macht. [Karl]<\/p>\n<p>4. Merz&#8216; Rassismus zum Dritten: Nicht nur in sozialen Medien, sondern auch ganz konkret auf der Stra\u00dfe \u00e4u\u00dfern vor allem Frauen ihren Unmut \u00fcber die vom Bundeskanzler get\u00e4tigten Aussagen zum Stadtbild und der Sicherheit von T\u00f6chtern, die vermeintlich nur durch Nichtdeutsche gef\u00e4hrdet w\u00e4re. Bei einer Demo in Berlin von der CDU-Parteizentrale fanden etliche Teilnehmer laut einem <a href=\"https:\/\/taz.de\/Toechter-Demo-in-Berlin\/!6122916\/\" target=\"_blank\" rel=\"noopener\">Artikel in der <em>taz<\/em><\/a> deutlich kritische Worte, die nicht nur den Rassismus dieser Merz-Aussagen als \u00fcbel bezeichneten, sondern auch darauf verwiesen, dass mit solchen Aussagen nur Spalterei betrieben und weder etwas f\u00fcr die Sicherheit von Frauen noch gegen die tats\u00e4chlichen Probleme im Stadtbild getan w\u00fcrde. [Karl]<\/p>\n<p>5. Der Anschlag mit einem Auto auf den Magdeburger Weihnachtsmarkt vom Dezember letzten Jahres wurde ja von Rechten mit Genuss ausgeschlachtet, da der T\u00e4ter Araber war. Was damals allerdings schon vermutet werden konnte, ist nun dank eines Gutachtens f\u00fcr den Untersuchungsausschuss im Landtag, \u00fcber das ein <a href=\"https:\/\/www.tag24.de\/magdeburg\/crime\/gutachten-amokfahrer-von-magdeburg-ist-rechtsextremer-terrorist-3431077\" target=\"_blank\" rel=\"noopener\">Artikel von <em>Tag24<\/em><\/a> berichtet, Gewissheit: Taleb A. war ein \u00fcberzeugter Rechtsextremist, der nicht nur schon jahrelang gegen Muslime und eine angebliche Islamisierung Europas wetterte, sondern der zudem auch seine Tat bereits vorher in sozialen Medien angek\u00fcndigt hat. Tja, um eine rechte Arschgeige zu sein, muss man nicht zwangsl\u00e4ufig deutsch sein. Die Einsch\u00e4tzung dieser m\u00f6rderischen Tat durch Generalbundesanwalt und Landeskriminalamt war also falsch, denn es handelt sich um einen rechtsterroristischen und damit politischen Anschlag. [Karl]<\/p>\n<p>6. Die CSU steht f\u00fcr eine harte, um nicht zu sagen starrsinnige Drogenpolitik. Umso peinlicher, wenn dann einer der ihren mit einem T\u00fctchen Koks erwischt wird. So geschehen vor dem M\u00fcnchner Nachclub &#8222;Palais&#8220;, wo beim Neubiberger B\u00fcrgermeister Thomas Pardeller (CSU) ein P\u00e4ckchen mit wei\u00dfem Pulver, dass er zun\u00e4chst nicht rausr\u00fccken wollte, von der Polizei sichergestellt wurde, wie aus einem <a href=\"https:\/\/www.sueddeutsche.de\/muenchen\/landkreismuenchen\/muenchen-buergermeister-kokain-csu-neubiberg-thomas-pardeller-polizei-li.3327255\" target=\"_blank\" rel=\"noopener\">Artikel in der <em>S\u00fcddeutschen Zeitung<\/em><\/a> hervorgeht. Nun ja, die erneute Nominierung Pardellers zum B\u00fcrgermeisterkandidat ist zumindest erst mal verschoben worden. H\u00e4tte er mal lieber gesoffen statt zu koksen, das ist ja bei der CSU grunds\u00e4tzlich kein Problem. [Karl]<\/p>\n<p>7. Dass die USA von einer Bands Fascho-Prolls regiert werden, wurde gerade mal wieder sehr deutlich, als sich die Pressesprecherin von Pr\u00e4sident Donald Trump einem Journalisten gegen\u00fcber deutlich im Ton vergriff. Dieser fragte sie \u00a0laut einem <a href=\"https:\/\/www.tagesspiegel.de\/internationales\/deine-mutter-trump-sprecherin-leavitt-beleidigt-journalisten-als-dieser-eine-frage-stellt-14618099.html\" target=\"_blank\" rel=\"noopener\">Artikel im <em>Tagesspiegel<\/em><\/a>, wer denn Budapest als Ort f\u00fcr das Treffen von Trump mit Russlands Pr\u00e4sident Wladimir Putin ausgesucht h\u00e4tte. Ihre Antwort: &#8222;Deine Mutter war&#8217;s!&#8220; Als wenn das nicht schon peinlich genug w\u00e4re, zeterte Karoline Leavitt danach weiter, dass der Fragesteller ja sowieso ein linker Schreiberling sei, der sich sowieso nicht f\u00fcr Fakten interessieren w\u00fcrde. Einfach nur noch zum Fremdsch\u00e4men! [Karl]<\/p>\n<p>8. Weitere Absurdit\u00e4ten aus dem Land der unbegrenzten Dummheit finden sich in einem <a href=\"https:\/\/www.spiegel.de\/ausland\/donald-trump-will-sich-offenbar-230-millionen-dollar-von-eigenem-justizministerium-auszahlen-lassen-a-beb872c1-a017-4de6-b281-d59f1e65672b\" target=\"_blank\" rel=\"noopener\">Artikel auf <em>Spiegel Online<\/em><\/a>: Dort verklagt der faschistische Machthaber Donald Trump gerade sein eigenes Justizministerium und will 230 Millionen US-Dollar Entsch\u00e4digung haben, da angeblich gegen ihn politisch motiviert und damit unzul\u00e4ssig ermittelt wurde. Das Geld w\u00fcrde er dann nach eigenen Bekundungen spenden wollen &#8211; na ja, wer&#8217;s glaubt &#8230; Aber andererseits \u00fcberall bei armen Menschen k\u00fcrzen &#8211; so ist das eben, wenn Faschisten an der Macht sind, da haben &#8222;die kleinen Leute&#8220;, die sie gew\u00e4hlt haben, nichts zu lachen, der Machthaber und seine Buddies hingegen schon, w\u00e4hrend sie sich die Taschen vollstopfen. [Karl]<\/p>\n<p>9. Weiter geht&#8217;s mit den USA: Die dortige rassistische Schl\u00e4gertruppe ICE vom Despoten Donald Trump hat offenbar Nachwuchsprobleme, sodass nun eine gro\u00df angelegte Werbekampagne zur Rekrutierung von neuen Schergen gestartet wurde. Unter anderem bekommen nun H\u00f6rer auf Spotify, die nur das Basisabo haben, entsprechende Spots, in denen nat\u00fcrlich Hetze gegen Migranten nicht fehlen darf, ungefragt vorgespielt, wie aus einem <a href=\"https:\/\/www.derstandard.at\/story\/3000000293112\/spotify-spielt-ice-werbung-samt-hetze-gegen-migranten-aus\" target=\"_blank\" rel=\"noopener\">Artikel im <em>Standard<\/em><\/a> hervorgeht. Viele User sind davon nicht begeistert und haben ihren Spotify-Account gek\u00fcndigt. Gute Entscheidung, zumal das ja nicht das Einzige ist, was gegen die Plattform von Ekelpaket Daniel Ek spricht. [Karl]<\/p>\n<p>10. Auch in Argentinien sitzt ein rechtsradikaler Proll auf dem Pr\u00e4sidentensitz, der libert\u00e4re Javier Milei. Dem droht laut einem <a href=\"https:\/\/www.n-tv.de\/politik\/Donald-Trump-sabotiert-eigene-Rettungsaktion-Javier-Mileis-angebliches-argentinisches-Wunder-koennte-zum-Albtraum-werden-article26111072.html\" target=\"_blank\" rel=\"noopener\">Artikel von <em>ntv<\/em><\/a> gerade (wen wundert&#8217;s) die heimische Wirtschaft um die Ohren zu fliegen, da seine Kettens\u00e4gen\u00f6konomie wohl doch nicht so toll funktioniert, wie er es gern h\u00e4tte und stets verk\u00fcndet. Sein Kumpel Donald Trump l\u00e4sst deswegen etliche Milliarden nach Argentinien flie\u00dfen. Das ist nicht nur aufgrund der angespannten Haushaltslage in den USA mit vielen Sparma\u00dfnahmen f\u00fcr viele US-Amerikaner nicht unbedingt nachvollziehbar, zudem erwartet Trump auch politische Erfolge von seinem Buddie Milei. Wenn diese ausbleiben sollten, dann k\u00f6nnte die argentinische Wirtschaft ohne die US-Hilfe richtig den Bach runtergehen. Wie gesagt: wen wundert&#8217;s? [Karl]<\/p>\n<p>11. Und schon wieder wird, wie ein <a href=\"https:\/\/www.sueddeutsche.de\/muenchen\/muenchen-prozess-afd-ingo-hahn-manipuliertes-video-bayern-landtag-li.3327199\" target=\"_blank\" rel=\"noopener\">Artikel in der <em>S\u00fcddeutschen Zeitung<\/em><\/a> berichtet, gegen einen AfD-Abgeordneten ermittelt und daher dessen Immunit\u00e4t aufgehoben. Diesmal ist es Ingo Hahn, jetzt im Bundestag f\u00fcr die Blaubraunen, zurzeit des verhandelten Vorgangs noch im bayrischen Landtag. Da wurde w\u00e4hrend einer Debatte zu Corona-Impfstoffen im Jahr 2021 ein Video erstellt, in dem Ausschnitte aus dem Parlament so zusammengeschnitten wurden, dass ein falsches Bild entsteht, um auf diese Weise eine Abgeordnete der Freien W\u00e4hler zu diffamieren und herabzuw\u00fcrdigen. Typisches AfD-Vorgehen also, und genauso typisch ist es auch, dass Hahn nun von alledem nichts gewusst haben will, obwohl sein Mitarbeiter, der dieses Video erstellt hat, aussagte, auf Hahns Anweisung zu handeln. L\u00fcgen, f\u00e4lschen, hetzen &#8211; alles mal wieder typisch f\u00fcr den blaubraunen Sauhaufen! [Karl]<\/p>\n<p>12. Die Polizei in Sachsen macht ihrem Ruf als rechtslastiger Haufen mal wieder alle Ehre: So wurde der Demo-Bus &#8222;Adenauer SRP+&#8220; des Zentrums f\u00fcr politische Sch\u00f6nheit nicht nur vor\u00fcbergehend stillgelegt, sondern auch beschlagnahmt vor einigen Wochen im Freistaat. Das Problem dabei, wie nun ein <a href=\"https:\/\/www.mdr.de\/nachrichten\/sachsen\/chemnitz\/zentrum-fuer-politische-schoenheit-bus-beschlagnahmung-rechtswidrig-100.html\" target=\"_blank\" rel=\"noopener\">Artikel vom <em>MDR<\/em><\/a> berichtet: Die Polizei gab an, einen daf\u00fcr notwendigen m\u00fcndlichen richterlichen Beschluss zu haben, die Richterin meint nun jedoch, dass sie diesen niemals ausgesprochen hat. Nun geht das Ganze vors Landgericht Chemnitz, das kl\u00e4ren muss, ob sich die Polizei eigenm\u00e4chtig \u00fcber das Gericht hinweggesetzt hat. Pikantes Detail am Rande: Ein rechter YouTuber hatte \u00fcber Interna der DEKRA-Pr\u00fcfung des Busses berichtet, als diese noch gar nicht \u00f6ffentlich waren. Willkommen im AfD-Land Sachsen! [Karl]<\/p>\n","protected":false},"excerpt":{"rendered":"<p>An dieser Stelle pr\u00e4sentieren wir regelm\u00e4\u00dfig Links, die wir unter der Woche entdeckt haben, zu denen wir selbst nicht mehr viel schreiben m\u00fcssen und die wir teilenswert finden. Viel Spa\u00df beim Lesen und Anschauen!<\/p>\n","protected":false},"author":5,"featured_media":0,"comment_status":"open","ping_status":"open","sticky":false,"template":"","format":"standard","meta":{"footnotes":""},"categories":[193],"tags":[],"class_list":["post-31488","post","type-post","status-publish","format-standard","hentry","category-woechentliches"],"_links":{"self":[{"href":"https:\/\/www.unterstroemt.de\/index.php?rest_route=\/wp\/v2\/posts\/31488","targetHints":{"allow":["GET"]}}],"collection":[{"href":"https:\/\/www.unterstroemt.de\/index.php?rest_route=\/wp\/v2\/posts"}],"about":[{"href":"https:\/\/www.unterstroemt.de\/index.php?rest_route=\/wp\/v2\/types\/post"}],"author":[{"embeddable":true,"href":"https:\/\/www.unterstroemt.de\/index.php?rest_route=\/wp\/v2\/users\/5"}],"replies":[{"embeddable":true,"href":"https:\/\/www.unterstroemt.de\/index.php?rest_route=%2Fwp%2Fv2%2Fcomments&post=31488"}],"version-history":[{"count":15,"href":"https:\/\/www.unterstroemt.de\/index.php?rest_route=\/wp\/v2\/posts\/31488\/revisions"}],"predecessor-version":[{"id":31552,"href":"https:\/\/www.unterstroemt.de\/index.php?rest_route=\/wp\/v2\/posts\/31488\/revisions\/31552"}],"wp:attachment":[{"href":"https:\/\/www.unterstroemt.de\/index.php?rest_route=%2Fwp%2Fv2%2Fmedia&parent=31488"}],"wp:term":[{"taxonomy":"category","embeddable":true,"href":"https:\/\/www.unterstroemt.de\/index.php?rest_route=%2Fwp%2Fv2%2Fcategories&post=31488"},{"taxonomy":"post_tag","embeddable":true,"href":"https:\/\/www.unterstroemt.de\/index.php?rest_route=%2Fwp%2Fv2%2Ftags&post=31488"}],"curies":[{"name":"wp","href":"https:\/\/api.w.org\/{rel}","templated":true}]}}