{"id":31505,"date":"2025-10-29T12:11:22","date_gmt":"2025-10-29T11:11:22","guid":{"rendered":"https:\/\/www.unterstroemt.de\/?p=31505"},"modified":"2025-10-29T12:11:22","modified_gmt":"2025-10-29T11:11:22","slug":"dopplestandards","status":"publish","type":"post","link":"https:\/\/www.unterstroemt.de\/?p=31505","title":{"rendered":"Dopplestandards"},"content":{"rendered":"<p>Wie sehr bei der Beurteilung von Dingen mittlerweile mehr oder weniger unterschwelliger Rassismus eine Rolle spielt hierzulande, kann man sich vor Augen f\u00fchren, wenn man sich zwei hypothetische Schlagzeilen vornimmt und sich die Reaktionen darauf vorstellt.<\/p>\n<p>Die erste Schlagzeile ist diese hier:<\/p>\n<p style=\"text-align: center;\"><strong>Unfallopfer wegen fehlender Versichertenkarte im Krankenhaus abgewiesen<\/strong><\/p>\n<p>Ich wei\u00df jetzt gar nicht genau, wie es rechtlich damit aussieht, aber gehen wir doch einfach mal davon aus, dass in Notaufnahmen zum einen immer sehr viel Betrieb ist und zum anderen ohnehin tendenziell zu wenige Besch\u00e4ftigte vorhanden sind, die dann zumeist auch noch reichlich \u00fcberarbeitet sind &#8211; was dann eben in Kombination zu dieser hypothetischen Situation gef\u00fchrt h\u00e4tte.<\/p>\n<p>Ich m\u00f6chte wetten, dass die Aufregung dar\u00fcber sehr gro\u00df w\u00e4re, man w\u00fcrde auf die B\u00fcrokratie schimpfen, die mal wieder typisch deutsch sei, und (durchaus zu Recht) darauf verweisen, dass man Menschen in Not helfen sollte, wenn sie denn schon bei einem auflaufen und um Hilfe bitten. Den Angestellten in der Notaufnahme w\u00fcrde man Unmenschlichkeit und Verantwortungslosigkeit vorwerfen, und das Krankenhaus d\u00fcrfte einen ziemlichen Imageschaden davontragen.<\/p>\n<p>Nun zur zweiten Schlagzeile:<\/p>\n<p style=\"text-align: center;\"><strong>Gefl\u00fcchteter wird wegen fehlender Ausweispapiere an Grenze abgewiesen<\/strong><\/p>\n<p>Im Grund ja ein recht \u00e4hnlicher Vorgang, aber ich sch\u00e4tze, dass die Reaktionen darauf komplett anders w\u00e4ren. Hier w\u00e4re bestimmt wenig Empathie vorhanden f\u00fcr die Person in Not, und zwar auch genau von denjenigen, die sich dem bei der Klinik Abgewiesenen gegen\u00fcber noch empathisch gezeigt haben. Wie kann man denn auch blo\u00df erwarten, ohne g\u00fcltige Papiere irgendwo reingelassen zu werden, wo diese eben Voraussetzungen sind, um korrekt behandelt zu werden? Und das hat dann nat\u00fcrlich auch gar nichts mit B\u00fcrokratie zu tun, aber Ordnung muss nun mal sein.<\/p>\n<p>Und au\u00dferdem ist der Gefl\u00fcchtete ja auch kein Deutscher &#8211; und genau das ist der entscheidende Unterschied in diesen beiden Szenarien. Und genau das ist eben auch die rassistische Komponente.<\/p>\n<p>Dass ein Unfallopfer seine Versichertenkarte nicht bei sich hat, diese eventuell noch am Unfallort liegen geblieben oder anderweitig verloren gegangen ist, ist f\u00fcr jeden nachvollziehbar. Dass ein Mensch aus einem Land, in dem es unter Umst\u00e4nden nicht einfach standardm\u00e4\u00dfig Ausweispapiere gibt oder diese f\u00fcr jemanden, der Probleme mit der dortigen Regierung hat, nicht so ohne Weiteres zu erhalten sind, ohne solche Dokumente unterwegs ist oder sie auf einem viele Tausend Kilometer langen Weg mit zahlreichen Unbilden eventuell verloren haben k\u00f6nnte, ist dann hingegen f\u00fcr genau die gleichen Leute nicht nachvollziehbar.<\/p>\n<p>Nat\u00fcrlich spielt auch eine geh\u00f6rige Portion Egoismus da mit rein, denn dass man selbst mal zum Unfallopfer wird, ist f\u00fcr die meisten nat\u00fcrlich wahrscheinlicher, als dass man sich auf die Flucht aus seiner Heimat begeben und in einem anderen Land um Asyl ersuchen muss. Aber Egoismus ist ja nun mal auch eine Komponente, die beim Rassismus stets eine Rolle spielt und die von der Sch\u00e4bigkeit her ja auch gut dazu passt.<\/p>\n<p>Und so stolpern auch die wenigsten \u00fcber den doch eigentlich offensichtlichen Widerspruch, dass es gerade diejenigen Politiker sind, die immer wieder zu viel B\u00fcrokratie beklagen (in der Regel, wenn es darum geht, weniger Einschr\u00e4nkungen und Regulierungen f\u00fcr ihre Geldgeber aus der Privatwirtschaft zu legitimieren), und die dann auf einmal an der Grenze die B\u00fcrokratiekarte spielen, indem sie auf so etwas wie das ohnehin nicht besonders ausgewogen (um nicht zu sagen: egoistisch) konstruierte Dublin-\u00dcbereinkommen verweisen und Menschlichkeit somit unter b\u00fcrokratischen Anforderungen ersticken.<\/p>\n<p>Hier wird also ganz offensichtlich mit zweierlei Ma\u00df gemessen, und es werden Doppelstandards angelegt. Wer allerdings Menschen in Not nur mit einem gro\u00dfen, einschr\u00e4nkenden &#8222;Aber&#8220; helfen will, der hat die Grundlagen von Zivilisation nicht richtig verstanden. Bei der AfD verwundert einen das nicht, sammeln sich bei deren J\u00fcngern doch ohnehin vor allem unterbelichtete Zivilisationsverweigerer. Die CDU\/CSU hingegen d\u00fcrfte f\u00fcr sich und ihre Anh\u00e4nger wohl eher eine gewisse Kultiviertheit in Anspruch nehmen &#8211; und vom &#8222;Christlichen&#8220;, wof\u00fcr ja das C steht, will ich da noch gar nicht mal anfangen. Tja, nur ist es damit eben leider auch nicht mehr allzu weit her, wie man sieht.<\/p>\n<p>Dass so was f\u00fcr viele Menschen in Deutschland mittlerweile offenbar kein Problem mehr darstellt, zeigt, wie weit der Rassismus sich wieder ausgebreitet hat in den K\u00f6pfen &#8211; wenn er denn \u00fcberhaupt jemals so richtig weg gewesen ist nach 1945. Aber vermutlich ist genau das auch mit der Kultur, die Rechte und Konservative immer gern bewahren und verteidigen wollen, gemeint. Mit so einer widerw\u00e4rtigen Form von Kultur habe ich dann zumindest als Deutscher nichts gemeinsam und sch\u00e4me mich eher f\u00fcr meine heuchelnden, verlogenen Landsleute.<\/p>\n","protected":false},"excerpt":{"rendered":"<p>Wie sehr bei der Beurteilung von Dingen mittlerweile mehr oder weniger unterschwelliger Rassismus eine Rolle spielt hierzulande, kann man sich vor Augen f\u00fchren, wenn man sich zwei hypothetische Schlagzeilen vornimmt und sich die Reaktionen darauf vorstellt.<\/p>\n","protected":false},"author":3,"featured_media":0,"comment_status":"open","ping_status":"open","sticky":false,"template":"","format":"standard","meta":{"footnotes":""},"categories":[67,50,52],"tags":[1139,218,1188],"class_list":["post-31505","post","type-post","status-publish","format-standard","hentry","category-medial-manipulatives","category-politisches","category-soziales","tag-doppelmoral","tag-rassismus","tag-rechtsrutsch"],"_links":{"self":[{"href":"https:\/\/www.unterstroemt.de\/index.php?rest_route=\/wp\/v2\/posts\/31505","targetHints":{"allow":["GET"]}}],"collection":[{"href":"https:\/\/www.unterstroemt.de\/index.php?rest_route=\/wp\/v2\/posts"}],"about":[{"href":"https:\/\/www.unterstroemt.de\/index.php?rest_route=\/wp\/v2\/types\/post"}],"author":[{"embeddable":true,"href":"https:\/\/www.unterstroemt.de\/index.php?rest_route=\/wp\/v2\/users\/3"}],"replies":[{"embeddable":true,"href":"https:\/\/www.unterstroemt.de\/index.php?rest_route=%2Fwp%2Fv2%2Fcomments&post=31505"}],"version-history":[{"count":10,"href":"https:\/\/www.unterstroemt.de\/index.php?rest_route=\/wp\/v2\/posts\/31505\/revisions"}],"predecessor-version":[{"id":31517,"href":"https:\/\/www.unterstroemt.de\/index.php?rest_route=\/wp\/v2\/posts\/31505\/revisions\/31517"}],"wp:attachment":[{"href":"https:\/\/www.unterstroemt.de\/index.php?rest_route=%2Fwp%2Fv2%2Fmedia&parent=31505"}],"wp:term":[{"taxonomy":"category","embeddable":true,"href":"https:\/\/www.unterstroemt.de\/index.php?rest_route=%2Fwp%2Fv2%2Fcategories&post=31505"},{"taxonomy":"post_tag","embeddable":true,"href":"https:\/\/www.unterstroemt.de\/index.php?rest_route=%2Fwp%2Fv2%2Ftags&post=31505"}],"curies":[{"name":"wp","href":"https:\/\/api.w.org\/{rel}","templated":true}]}}