{"id":31766,"date":"2025-12-07T13:43:01","date_gmt":"2025-12-07T12:43:01","guid":{"rendered":"https:\/\/www.unterstroemt.de\/?p=31766"},"modified":"2025-12-11T14:52:58","modified_gmt":"2025-12-11T13:52:58","slug":"interessantes-aus-kw-49-2025","status":"publish","type":"post","link":"https:\/\/www.unterstroemt.de\/?p=31766","title":{"rendered":"Interessantes aus KW 49\/2025"},"content":{"rendered":"<p>An dieser Stelle pr\u00e4sentieren wir regelm\u00e4\u00dfig Links, die wir unter der Woche entdeckt haben, zu denen wir selbst nicht mehr viel schreiben m\u00fcssen und die wir teilenswert finden. Viel Spa\u00df beim Lesen und Anschauen!<\/p>\n<p>1. Die MAGA-Bewegung in den USA droht zu expandieren, und zwar zun\u00e4chst mal nach Gro\u00dfbritannien. Dort spricht man nicht nur die gleiche Sprache wie in den USA, sondern rechte Politiker und Parteien zeigen sich dort auch sehr empf\u00e4nglich f\u00fcr die Ideen der US-amerikanischen Antidemokraten. Die bringen ja oft genug auch reichliche Geld mit, womit dann entsprechende Medien und Kampagnen finanziert werden k\u00f6nnen. Das Dumme dabei, wie Annette Dittert in einem <a href=\"https:\/\/www.blaetter.de\/ausgabe\/2025\/november\/regimechange-leicht-gemacht\" target=\"_blank\" rel=\"noopener\">Artikel in den <em>Bl\u00e4ttern f\u00fcr deutsche und internationale Politik<\/em><\/a> erl\u00e4utert: Die britische Demokratie ist nicht gerade besonders resistent gegen derartige Ansinnen, da man bei der Gr\u00fcndung der demokratischen Institutionen davon ausging, dass die dort Vertretenen schon wie echte Gentlemen handeln w\u00fcrden. So bietet sich nun ein gro\u00dfes Einfallstor f\u00fcr die US-Tech-Faschisten. [Karl]<\/p>\n<p>2. Sebastian Klein wurde durch die Gr\u00fcndung des Unternehmens Blinklist zum Million\u00e4r. Mittlerweile hat er allerdings einen Gro\u00dfteil des so erhaltenen Geldes gespendet und engagiert sich f\u00fcr Steuergerechtigkeit. Und dazu hat er in einem <a href=\"https:\/\/www.fr.de\/wirtschaft\/ex-millionaer-familienunternehmen-planen-deutschland-bei-den-steuern-schamlos-auszutricksen-zr-94057760.html\" target=\"_blank\" rel=\"noopener\">Artikel in der <em>Frankfurter Rundschau<\/em><\/a> einiges Interessantes zu sagen. So bezeichnet er die &#8222;Stiftung Familienunternehmen&#8220; (nicht zu verwechseln mit dem Lobbyverein &#8222;Die Familienunternehmer&#8220;) als &#8222;Lobby-Sprachrohr der \u00fcberreichen Erben&#8220; und konstatiert eine ziemliche N\u00e4he von den Zielen dieser Stiftung mit denen der AfD, n\u00e4mlich Reiche noch reicher zu machen auf Kosten von \u00c4rmeren. Da kann man sich dann auch vorstellen, warum die Blaubraunen immer wieder so gro\u00dfz\u00fcgige verm\u00f6gende Spender haben. [Karl]<\/p>\n<p>3. Rechte Politiker, Medien und sonstige Knallchargen beklagen ja immer gern die sogenannte &#8222;Cancel Culture&#8220;, die angeblich alles verbieten w\u00fcrde. Das Interessante dabei: Auf diese Weise wird eigentlich gar nichts verboten, sobald das rechte Pack dann aber die Gelegenheit dazu bekommt, verbieten sie selbst erst mal alles, was ihnen nicht in den ideologischen Kram passt, wie Kathrin Gl\u00f6sel in einem <a href=\"https:\/\/kontrast.at\/cancel-culture-fpoe-afd\/\" target=\"_blank\" rel=\"noopener\">Artikel auf <em>Kontrast.at<\/em><\/a> feststellt. Meinungsfreiheit bedeutet f\u00fcr solche Leute n\u00e4mlich grunds\u00e4tzlich nur, dass das, was sie so sagen, nicht kritisiert werden darf. Und ist damit das genau Gegenteil von Freiheit. Eigentlich leicht zu durchschauen, f\u00fcr die dummbatzigen Anh\u00e4nger von rechten Parteien allerdings wohl doch irgendwie zu kompliziert. [Karl]<\/p>\n<p>4. US-Machthaber Donald Trump macht mal wieder mit Verbalentgleisungen von sich reden. So bezeichnete er k\u00fcrzlich Menschen aus Somalia als &#8222;M\u00fcll&#8220; und gab an, diese nicht mehr in den USA haben zu wollen. Sein Kabinett applaudierte daraufhin, wie aus einer <a href=\"https:\/\/www.spiegel.de\/ausland\/donald-trump-beschimpft-menschen-aus-somalia-als-muell-a-5a8aea2f-d29a-4a71-a803-70c094a48469\" target=\"_blank\" rel=\"noopener\">Meldung auf <em>Spiegel Online<\/em><\/a> hervorgeht. Na ja, vielleicht sollte man andere L\u00e4nder nicht als &#8222;stinkend&#8220; und &#8222;Drecksl\u00f6cher&#8220; bezeichnen, wenn man Despot des wohl zurzeit gr\u00f6\u00dften M\u00fcllhaufens aller L\u00e4nder und selbst zudem ein ausgesprochener Drecksack ist. [Karl]<\/p>\n<p>5. Mittlerweile ist jeder f\u00fcnfte Deutsche t\u00e4towiert. Bl\u00f6d nur, dass nun gerade eine Studie, \u00fcber die ein <a href=\"https:\/\/www.geo.de\/wissen\/gesundheit\/tattoofarbe-schlaegt-aufs-immunsystem-36914736.html\" target=\"_blank\" rel=\"noopener\">Artikel von <em>Geo<\/em><\/a> berichtet, herausgefunden hat, dass die beim T\u00e4towieren benutzte Farbe das Immunsystem beeintr\u00e4chtigen kann. Das Zeug gelangt in die Lymphknoten, wo es dann von Makrophagen (den sogenannten Fresszellen) aufgenommen wird, aber nicht verarbeitet werden kann. Stattdessen sterben dann die Zellen &#8211; was zu entz\u00fcndlichen Reaktionen f\u00fchren kann, aber auch zu einer Beeintr\u00e4chtigung bei Impfungen. Tattoo-Farben sind n\u00e4mlich kaum Regulierungen unterworfen, so wie das beispielsweise bei Pharmaprodukten der Fall ist. W\u00e4re wohl Zeit, hier mal nachzubessern vonseiten des Gesetzgebers. [Karl]<\/p>\n<p>6. In einem <a href=\"https:\/\/www.kreiszeitung.de\/politik\/sorge-um-datenzugriff-was-passiert-bei-einer-afd-regierung-zr-94066142.html\" target=\"_blank\" rel=\"noopener\">Artikel von der <em>Kreiszeitung<\/em><\/a> wird die Frage aufgeworfen, was denn eigentlich passieren w\u00fcrde, wenn im kommenden Jahr in einem Bundesland die AfD mit an der Regierung beteiligt w\u00e4re und so Zugriff auf sicherheitsrelevante Daten von Polizei, Verfassungsschutz usw. bek\u00e4me? So wie es aussieht, ist unser f\u00f6derales System darauf n\u00e4mlich nicht so richtig gut vorbereitet, sodass sich einige offene Fragen ergeben, die nun schleunigst gekl\u00e4rt werden m\u00fcssten. Leider fehlt das Thema allerdings noch auf der Tagesordnung der Herbstkonferenz der Innenminister von Bund und L\u00e4ndern. Keine so richtig guten Aussichten &#8230; [Karl]<\/p>\n<p>7. Livemusik ist ein tolles Erlebnis, das nur leider immer unerschwinglicher wird. Vor allem, wenn man gro\u00dfe Namen auf der B\u00fchne sehen m\u00f6chte. Die Gr\u00fcnde daf\u00fcr sind vielf\u00e4ltig, wie in einem <a href=\"https:\/\/www.deutschlandfunkkultur.de\/konzerttickets-livemusik-preise-musikbranche-100.html\" target=\"_blank\" rel=\"noopener\">Artikel von <em>Deutschlandfunk Kultur<\/em><\/a> dargestellt wird, und reichen von h\u00f6heren Gagen f\u00fcr die K\u00fcnstler aufgrund von rapide gesunkenen Einnahmen \u00fcber Tontr\u00e4ger \u00fcber gestiegene Kosten infolge der Corona-Pandemie bis hin zum Ticket-Zweitmarkt, auf dem die Preise oft noch mal deutlich weiter nach oben getrieben werden. Zumindest gegen Letzteres k\u00f6nnte die Politik vorgehen, aber bisher ist au\u00dfer Absichtserkl\u00e4rungen hierzulande noch nichts geschehen. [Karl]<\/p>\n<p>8. Dass es der deutschen Wirtschaft so schlecht gehe, dass der Sozialstaat nicht mehr finanziert werden kann, ist eine zurzeit sehr verbreitete Erz\u00e4hlung von Konservativen, Marktradikalen und rechtem Pack. Nur ist das eben eine dreiste L\u00fcge, wie der \u00d6konom Dierk Hirschel in einem <a href=\"https:\/\/www.fr.de\/wirtschaft\/gastwirtschaft\/wirtschaftslobby-redet-deutschland-schlecht-um-den-sozialstaat-abzubauen-94071255.html\" target=\"_blank\" rel=\"noopener\">Kommentar in der <em>Frankfurter Rundschau<\/em><\/a> feststellt, die vor allem deswegen verbreitet wird, um den Sozialstaat weiter schleifen zu k\u00f6nnen. Das ist zwar \u00f6konomisch gesehen ausgesprochen dumm, aber eben ganz im Sinne der neoliberal-marktradikalen Ideologie. Und das gilt dann als &#8222;wirtschaftskompetent&#8220; &#8211; au weia! [Karl]<\/p>\n<p>9. Maurice H\u00f6fgen und Michael Paetz r\u00e4umen in einem <a href=\"https:\/\/www.geldfuerdiewelt.de\/p\/zu-viele-rentner-zu-wenig-kinder\" target=\"_blank\" rel=\"noopener\">Artikel auf <em>Geld f\u00fcr die Welt<\/em><\/a> mit der Vorstellung auf, dass die Rente nur durch mehr Geburten gesichert werden k\u00f6nnte, auf. Zum einen stellen sie fest, dass eine h\u00f6here Geburtenrate erst mal auch mehr Kosten f\u00fcr die Volkswirtschaft bedeutet, weil n\u00e4mlich die Kinder auch alle in Kitas und Schulen geschickt werden m\u00fcssen, zum anderen leiten sie nachvollziehbar ab, dass es weniger auf die reine Masse der Erwerbst\u00e4tigen ankommt, sondern darauf, dass diese gut bezahlte Jobs haben und auch in die Sozialversicherung einzahlen. Tja, dem steht nur eben entgegen, dass immer mehr riesengro\u00dfe Verm\u00f6gen bedient werden m\u00fcssen &#8211; womit wir dann auch beim zentralen Problem w\u00e4ren, warum es Engp\u00e4sse bei den Renten gibt. [Karl]<\/p>\n<p>10. Die AfD macht mal wieder bl\u00f6dsinnige Vorschl\u00e4ge, diesmal in Stuttgart. Dort sollten, wenn es nach den Blaubraunen ginge, Radfahrer eine Geb\u00fchr f\u00fcr die Nutzung der st\u00e4dtischen Stra\u00dfen und Wege zahlen, zudem sollen sie ein Kennzeichen erhalten, auf dem diese Zahlung dann vermerkt werden k\u00f6nnte und anhand dessen man die Radfahrer bei aggressivem Fahrverhalten leichter erkennen k\u00f6nnte. Warum dieser Vorschlag &#8222;Unfug&#8220; ist, erl\u00e4utern einige Kommunalpolitiker in einem <a href=\"https:\/\/www.echo24.de\/heilbronn\/steuer-radfahrer-forderung-afd-stuttgart-heilbronn-politiker-reaktionen-gemeinderat-vignette-94066614.html\" target=\"_blank\" rel=\"noopener\">Artikel von <em>echo24.de<\/em><\/a>. Und daran sieht man: Die AfD hat wirklich von \u00fcberhaupt nichts einen Plan. [Karl]<\/p>\n<p>11. In einem <a href=\"https:\/\/taz.de\/Dobrindts-Afghanistan-Abschiebeoffensive\/!6135297\/\" target=\"_blank\" rel=\"noopener\">Kommentar in der <em>taz<\/em><\/a> kritisiert Thomas Ruttig die neusten Pl\u00e4ne von Bundesinnenminister Alexander Dobrindt (CSU). Der hat n\u00e4mlich nicht nur daf\u00fcr gesorgt, dass Taliban-Konsularbeamte in der afghanischen Botschaft ihr Unwesen treiben k\u00f6nnen, sondern bietet denen nun auch noch Daten von hiesigen afghanischen Gefl\u00fcchteten an. Damit legitimiert er das dortige Terrorregime und steckt deren Geheimdienst Informationen zu, die diese Freaks besser nicht bekommen sollten. Ach ja, und als Kr\u00f6nung will Dobrindt nun auch afghanische Frauen abschieben &#8211; und ignoriert dabei ein Urteil des EU-Gerichtshofs, dass diesen Frauen zu Recht pauschales Asylrecht zugesprochen hat. Was f\u00fcr eine Menschenverachtung von dieser Vollkatastrophe von einem Minister! [Karl]<\/p>\n","protected":false},"excerpt":{"rendered":"<p>An dieser Stelle pr\u00e4sentieren wir regelm\u00e4\u00dfig Links, die wir unter der Woche entdeckt haben, zu denen wir selbst nicht mehr viel schreiben m\u00fcssen und die wir teilenswert finden. Viel Spa\u00df beim Lesen und Anschauen!<\/p>\n","protected":false},"author":5,"featured_media":0,"comment_status":"open","ping_status":"open","sticky":false,"template":"","format":"standard","meta":{"footnotes":""},"categories":[193],"tags":[],"class_list":["post-31766","post","type-post","status-publish","format-standard","hentry","category-woechentliches"],"_links":{"self":[{"href":"https:\/\/www.unterstroemt.de\/index.php?rest_route=\/wp\/v2\/posts\/31766","targetHints":{"allow":["GET"]}}],"collection":[{"href":"https:\/\/www.unterstroemt.de\/index.php?rest_route=\/wp\/v2\/posts"}],"about":[{"href":"https:\/\/www.unterstroemt.de\/index.php?rest_route=\/wp\/v2\/types\/post"}],"author":[{"embeddable":true,"href":"https:\/\/www.unterstroemt.de\/index.php?rest_route=\/wp\/v2\/users\/5"}],"replies":[{"embeddable":true,"href":"https:\/\/www.unterstroemt.de\/index.php?rest_route=%2Fwp%2Fv2%2Fcomments&post=31766"}],"version-history":[{"count":16,"href":"https:\/\/www.unterstroemt.de\/index.php?rest_route=\/wp\/v2\/posts\/31766\/revisions"}],"predecessor-version":[{"id":31786,"href":"https:\/\/www.unterstroemt.de\/index.php?rest_route=\/wp\/v2\/posts\/31766\/revisions\/31786"}],"wp:attachment":[{"href":"https:\/\/www.unterstroemt.de\/index.php?rest_route=%2Fwp%2Fv2%2Fmedia&parent=31766"}],"wp:term":[{"taxonomy":"category","embeddable":true,"href":"https:\/\/www.unterstroemt.de\/index.php?rest_route=%2Fwp%2Fv2%2Fcategories&post=31766"},{"taxonomy":"post_tag","embeddable":true,"href":"https:\/\/www.unterstroemt.de\/index.php?rest_route=%2Fwp%2Fv2%2Ftags&post=31766"}],"curies":[{"name":"wp","href":"https:\/\/api.w.org\/{rel}","templated":true}]}}