{"id":31794,"date":"2025-12-14T19:55:09","date_gmt":"2025-12-14T18:55:09","guid":{"rendered":"https:\/\/www.unterstroemt.de\/?p=31794"},"modified":"2025-12-22T18:53:17","modified_gmt":"2025-12-22T17:53:17","slug":"interessantes-aus-kw-50-2025","status":"publish","type":"post","link":"https:\/\/www.unterstroemt.de\/?p=31794","title":{"rendered":"Interessantes aus KW 50\/2025"},"content":{"rendered":"<p>An dieser Stelle pr\u00e4sentieren wir regelm\u00e4\u00dfig Links, die wir unter der Woche entdeckt haben, zu denen wir selbst nicht mehr viel schreiben m\u00fcssen und die wir teilenswert finden. Viel Spa\u00df beim Lesen und Anschauen!<\/p>\n<p>1. Chiara Malz ist Bundespolizistin und engagierte sich in ihrer Freizeit f\u00fcr die Klimaaktivisten der &#8222;Letzten Generation&#8220;. Deswegen hat sie nun ein Disziplinarverfahren am Hals, darf nach dem Mutterschutz nicht wieder auf ihrer alten Stelle arbeiten und soll zudem Gehaltseinbu\u00dfen in Kauf nehmen, wie aus einem <a href=\"https:\/\/taz.de\/Disziplinarverfahren-wegen-Aktivismus\/!6127389\/\" target=\"_blank\" rel=\"noopener\">Artikel der <em>taz<\/em><\/a> hervorgeht. Die im Verfahren vorgebrachten Vorw\u00fcrfe klingen recht konstruiert, zudem d\u00fcrfen auch Polizisten politisch aktiv sein. Bei Rechten bis Rechtsradikalen, wie beispielsweise dem Vizechef der Deutschen Polizeigewerkschaft Manuel Ostermann, ist das auch kein Problem, aber wehe, jemand setzt sich f\u00fcr Klimaschutz und Demokratie ein. Und da soll noch mal jemand sagen, die Polizei h\u00e4tte kein massives strukturelles Problem. [Karl]<\/p>\n<p>2. Ute Scheub befasst sich in einem <a href=\"https:\/\/www.blaetter.de\/ausgabe\/2025\/november\/globales-elend-und-die-diktatur-der-superreichen\" target=\"_blank\" rel=\"noopener\">Artikel in den <em>Bl\u00e4ttern f\u00fcr deutsche und internationale Politik<\/em><\/a> mit den immer groteskeren Ausw\u00fcchsen von riesigen Verm\u00f6gen. Diese sind nicht nur eine Gefahr f\u00fcr die Demokratie und unser aller \u00dcberleben auf diesem Planeten, da sich die Superreichen zum einen politische Macht erkaufen, zum anderen durch ihr Gebaren die Klimakrise in wesentlich gr\u00f6\u00dferem Ma\u00dfe versch\u00e4rfen als Normalb\u00fcrger, sondern solch immer weiter ausufernde Ungleichheit f\u00fchrt auch dazu, dass alle Mitglieder einer Gesellschaft ungl\u00fccklicher sind. Das haben zumindest wissenschaftliche Untersuchungen ergeben, und deren Beurteilungen sind auch sehr nachvollziehbar. Was f\u00fcr ein krankes System! [Karl]<\/p>\n<p>3. Eine beliebte rechte Erz\u00e4hlung ist ja, dass Weihnachtsm\u00e4rkte nicht mehr sicher seien wegen der &#8222;b\u00f6sen&#8220; Migranten. Und wenn die Realit\u00e4t dann nicht so ist, wie das solche Spinner gern h\u00e4tten, dann wird eben mit KI nachgeholfen, sodass dann gefakte Bilder und Meldungen entstehen oder auch mal Videoaufnahmen in einen komplett falschen Zusammenhang gesetzt werden. Ein <a href=\"https:\/\/www.zdfheute.de\/panorama\/fake-news-weihnachtsmaerkte-ki-bilder-absagen-100.html\" target=\"_blank\" rel=\"noopener\">Artikel von <em>ZDF heute<\/em><\/a>\u00a0deckt einige dieser Fakes auf, weist dabei aber auch auf eine Problem hin: Selbst wenn von Social-Media-Nutzern klar ge\u00e4u\u00dfert und nachgewiesen wird, dass etwas KI-generierter Unfug ist, glauben AfD-Anh\u00e4nger und andere geistig minderbittelte Rechtsausleger die L\u00fcgen dennoch und verbreiten diese weiter. Denen ist echt nicht mehr zu helfen. [Karl]<\/p>\n<p>4. Wasser predigen und Wein saufen, dass k\u00f6nnen die Spie\u00dfgesellen von der CDU besonders gut. Aktuelles Beispiel: Bereits im September haben Pr\u00e4sidium, \u00c4ltestenrat und die Parlamentarischen Gesch\u00e4ftsf\u00fchrungen des Bundestags beschlossen, dass die von der vorherigen Regierung installierte Regelung wieder gekippt w\u00fcrde, nach der Bundestagsabgeordnete Fl\u00fcge von weniger als vier Stunden L\u00e4nge in der g\u00fcnstigeren Economyclass zu bestreiten h\u00e4tten. Nun darf ab zwei Stunden Flugzeit laut einer <a href=\"https:\/\/www.t-online.de\/nachrichten\/deutschland\/innenpolitik\/id_101029852\/bundestag-abgeordnete-duerfen-wieder-business-class-fliegen.html\" target=\"_blank\" rel=\"noopener\">Meldung von <em>t-online<\/em><\/a> wieder herrschaftlich in der Businessclass Platz genommen werden. Aber immer sch\u00f6n die Normalb\u00fcrger auf Sparma\u00dfnahmen einstellen. Na ja, CDU halt &#8211; man g\u00f6nnt sich ja sonst nichts. [Karl]<\/p>\n<p>5. US-Despot Donald Trump hat ja immer wieder behauptet, dass er den verm\u00f6genden Sexualstraft\u00e4ter und Jeffrey Epstein nicht gekannt hat, wobei er sp\u00e4ter davon ein St\u00fcck weit abr\u00fcckte. Nun sind weitere Fotos ver\u00f6ffentlicht worden, die zeigen, dass Trump und auch andere Prominente aus Politik und Wirtschaft offenbar ein durchaus innigeres Verh\u00e4ltnis zu Epstein hatten, als sie bisher zugegeben haben, wie ein <a href=\"https:\/\/www.t-online.de\/nachrichten\/ausland\/internationale-politik\/id_101042422\/jeffrey-epstein-neue-fotos-belasten-donald-trump-und-bill-clinton.html\" target=\"_blank\" rel=\"noopener\">Artikel von <em>t-online<\/em><\/a> berichtet. Die Republikaner maulen nat\u00fcrlich rum, dass das eine Kampagne gegen Trump w\u00e4re, aber es wird immer erkennbarer, dass eine Jetset-Clique wohl zu gern mit Epstein verkehrt hat. Fortsetzung folgt. [Karl]<\/p>\n<p>6. Wenig verwunderlich: Durch das zunehmend aggressivere und undemokratischere Auftreten der US-Regierung unter Machthaber Donald Trump werden laut eine <a href=\"https:\/\/www.n-tv.de\/politik\/Militaergeheimdienst-sieht-in-USA-Bedrohung-Warnung-aus-Daenemark-id30129880.html\" target=\"_blank\" rel=\"noopener\">Meldung von <em>ntv<\/em><\/a> die USA vom d\u00e4nischen Geheimdienst mittlerweile als &#8222;Sicherheitsbedrohung&#8220; angesehen. Bei D\u00e4nemark kommt ja ganz speziell noch hinzu, dass Trump schon vor Monaten \u00e4u\u00dferte, sich Gr\u00f6nland einverleiben zu wollen, das ein autonomer Bestandteil D\u00e4nemarks ist. Tja, damit wird immer klarer, dass der ehemalige Verb\u00fcndete USA wohl kein Freund mehr der westlichen Welt ist. [Karl]<\/p>\n<p>7. Ob das Totalherbizid Glyphosat krebserregend ist oder nicht, dar\u00fcber wird schon lange gestritten. Nun berichtet allerdings ein <a href=\"https:\/\/www.geo.de\/wissen\/einfluss-durch-den-hersteller--umstrittene-glyphosat-studie-nach-25-jahren-zurueckgezogen-36946804.html\" target=\"_blank\" rel=\"noopener\">Artikel im <em>Geo<\/em><\/a>, dass eine der wichtigsten Pro-Glyphosat-Studien nach 25 Jahren zur\u00fcckgezogen wurde aufgrund von offensichtlichen wissenschaftlichen M\u00e4ngeln. So wurde die Mitautorenschaft von Mitarbeitern von Monsanto, also der Firma, die das Pflanzengift damals herstellte, verschleiert, genauso wie nicht ausgeschlossen werden kann, dass die offiziell genannten Autoren Geld von dem Konzern bekommen haben. Und dann fand auch noch eine sehr einseitige Auswahl von Untersuchungen zur Toxizit\u00e4t von Glyphosat statt. Die Kritiker des Zeugs d\u00fcrften sich jetzt noch mal mehr best\u00e4tigt sehen. [Karl]<\/p>\n<p>8. Die Bodenpreise in Deutschland steigen und steigen. Das hat vielf\u00e4ltige Gr\u00fcnde, die in einem <a href=\"https:\/\/www.deutschlandfunk.de\/bodenpreise-deutschland-wohnungen-ackerland-immobilien-100.html\" target=\"_blank\" rel=\"noopener\">Artikel vom <em>Deutschlandfunk<\/em><\/a> dargelegt werden, und die Auswirkungen bekommen immer mehr Mieter zu sp\u00fcren, die sich ihre Wohnungen kaum noch leisten k\u00f6nnen. Auch Landwirte haben immer \u00f6fter Probleme, noch an bezahlbares Land zu kommen, da zunehmend branchenfremde Investoren aus Spekulationsgr\u00fcnden gro\u00dfe Fl\u00e4chen erwerben. Es g\u00e4be schon M\u00f6glichkeiten, wie die Politik dieser Entwicklung entgegenwirken k\u00f6nnte, aber das scheint doch irgendwie meistens der Wille zu fehlen. [Karl]<\/p>\n<p>9. Weitere Absurdit\u00e4ten aus dem Land der unbegrenzten Dummheit: US-Despot Donald Trump hat dort nun eine &#8222;Trump Gold Card&#8220; vorgestellt, auf der nicht nur seine Visage abgebildet ist, sondern die es reichen Menschen erm\u00f6glicht, sich f\u00fcr eine Million Dollar das Aufenthaltsrecht in den USA kaufen zu k\u00f6nnen. Offiziell will man damit besonders tolle Fachkr\u00e4fte anlocken, aber da gleichzeitig, wie aus einem <a href=\"https:\/\/www.spiegel.de\/wirtschaft\/donald-trump-gold-card-fuer-reiche-einwanderer-ist-da-a-8d155c9a-d570-418b-9a7f-05d017738b12\" target=\"_blank\" rel=\"noopener\">Artikel auf <em>Spiegel Online<\/em><\/a> hervorgeht, ein anderes Visum, mit dem tats\u00e4chlich viele Fachkr\u00e4fte ins Land geholt wurden, massiv verteuert wurde, scheint das nicht so ganz zu stimmen. D\u00fcrfte also nur darum gehen, eine Dienstleistung f\u00fcr Verm\u00f6gende anzubieten. Was f\u00fcr ein total korrumpiertes System die USA doch mittlerweile geworden sind. [Karl]<\/p>\n<p>10. Dass Rechtsextreme sich in l\u00e4ndlichen Gegenden breitmachen, um dort dann ihrem v\u00f6lkischen und an NS-Ideale angelehnten Lebensstil zu fr\u00f6nen, ist ja nichts ganz Neues. Nun fand gerade in Niedersachen in Masendorf, einem Ortsteil des St\u00e4dtchens Uelzen, ein als Weihnachtsmarkt getarntes Treffen von Rechtsextremen jeglicher Couleur statt: Von AfD-Abgeordneten \u00fcber Mitglieder der Identit\u00e4ren Bewegung bis hin zu Jungen Nationalisten trafen sich dort ein paar Hundert Rechtsau\u00dfen. Das finden die anderen Bewohner dort zwar nicht sehr sch\u00f6n, zumal es dann auch regelm\u00e4\u00dfig Straftaten w\u00e4hrend und nach solcher Veranstaltungen gibt, aber sie stehen dem Treiben, so ein <a href=\"https:\/\/taz.de\/Nazi-Weihnacht-auf-dem-Land\/!6136291\/\" target=\"_blank\" rel=\"noopener\">Artikel in der <em>taz<\/em><\/a>, dann doch \u00fcberwiegend machtlos gegen\u00fcber. Gruselig &#8211; vor allem weil viele von den Nazis auch ihre Kinder zur Indoktrination mit zu solchen Treffen schleppen. [Karl]<\/p>\n<p>11. Rechtsextreme treten immer offener auf und verbreiten ihre volksverhetzenden Parolen. So gerade laut einem <a href=\"https:\/\/www.sueddeutsche.de\/muenchen\/rechtsextremisten-hetze-flugblaetter-u-bahn-muenchen-kriminalpolizei-weihnachtsmaenner-li.3352317\" target=\"_blank\" rel=\"noopener\">Artikel in der <em>S\u00fcddeutschen Zeitung<\/em><\/a> in der M\u00fcnchner U-Bahn, wo einige als Weihnachtsm\u00e4nner Verkleidete, die vermutlich der Identit\u00e4ren Bewegung angeh\u00f6ren, Flugbl\u00e4tter mit fiktiven &#8222;Bordkarten&#8220; f\u00fcr &#8222;Asylanten und illegale Migranten&#8220; verteilt haben. Viele Passanten zeigten sich entsetzt dar\u00fcber, zumal das ja auch f\u00fcr eine Stadt wie M\u00fcnchen, die sich gern weltoffen zeigt, schon recht peinlich ist. Typisch f\u00fcr die Identit\u00e4ren: Das Ganze wurde auch gleich gefilmt, denn die Pr\u00e4sentation des eigenen \u00f6ffentlich zur Schau gestellten Rechtsextremismus geh\u00f6rt bei denen ja auch dazu. Widerlich. [Karl]<\/p>\n<p>12. Dass <em>BILD<\/em> nicht nur ein Herz f\u00fcr die AfD und andere Rechtsausleger hat, sondern auch f\u00fcr den Donald Trump, wird gerade sehr deutlich an einem Interview, dass das US-Magazin <em>Politico<\/em>, das ebenfalls zu \u00a0Springer geh\u00f6rt, mit dem US-Machthaber gef\u00fchrt hat. Dar\u00fcber wird n\u00e4mlich in einer Weise berichtet und zudem Trumps L\u00fcgen eine gro\u00dfe B\u00fchne geboten, die von Lisa Kr\u00e4her in einem <a href=\"https:\/\/uebermedien.de\/111951\/die-bild-bullshit-show\/\" target=\"_blank\" rel=\"noopener\">Artikel auf <em>\u00dcber Medien<\/em><\/a> treffend als &#8222;Bullshit-Show&#8220; und &#8222;Journalismus-Simulation&#8220; bezeichnet. Die Leser erfahren da nichts Neues, zudem wird der Trump-Unfug auch nicht richtiggestellt. Na ja, man kennt ja von <em>BILD<\/em>, dass dort journalistische Standards nur zu gern unterlaufen werden &#8211; nur leider wird der Dreck dann ja auch noch mit vielen Klicks belohnt. [Karl]<\/p>\n<p>13. Mal wieder gibt es auch halbseidene Vorg\u00e4nge aus der AfD zu berichten: Der Bundestagsabgeordnete Jan Wenzel Schmidt hatte (zun\u00e4chst abgestrittenen) Kontakt mit dem k\u00fcrzlich verurteilten chinesischen Spion Jian Guo, dabei soll es auch um Gesch\u00e4ftliches gegangen sein, und zwar um Kunstdiamanten. Wie es der Zufall will, hat der Lebensgef\u00e4hrte von Schmidts Mutter kurz darauf eine entsprechende Firma gegr\u00fcndet, mit der Schmidt aber nichts zu tun gehabt haben will. Nun ist, wie aus einem <a href=\"https:\/\/www.t-online.de\/nachrichten\/deutschland\/innenpolitik\/id_101039408\/china-affaere-in-der-afd-jan-wenzel-schmidt-unter-druck.html\" target=\"_blank\" rel=\"noopener\">Artikel von <em>t-online<\/em><\/a> hervorgeht, aber gerade eine Visitenkarte aufgetaucht, auf der Schmidt als Vertriebsleiter der Unternehmens bezeichnet wird. Schmidt selbst spricht von einer Kampagne seines Landesverbandes gegen ihn, da er sich dort zuvor schon reichlich Feinde gemacht hat. Was f\u00fcr ein Sumpf! [Karl]<\/p>\n<p>14. Nichtregierungsorganisationen (NGOs) sind wichtig Gegenspieler von Lobbyverb\u00e4nden der Wirtschaft, um in der Politik die Interessen der Zivilgesellschaft (beispielsweise Umweltschutz, Verbraucherschutz, Arbeitnehmerrechte &#8230;) zu Geh\u00f6r zu bringen. Dabei sind sie offenbar denjenigen, die gegen die Interessen der Allgemeinheit agieren, um auf diese Weise ihre Verm\u00f6gen zu vermehren, ein Dorn im Auge, denn es werden immer mehr Kampagnen gegen die Arbeit von NGOs gestartet &#8211; in den meisten F\u00e4llen mit L\u00fcgen und Falschbehauptungen. Ein 15-min\u00fctiges <a href=\"https:\/\/www.youtube.com\/watch?v=8hMxVgqSfpE\" target=\"_blank\" rel=\"noopener\">Video von <em>LobbyControl<\/em><\/a> zeigt auf, wer hinter diesen Kampagnen steckt, um kritische zivilgesellschaftliche Stimmen zum Schweigen zu bringen. Kompakt dargestellt und sehr wichtig zu wissen! [Karl]<\/p>\n","protected":false},"excerpt":{"rendered":"<p>An dieser Stelle pr\u00e4sentieren wir regelm\u00e4\u00dfig Links, die wir unter der Woche entdeckt haben, zu denen wir selbst nicht mehr viel schreiben m\u00fcssen und die wir teilenswert finden. Viel Spa\u00df beim Lesen und Anschauen!<\/p>\n","protected":false},"author":5,"featured_media":0,"comment_status":"open","ping_status":"open","sticky":false,"template":"","format":"standard","meta":{"footnotes":""},"categories":[193],"tags":[],"class_list":["post-31794","post","type-post","status-publish","format-standard","hentry","category-woechentliches"],"_links":{"self":[{"href":"https:\/\/www.unterstroemt.de\/index.php?rest_route=\/wp\/v2\/posts\/31794","targetHints":{"allow":["GET"]}}],"collection":[{"href":"https:\/\/www.unterstroemt.de\/index.php?rest_route=\/wp\/v2\/posts"}],"about":[{"href":"https:\/\/www.unterstroemt.de\/index.php?rest_route=\/wp\/v2\/types\/post"}],"author":[{"embeddable":true,"href":"https:\/\/www.unterstroemt.de\/index.php?rest_route=\/wp\/v2\/users\/5"}],"replies":[{"embeddable":true,"href":"https:\/\/www.unterstroemt.de\/index.php?rest_route=%2Fwp%2Fv2%2Fcomments&post=31794"}],"version-history":[{"count":20,"href":"https:\/\/www.unterstroemt.de\/index.php?rest_route=\/wp\/v2\/posts\/31794\/revisions"}],"predecessor-version":[{"id":31854,"href":"https:\/\/www.unterstroemt.de\/index.php?rest_route=\/wp\/v2\/posts\/31794\/revisions\/31854"}],"wp:attachment":[{"href":"https:\/\/www.unterstroemt.de\/index.php?rest_route=%2Fwp%2Fv2%2Fmedia&parent=31794"}],"wp:term":[{"taxonomy":"category","embeddable":true,"href":"https:\/\/www.unterstroemt.de\/index.php?rest_route=%2Fwp%2Fv2%2Fcategories&post=31794"},{"taxonomy":"post_tag","embeddable":true,"href":"https:\/\/www.unterstroemt.de\/index.php?rest_route=%2Fwp%2Fv2%2Ftags&post=31794"}],"curies":[{"name":"wp","href":"https:\/\/api.w.org\/{rel}","templated":true}]}}