{"id":32010,"date":"2026-01-25T21:51:35","date_gmt":"2026-01-25T20:51:35","guid":{"rendered":"https:\/\/www.unterstroemt.de\/?p=32010"},"modified":"2026-02-04T23:36:49","modified_gmt":"2026-02-04T22:36:49","slug":"interessantes-aus-kw-4-2026","status":"publish","type":"post","link":"https:\/\/www.unterstroemt.de\/?p=32010","title":{"rendered":"Interessantes aus KW 4\/2026"},"content":{"rendered":"<p>An dieser Stelle pr\u00e4sentieren wir regelm\u00e4\u00dfig Links, die wir unter der Woche entdeckt haben, zu denen wir selbst nicht mehr viel schreiben m\u00fcssen und die wir teilenswert finden. Viel Spa\u00df beim Lesen und Anschauen!<\/p>\n<p>1. Ein <a href=\"https:\/\/www.zeit.de\/kultur\/2026-01\/lage-iran-angst-sorge-familie-freunde\" target=\"_blank\" rel=\"noopener\">Gastbeitrag von Minu Barati<\/a> auf <em>Zeit Online<\/em> beschreibt die derzeitige Situation im Iran. Und das liest sich wahrlich f\u00fcrchterlich, wie dort das Mullah-Regime mit aller Brutalit\u00e4t versucht, seine Machtposition aufrechtzuerhalten. So richtig Unterst\u00fctzung erf\u00e4hrt die iranische Zivilgesellschaft dabei leider nicht von anderen L\u00e4ndern, bis auf ein paar markige Worte von rechten Despoten wie Trump oder Netanjahu kommt da leider so gut wie gar nichts. Dass bei den Demonstrationen der Iraner immer wieder auch der Schah abgefeiert wird, ist nat\u00fcrlich reichlich absurd, aber man sieht daran, wie verzweifelt die Menschen sein m\u00fcssen, wenn sie sich nach einem anderen Terrorregime derart zur\u00fccksehnen. [Karl]<\/p>\n<p>2. AfD-Politiker haben sich mal wieder mit Rechtsextremen getroffen und dabei v\u00f6lkische Remigrationsfantasien zum Besten gegeben. So geht aus einem <a href=\"https:\/\/www.t-online.de\/nachrichten\/deutschland\/innenpolitik\/id_100560250\/afd-frau-lena-kotre-fantasiert-bei-treffen-mit-rechtsextremen-ueber-dna-tests.html\" target=\"_blank\" rel=\"noopener\">Artikel von <em>t-online<\/em><\/a> hervor, wie sich im Schweizer Ort Kloten bei Z\u00fcrich einige Abgeordnete der Blaubraunen mit Mitgliedern der in Deutschland verbotenen Organisation &#8222;Blood &amp; Honour&#8220; sowie der schon durch einige Straftaten aufgefallenen Schweizer Rechtsau\u00dfentruppe &#8222;Junge Tat&#8220; austauschten. Lena Kotr\u00e9, AfD-Landtagsabgeordnete aus Brandenburg, fabulierte sogar davon, dass man nicht mehr als 60 Millionen Deutsche br\u00e4uchte und alle, die einen DNA-Test nicht bestehen oder politisch unliebsam sind, ausweisen sollte. Noch Fragen, ob diese Partei verfassungsfeindlich ist? [Karl]<\/p>\n<p>3. Micky Beisenherz \u00e4u\u00dfert in seiner <a href=\"https:\/\/www.stern.de\/kultur\/micky-beisenherz-ueber-daniel-guenther-und-den-zensurvorwurf-37052736.html\" target=\"_blank\" rel=\"noopener\">Kolumne im <em>Stern<\/em><\/a> einige sehr interessante und pointiert formulierte Gedanken zum Thema Daniel G\u00fcnther bei <em>Lanz<\/em>. Der rechte Bl\u00e4tterwald von Springer bis <em>Nius<\/em> hat sich ja massiv dar\u00fcber aufgeregt, dass der schleswig-holsteinische CDU-Ministerpr\u00e4sident beim ZDF-Talkmaster angeblich das Verbot von <em>Nius<\/em> und anderen rechten Medien gefordert haben soll. Hat er zwar nicht, aber wenn man sich Videos so zurechtschneidet, dass sie zwar nicht mehr den Tatsachen entsprechen, aber eben das eigene Weltbild und den eigenen Opfermythos bedienen, dann glaubt man das eben. Und die so erzeugte Gegen\u00f6ffentlichkeit ist dann nicht kritisch, sondern vor allem d\u00fcmmlich-stumpf, wie Beisenherz treffend feststellt. [Karl]<\/p>\n<p>4. Chinesische Technologie, die in deutschen 5G-Netzen verwendet wird, unterliegt einer Risikopr\u00fcfung, da China als systemischer Rivale und eben auch autorit\u00e4res Regime tendenziell als Gefahr angesehen wird. Soweit schon nachvollziehbar, allerdings findet genau das bei US-Technologie eben nicht statt, obwohl das Trump-Regime in den USA auch zunehmend faschistische Strukturen etabliert und au\u00dfenpolitisch offen v\u00f6lkerrechtswidrig agiert. Insofern ist es nachvollziehbar, dass Linke und Gr\u00fcne im Bundestag laut einem <a href=\"https:\/\/www.golem.de\/news\/zeitenwende-gruene-und-linke-fuer-pruefung-von-us-technik-in-5g-netzen-2601-204448.html\" target=\"_blank\" rel=\"noopener\">Artikel von <em>Golem<\/em><\/a> nun eine entsprechende Pr\u00fcfung auch f\u00fcr US-amerikanische Komponenten einfordern. Allerdings zaudert die Bundesregierung da reichlich rum \u2013 man sieht wohl in den immer mehr wie ein Schurkenstaat agierenden USA nach wie vor einen guten Freund. Vielleicht sollten die mal in der Realit\u00e4t ankommen &#8230; [Karl]<\/p>\n<p>5. In Deutschland wird massiv aufger\u00fcstet, um sich gegen Bedrohungen anderer L\u00e4nder zu wappnen. Susanne G\u00f6tze und Annika Joeres stellen sich in ihrem Buch &#8222;Die Sicherheitsl\u00fcge. Wie Europa sich mit Waffen sch\u00fctzen will \u2013 aber mit \u00d6l und Gas erpressbar macht&#8220;, auf dem ein <a href=\"https:\/\/www.blaetter.de\/ausgabe\/2026\/januar\/abhaengigkeit-als-waffe\" target=\"_blank\" rel=\"noopener\">Artikel in den <em>Bl\u00e4ttern f\u00fcr deutsche und internationale Politik<\/em><\/a> basiert, \u00a0die Frage, ob das nicht zu kurz gedacht ist. Schlie\u00dflich braucht das Milit\u00e4r sehr viel fossile Energie, und die wird halt vor allem aus L\u00e4ndern importiert, die nicht gerade stabile Freunde von uns sind. Sollte da also ein Exportstopp veranlasst werden, h\u00e4tte Deutschland zwar tolle Panzer, aber die k\u00f6nnten ohne \u00d6l eben nicht fahren. Sinnvoller w\u00e4re es laut den Autorinnen daher, auf Energieautarkie zu setzen, um sich so weniger abh\u00e4ngig und erpressbar von autorit\u00e4ren Regimes zu machen. Sehr nachvollziehbar! [Karl]<\/p>\n<p>6. Die schlechteste Bundesregierung aller Zeiten macht mal wieder das Einzige, was sie draufhat: undifferenziert auf Menschen eindreschen, die sich nicht richtig wehren k\u00f6nnen, weil sie keine Lobby haben. Diesmal trifft es die Kranken, und da meint Bundeskanzler Friedrich Merz, der irgendwie noch nie etwas Produktives gearbeitet und zu unserer Gesellschaft beigetragen hat, dass die Deutschen zu viel krankfeiern w\u00fcrden. Wie es denn tats\u00e4chlich mit dem Krankenstand von Arbeitnehmern aussieht, beleuchtet ein <a href=\"https:\/\/www.tagesschau.de\/inland\/innenpolitik\/krankschreibungen-bundesregierung-krankenkassen-100.html\" target=\"_blank\" rel=\"noopener\">Artikel auf <em>tagesschau.de<\/em><\/a>. Und da wird deutlich: Erstens ist das alles nicht so dramatisch, wie der Kanzler behauptet, und zweitens sind die Ursachen f\u00fcr Erkrankungen wohl vielschichtiger, als der simple Populismus des Sauerl\u00e4nder Einfaltspinsels glauben machen m\u00f6chte. [Karl]<\/p>\n<p>7. Der YouTuber DerDara hat eine Interviewanfrage an die rechten Medien <em>Apollo News<\/em> und <em>Nius<\/em> geschickt, um sich mit denen mal \u00fcber die Vorw\u00fcrfe gegen Daniel G\u00fcnther (CDU) auszutauschen, der ja angeblich gesagt haben soll, dass er rechte Medien verbieten lassen will (was allerdings nicht stimmt). Die Reaktionen darauf schildert er in einem knapp zehnmin\u00fctigen <a href=\"https:\/\/www.youtube.com\/watch?v=JzmdTifCROY\" target=\"_blank\" rel=\"noopener\">Video auf seinem YouTube-Kanal<\/a>, und die sind wenig \u00fcberraschend: nur Schweigen im Walde. Anscheinend hat man bei den rechten Fake-News-Schleudern, die immer jammern, dass es ja keine Meinungsfreiheit g\u00e4be, Angst, seine Meinung in einem Diskurs mit jemandem zu messen, der sich selbst deutlich anders positioniert. Was f\u00fcr feige Waschlappen! [Karl]<\/p>\n<p>8. Die rechtsradikale franz\u00f6sische Politikerin Marine Le Pen wurde wegen Veruntreuung von EU-Geldern verurteilt und darf deswegen f\u00fcnf Jahre nicht an Wahlen teilnehmen \u2013 kann also nicht bei den n\u00e4chsten Pr\u00e4sidentschaftswahlen f\u00fcr ihren Rassemblement National antreten. Gegen dieses Urteil ist sie in Berufung gegangen und kann sich dabei nun laut einer <a href=\"https:\/\/www.stern.de\/politik\/ausland\/marine-le-pen--us-diplomaten-wollten-scheinbar-richterin-einschuechtern-37062758.html\" target=\"_blank\" rel=\"noopener\">Meldung im <em>Stern<\/em><\/a> \u00fcber Unterst\u00fctzung aus den USA freuen. Diplomaten des Trump-Regimes haben n\u00e4mlich bei der zust\u00e4ndigen Richterin Magali Lafourcade vorgesprochen mit dem Ziel, sie einzusch\u00fcchtern, damit das Urteil gegen Le Pen aufgehoben wird. Kein Einzelfall, denn es wurden schon andere Richter, die dem US-Regime nicht genehme Urteile gesprochen haben, mit Sanktionen belegt. Woran man sieht, dass Faschisten von Rechtsstaatlichkeit nicht allzu viel halten. [Karl]<\/p>\n<p>9. Die ICE-Schergen des Trump-Regimes in den USA t\u00f6ten nicht nur Menschen auf offener Stra\u00dfe, sondern auch solche, die Abschiebegef\u00e4ngnissen in Gewahrsam genommen wurden. So beispielsweise einen 55-j\u00e4hrigen Kubaner, bei dem die Autopsie nun ergeben hat, dass die Aussagen der US-Regierung, die von Suizid sprechen, so nicht stimmen. Vermutlich wollte man aus dem Grund zwei Zeugen, die gesehen haben, wie der Mann erw\u00fcrgt wurde, schnell noch abschieben \u2013 das hat dann allerdings ein Gericht untersagt, wie ein <a href=\"https:\/\/www.zeit.de\/politik\/ausland\/2026-01\/usa-kubaner-ice-einwanderungsbehoerde-toetung-gxe\" target=\"_blank\" rel=\"noopener\">Artikel von <em>Zeit Online<\/em><\/a> berichtet. Menschen umbringen und dann die Hintergr\u00fcnde mit L\u00fcgen vertuschen \u2013 das ist mittlerweile ein regelm\u00e4\u00dfiges Vorgehen vom US-Machthaber und seinen Schergen. Widerw\u00e4rtig! [Karl]<\/p>\n<p>10. Und noch was zu den sch\u00e4bigen ICE-Sergen der US-Faschistenregierung: Die sind sich selbst nicht zu schade, einen F\u00fcnfj\u00e4hrigen, der vom Kindergarten nach Hause kommt, mitsamt seinem ihn abholenden Vater festzunehmen, obwohl es keinen Abschiebebescheid gibt, sondern nur ein noch laufendes Asylverfahren. Dabei hat die Trump-Gestapo es dann sogar noch fertiggebracht, den Jungen zur T\u00fcr seines Wohnhauses zu schicken, um dort zu klopfen und so eventuell weitere Familienangeh\u00f6rige herauszulocken, wie ein <a href=\"https:\/\/kaizen-blog.org\/ein-kind-an-der-haustuer\/\" target=\"_blank\" rel=\"noopener\">Artikel von <em>The Kaizen Blog<\/em><\/a> berichtet. Die Folge dieser Praxis: Immer mehr Kinder mit Migrationshintergrund bleiben der Schule fern, da ihre Eltern sie aus Angst vor der ICE dort nicht mehr hinlassen. [Karl]<\/p>\n<p>11. Beim Prozess gegen den bayrischen AfD-Landtagsabgeordneten Daniel Halemba kommen immer mehr Details ans Tageslicht, die seine rechtsextreme Gesinnung belegen. So fanden laut einem <a href=\"https:\/\/www.sueddeutsche.de\/bayern\/wuerzburg-prozess-halemba-rechtsextremismus-burschenschaft-li.3372127\" target=\"_blank\" rel=\"noopener\">Artikel der <em>S\u00fcddeutschen Zeitung<\/em><\/a> Polizisten eine gro\u00dfe Sammlung rechtsradikaler Musik und Reden von NSDAP-Politikern in Halembas Zimmer im Verbindungshaus der rechtsradikalen Studentenverbindung, der er angeh\u00f6rt. Entlastungszeugen, die das Opfergejammer Halembas unterst\u00fctzen, gibt es zwar auch, allerdings sind die allesamt aus seinem pers\u00f6nlichen Burschenschafts- und Parteiumfeld. Und bei rechtem Pack wei\u00df man ja sowieso, dass die hemmungslos l\u00fcgen, wenn sie sich einen Vorteil davon versprechen. Fortsetzung folgt. [Karl]<\/p>\n<p>12. Republik21, kurz: R21, ist ein Thinktank, der rechte Positionen vertritt, diese in den \u00f6ffentlichen Diskurs einbringt und eine Ann\u00e4herung von CDU und AfD fordert. Absurderweise kann man mit so einer Agenda dann als gemeinn\u00fctzig gelten, und zudem gibt es vom CDU-Fraktionschef Jens Spahn an seine Kumpanen Kristina Schr\u00f6der und Andreas R\u00f6dder (beide CDU und auch R21) dann auch noch richtig fett Kohle: 500.000 Euro jedes Jahr in den n\u00e4chsten vier Jahren. In einem <a href=\"https:\/\/www.campact.de\/blog\/2026\/01\/denkfabrik-republik-21-spahn-foerderung-kritik\/\" target=\"_blank\" rel=\"noopener\">Artikel vom <em>Campact Blog<\/em><\/a> wird nun der Frage nachgegangen, ob das \u00fcberhaupt so rechtlich o. k. sei \u2013 ein von der NGO in Auftrag gegebenes Gutachten sagt zumindest, dass das nicht so sei. Aber was schert jemanden wie Jens Spahn und seine schwarzbraunen Spie\u00dfgesellen denn schon Recht und Gesetz? [Karl]<\/p>\n","protected":false},"excerpt":{"rendered":"<p>An dieser Stelle pr\u00e4sentieren wir regelm\u00e4\u00dfig Links, die wir unter der Woche entdeckt haben, zu denen wir selbst nicht mehr viel schreiben m\u00fcssen und die wir teilenswert finden. Viel Spa\u00df beim Lesen und Anschauen!<\/p>\n","protected":false},"author":5,"featured_media":0,"comment_status":"open","ping_status":"open","sticky":false,"template":"","format":"standard","meta":{"footnotes":""},"categories":[193],"tags":[],"class_list":["post-32010","post","type-post","status-publish","format-standard","hentry","category-woechentliches"],"_links":{"self":[{"href":"https:\/\/www.unterstroemt.de\/index.php?rest_route=\/wp\/v2\/posts\/32010","targetHints":{"allow":["GET"]}}],"collection":[{"href":"https:\/\/www.unterstroemt.de\/index.php?rest_route=\/wp\/v2\/posts"}],"about":[{"href":"https:\/\/www.unterstroemt.de\/index.php?rest_route=\/wp\/v2\/types\/post"}],"author":[{"embeddable":true,"href":"https:\/\/www.unterstroemt.de\/index.php?rest_route=\/wp\/v2\/users\/5"}],"replies":[{"embeddable":true,"href":"https:\/\/www.unterstroemt.de\/index.php?rest_route=%2Fwp%2Fv2%2Fcomments&post=32010"}],"version-history":[{"count":19,"href":"https:\/\/www.unterstroemt.de\/index.php?rest_route=\/wp\/v2\/posts\/32010\/revisions"}],"predecessor-version":[{"id":32074,"href":"https:\/\/www.unterstroemt.de\/index.php?rest_route=\/wp\/v2\/posts\/32010\/revisions\/32074"}],"wp:attachment":[{"href":"https:\/\/www.unterstroemt.de\/index.php?rest_route=%2Fwp%2Fv2%2Fmedia&parent=32010"}],"wp:term":[{"taxonomy":"category","embeddable":true,"href":"https:\/\/www.unterstroemt.de\/index.php?rest_route=%2Fwp%2Fv2%2Fcategories&post=32010"},{"taxonomy":"post_tag","embeddable":true,"href":"https:\/\/www.unterstroemt.de\/index.php?rest_route=%2Fwp%2Fv2%2Ftags&post=32010"}],"curies":[{"name":"wp","href":"https:\/\/api.w.org\/{rel}","templated":true}]}}