{"id":32245,"date":"2026-03-06T17:18:29","date_gmt":"2026-03-06T16:18:29","guid":{"rendered":"https:\/\/www.unterstroemt.de\/?p=32245"},"modified":"2026-03-06T17:18:29","modified_gmt":"2026-03-06T16:18:29","slug":"krieg-gegen-den-iran","status":"publish","type":"post","link":"https:\/\/www.unterstroemt.de\/?p=32245","title":{"rendered":"Krieg gegen den Iran"},"content":{"rendered":"<p>Die USA und Israel haben den Iran angegriffen. Ohne nun auch nur ansatzweise Sympathien f\u00fcr das dortige Mullah-Regime zu haben, sollte man sich dennoch fragen, was dahintersteckt und wie dieser Krieg zu werten ist. Schlie\u00dflich hat das Ganze ja vielleicht sogar das Zeug dazu, sich zu einem Dritten Weltkrieg auszuwachsen.<\/p>\n<p>Die offizielle Begr\u00fcndung f\u00fcr den Angriff lautet: Pr\u00e4ventivschlag. Israel f\u00fchlt sich durch den Iran bedroht, sollte dieser Atomwaffen besitzen (was allerdings \u00fcberhaupt nicht klar ist). Bei dieser Begr\u00fcndung f\u00fchle ich mich dann doch schon ziemlich an den Grund erinnert, den Russland f\u00fcr seinen Angriff auf die Ukraine angab: Man f\u00fchle sich bedroht aufgrund der Westorientierung der Ukraine und des damit verbundenen Heranr\u00fcckens der NATO an die russischen Au\u00dfengrenzen.<\/p>\n<p>Insofern handelt es sich hier m. E. um einen v\u00f6lkerrechtswidrigen Angriffskrieg, denn das V\u00f6lkerrecht gilt nun mal auch f\u00fcr nicht demokratische Regimes, die ihre eigene Bev\u00f6lkerung knechten.<\/p>\n<p>Das sieht auch Matthias Goldmann, Professor f\u00fcr Internationales Recht an der EBS Universit\u00e4t f\u00fcr Wirtschaft und Recht in Oestrich-Winkel, so, der in einem <a href=\"https:\/\/www.n-tv.de\/politik\/Diese-Reaktion-von-Merz-auf-den-Iran-Angriff-ist-ein-Dammbruch-id30424840.html\" target=\"_blank\" rel=\"noopener\">Interview mit <em>ntv<\/em><\/a> meint:<\/p>\n<blockquote><p>Das, was die USA und Israel im Iran jetzt f\u00fchren, ist ein verbotener Pr\u00e4ventivkrieg und damit v\u00f6lkerrechtswidrig. Pr\u00e4ventivschl\u00e4ge sind nur in engen Ausnahmef\u00e4llen erlaubt, n\u00e4mlich wenn ein Angriff unmittelbar bevorsteht und mit hoher Wahrscheinlichkeit zu erwarten ist. Beides ist hier nicht gegeben. Das zeigen die Verhandlungen, die noch liefen und bei denen der Iran laut dem Vermittler Oman erhebliche Zugest\u00e4ndnisse gemacht hat. Zudem wurde das iranische Waffenarsenal im Zw\u00f6lftagekrieg vor einem Jahr erheblich geschw\u00e4cht. Es gibt absolut keine Beweise daf\u00fcr, dass der Iran kurz vor einem nicht anders abwehrbaren Waffengang stand, geschweige denn dass dieser in absehbarer Zeit auch die USA treffen k\u00f6nnte, wie Trump behauptet.<\/p><\/blockquote>\n<p>Auch sonst sind die Ausf\u00fchrungen Goldmanns sehr interessant und lesenswert, beispielsweise auch, was die Rolle Deutschlands in diesem Konflikt angeht, da das US-Milit\u00e4r ja die Basis in Ramstein nutzt.<\/p>\n<p>Was noch hinzukommt: Dieser Angriff verst\u00f6\u00dft nicht nur gegen das V\u00f6lkerrecht, sondern auch gegen nationales Recht der USA, da sich die Trump-Regierung hierf\u00fcr erst die Zustimmung des Kongresses h\u00e4tte einholen m\u00fcssen. Haben die aber einfach nicht gemacht \u2013 woran man mal wieder sieht, dass sich dieses Regime einen feuchten Kehricht um geltendes Recht k\u00fcmmert.<\/p>\n<p>Israel und die USA begr\u00fcnden, wie oben bereits angedeutet, diesen Angriffskrieg damit, dass der Iran Atomwaffen haben k\u00f6nnte, mit denen dann Israel attackiert und sogar ausgel\u00f6scht werden k\u00f6nnte. Klar, zuzutrauen w\u00e4re das den iranischen Mullahs durchaus, aber wie schaut es denn \u00fcberhaupt aus mit der Atombewaffnung? Immerhin hat ja Donald Trump noch vor nicht allzu langer Zeit get\u00f6nt, dass das iranische Atomprogramm durch die US-Luftschl\u00e4ge vom Juni 2025 ausgel\u00f6scht worden sei. Und die Internationale Atomenergiebeh\u00f6rde IAEA hat auch keine Anzeichen f\u00fcr ein iranisches Atomwaffenprogramm entdecken k\u00f6nnen (s. <a href=\"https:\/\/www.n-tv.de\/politik\/IAEA-hat-keine-Hinweise-auf-iranisches-Atomwaffen-Programm-id30421639.html\" target=\"_blank\" rel=\"noopener\">hier<\/a>).<\/p>\n<p>Es waren ja sogar gerade noch Verhandlungen im Gange, die \u00fcber einen Vermittler aus dem Oman liefen. Und der Stand war da laut einer <a href=\"https:\/\/www.zeit.de\/politik\/ausland\/2026-02\/iran-usa-verhandlungen-oman-durchbruch-urananreicherung\" target=\"_blank\" rel=\"noopener\">Meldung auf <em>Zeit Online<\/em><\/a> vom 28. Februar auch durchaus so, dass da Hoffnung auf eine Einigung bestand:<\/p>\n<blockquote><p>Bei indirekten Atomgespr\u00e4chen mit der US-Regierung hat sich der Irannach Angaben des Vermittlers aus dem Oman, Au\u00dfenminister Badr al-Bussaidi, offenbar zu einer deutlichen Reduktion seiner Best\u00e4nde an angereichertem Uran bereit erkl\u00e4rt. Die iranische F\u00fchrung habe sich offen gezeigt, ihre Vorr\u00e4te an angereichertem Uran &#8222;auf das niedrigstm\u00f6gliche Niveau&#8220; zu senken, sodass diese ausschlie\u00dflich als nuklearer Brennstoff genutzt werden k\u00f6nnten, sagte Badr al-Bussaidi dem Fernsehsender CBS.<\/p>\n<p>Diese Zusage stelle einen &#8222;sehr wichtigen Durchbruch&#8220; dar, der zuvor &#8222;noch nie erreicht&#8220; worden sei, sagte Al-Bussaidi. &#8222;Wenn das eigentliche Ziel ist, sicherzustellen, dass der Iran niemals eine Atombombe haben kann, dann glaube ich, dass wir das Problem geknackt haben&#8220;, f\u00fcgte er hinzu. Eine Einigung sei in Sichtweite. Au\u00dferdem sei der Iran bereit, der Internationalen Atomenergie-Organisation (IAEA) &#8222;vollen Zugang&#8220; zu seinen nuklearen St\u00e4tten zu gew\u00e4hren.<\/p><\/blockquote>\n<p>Das klingt jetzt in der Gesamtschau irgendwie gerade f\u00fcr mich nicht so, als h\u00e4tte es da zurzeit eine konkrete Bedrohungslage durch den Iran gegeben. Und nur das h\u00e4tte eben einen Angriffskrieg gerechtfertigt laut V\u00f6lkerrecht. Die Vermutung, dass die USA hier ihrer guten alten Tradition folgen k\u00f6nnten und sich Kriegsgr\u00fcnde einfach ausdenken (Tonkin, Brutkasten-L\u00fcge, Saddam Husseins angebliche Massenvernichtungswaffen, Drogen aus Venezuela f\u00fcr den US-Markt \u2026), ist also m. E. nicht so ganz von der Hand zu weisen.<\/p>\n<p>Nun hei\u00dft es ja dar\u00fcber hinaus immer wieder, dass es doch gut w\u00e4re, wenn das Mullah-Regime im Iran auf diese Weise gest\u00fcrzt w\u00fcrde. Klar, ich w\u00fcrde denen auch keine Tr\u00e4ne nachweinen, aber dennoch sollte man dabei ber\u00fccksichtigen, dass ein Regime Change &#8222;von au\u00dfen&#8220; so gut wie noch nie zu einem Erfolg gef\u00fchrt hat. Und gerade die Liste der Fehlschl\u00e4ge der USA ist da sehr lang. Nur mal ein paar Beispiele: Vietnam, Afghanistan, Irak, Libyen &#8230;<\/p>\n<p>Vielmehr d\u00fcrfte das iranische Regime nun eher noch mehr die Repressionskarte spielen, denn jeder Protest kann jetzt als Landesverrat im Auftrag des ausl\u00e4ndischen Aggressors deklariert werden. Und auch die Menschen im Iran d\u00fcrften wenig Begeisterung f\u00fcr die USA und Israel aufbringen, wenn Verwandte, Freunde, Kollegen oder Nachbarn durch deren Raketenangriffe ums Leben gekommen sind. Da f\u00e4llt es der iranischen Regierung dann nur leichter, die eigene Bev\u00f6lkerung gegen den \u00e4u\u00dferen Gegner aufzubringen und so hinter sich selbst zu versammeln.<\/p>\n<p>Zudem habe ich den Verdacht, dass es dem US-Machthaber Donald Trump reichlich egal sein d\u00fcrfte, wer denn nach diesem Krieg im Iran ans Ruder kommt und ob das eine demokratische, rechtsstaatliche und menschenfreundliche Regierung ist oder nicht \u2013 Hauptsache, die machen dann das, was die USA von ihnen wollen. Hat man ja gerade auch im Iran schon mal erlebt, als der demokratisch gew\u00e4hlte Pr\u00e4sident Mohammad Mossadegh von der CIA weggeputscht und durch eine US-Marionette in Person des Schahs wurde. Und Letzterer war ja nun ein reichlich despotischer Monarch.<\/p>\n<p>Vor allem: W\u00fcrden wirklich solche Sorgen um die iranische Bev\u00f6lkerung, die unter ihrer m\u00f6rderischen Regierung leidet, im Vordergrund stehen, dann w\u00e4re ja wohl mal die Frage angebracht, warum die USA dann noch nicht im Sudan interveniert h\u00e4tten, wo ein brutaler B\u00fcrgerkrieg noch wesentlich mehr Todesopfer gefordert hat und immer noch fordert. Man spricht in diesem Zusammenhang von einer der gr\u00f6\u00dften humanit\u00e4ren Katastrophen unserer Zeit, befeuert von Saudi-Arabien und den Vereinigten Arabischen Emiraten, die jeweils eine der Kriegsparteien unterst\u00fctzen.<\/p>\n<p>Aber mit diesen beiden Golfmonarchien will man es sich vonseiten der US-Regierung dann wohl doch lieber nicht verscherzen. So viel also zum vermeintlichen Anspruch, der iranischen Bev\u00f6lkerung zur Seite stehen zu wollen.<\/p>\n<p>Was wohl eher ein Grund f\u00fcr diesen Angriffskrieg sein d\u00fcrfte: Donald Trump steht reichlich unter Druck wegen der Epstein-Files, denn da kommt immer mehr f\u00fcr ihn Unangenehmen (und f\u00fcr alle zivilisierten Menschen Widerw\u00e4rtiges) ans Licht. Bevor er sich nun also mit Vorw\u00fcrfen der P\u00e4dokriminalit\u00e4t und sogar des Mordes auseinandersetzen muss, zettelt er eben in guter alter Despotenmanier lieber einen Krieg an, um das Augenmerk von Volk und Medien auf die Au\u00dfenpolitik zu lenken.<\/p>\n<p>Zumal es sich beim Iran ja auch um einen Konkurrenten auf dem Erd\u00f6l-Weltmarkt handelt. Dabei sind zwei Grafiken, die ich <a href=\"https:\/\/www.ig.com\/de\/trading-strategien\/die-weltweit-groessten-oelproduzenten-201030\" target=\"_blank\" rel=\"noopener\">hier<\/a> gefunden habe, recht aufschlussreich:<\/p>\n<p><img loading=\"lazy\" decoding=\"async\" class=\"aligncenter wp-image-32259\" src=\"https:\/\/www.unterstroemt.de\/wp-content\/uploads\/Bildschirmfoto-2026-03-06-um-15.57.21-300x257.png\" alt=\"\" width=\"600\" height=\"514\" srcset=\"https:\/\/www.unterstroemt.de\/wp-content\/uploads\/Bildschirmfoto-2026-03-06-um-15.57.21-300x257.png 300w, https:\/\/www.unterstroemt.de\/wp-content\/uploads\/Bildschirmfoto-2026-03-06-um-15.57.21-1024x878.png 1024w, https:\/\/www.unterstroemt.de\/wp-content\/uploads\/Bildschirmfoto-2026-03-06-um-15.57.21-768x658.png 768w, https:\/\/www.unterstroemt.de\/wp-content\/uploads\/Bildschirmfoto-2026-03-06-um-15.57.21-1536x1316.png 1536w, https:\/\/www.unterstroemt.de\/wp-content\/uploads\/Bildschirmfoto-2026-03-06-um-15.57.21-1320x1131.png 1320w, https:\/\/www.unterstroemt.de\/wp-content\/uploads\/Bildschirmfoto-2026-03-06-um-15.57.21.png 1734w\" sizes=\"auto, (max-width: 600px) 100vw, 600px\" \/><\/p>\n<p><img loading=\"lazy\" decoding=\"async\" class=\"aligncenter wp-image-32260\" src=\"https:\/\/www.unterstroemt.de\/wp-content\/uploads\/Bildschirmfoto-2026-03-06-um-15.59.10-300x241.png\" alt=\"\" width=\"600\" height=\"482\" srcset=\"https:\/\/www.unterstroemt.de\/wp-content\/uploads\/Bildschirmfoto-2026-03-06-um-15.59.10-300x241.png 300w, https:\/\/www.unterstroemt.de\/wp-content\/uploads\/Bildschirmfoto-2026-03-06-um-15.59.10-1024x823.png 1024w, https:\/\/www.unterstroemt.de\/wp-content\/uploads\/Bildschirmfoto-2026-03-06-um-15.59.10-768x617.png 768w, https:\/\/www.unterstroemt.de\/wp-content\/uploads\/Bildschirmfoto-2026-03-06-um-15.59.10-1536x1234.png 1536w, https:\/\/www.unterstroemt.de\/wp-content\/uploads\/Bildschirmfoto-2026-03-06-um-15.59.10-1320x1060.png 1320w, https:\/\/www.unterstroemt.de\/wp-content\/uploads\/Bildschirmfoto-2026-03-06-um-15.59.10.png 1800w\" sizes=\"auto, (max-width: 600px) 100vw, 600px\" \/><\/p>\n<p>Bei den Produzenten liegen die USA deutlich vorn, da spielt der Iran keine so gro\u00dfe Rolle. Aber daf\u00fcr bei den \u00d6lreserven. Gleich hinter Saudi-Arabien (einem guten Freund der USA) und Venezuela. Venezuela? War da nicht gerade auch irgendwas &#8230;?<\/p>\n<p>Ein f\u00fcr Trump angenehmer Nebeneffekt: Dass die Iraner die Stra\u00dfe von Hormus sperren w\u00fcrden infolge so eines Angriffs, war absehbar. Damit kommt nun weniger Erd\u00f6l vor allem nach Europa, was die EU als Konkurrenten der USA noch mal empfindlich treffen wird. Die Benzinpreise sind ja auch schon deutlich gestiegen, und die Trump-Fans von der AfD keifen deswegen bereits rum und suchen die Schuld daf\u00fcr \u00fcberall, nur nicht bei ihrem US-Idol. Solche Unruhe sieht man beim Trump-Regime bestimmt gern. Und dann wird man ja selbst als \u00d6llieferant auch noch mal attraktiver, wenn das Zeug aus Richtung Osten nur noch sehr sp\u00e4rlich nach Europa kommt.<\/p>\n<p>Wie immer bei den USA (und erst recht unter dem Trump-Regime) d\u00fcrften da also handfeste wirtschaftlichen und geopolitische Gr\u00fcnde f\u00fcr diesen Bruch des V\u00f6lkerrechts verantwortlich sein. Dass die israelische Regierung unter dem Trump-Buddie und Rechtsradikalen Benjamin Netanjahu da nur allzu gern mittut, sollte einen dann auch nicht wundern. Der und seine faschistischen Spie\u00dfgesellen haben ja schon in Gaza gezeigt, dass sie keine Hemmungen haben, unschuldige Menschen auch im gro\u00dfen Stil umzubringen.<\/p>\n<p>Der schlechteste Bundeskanzler aller Zeiten w\u00e4re also gut bedient, hier nun mal deutliche Worte der Kritik zu \u00e4u\u00dfern, aber stattdessen biedert sich Friedrich Merz lieber dem US-Pr\u00e4sidenten an. Die Glaubw\u00fcrdigkeit Deutschlands vor allem auch im globalen S\u00fcden d\u00fcrfte darunter mal wieder erheblich leiden, wenn das V\u00f6lkerrecht derart selektiv ausgelegt wird, dass es eben immer nur dann zu gelten hat, wenn einem unliebsame Regierungen dagegen versto\u00dfen.<\/p>\n<p>Ach ja, verurteilt wird dann doch auch etwas vom Ausw\u00e4rtigen Amt, wie Susanne Mattner auf ihrer <a href=\"https:\/\/www.facebook.com\/photo\/?fbid=10241037250898862&amp;set=a.10200833016978141\" target=\"_blank\" rel=\"noopener\">Facebook-Wall<\/a> dokumentiert hat:<\/p>\n<p><img loading=\"lazy\" decoding=\"async\" class=\"aligncenter wp-image-32264\" src=\"https:\/\/www.unterstroemt.de\/wp-content\/uploads\/646526046_10241037250938863_6062239635395712870_n-300x265.jpg\" alt=\"\" width=\"600\" height=\"530\" srcset=\"https:\/\/www.unterstroemt.de\/wp-content\/uploads\/646526046_10241037250938863_6062239635395712870_n-300x265.jpg 300w, https:\/\/www.unterstroemt.de\/wp-content\/uploads\/646526046_10241037250938863_6062239635395712870_n-768x678.jpg 768w, https:\/\/www.unterstroemt.de\/wp-content\/uploads\/646526046_10241037250938863_6062239635395712870_n.jpg 960w\" sizes=\"auto, (max-width: 600px) 100vw, 600px\" \/><\/p>\n<p>Auch hier gilt: keine Sympathie f\u00fcr das iranische Regime. Aber das ist dann ja wohl doch reichlich absurd, es zu verurteilen, wenn ein angegriffenes Land Milit\u00e4rst\u00fctzpunkte des Aggressors in anderen L\u00e4ndern angreift, den Aggressor allerdings vollkommen von jeder Kritik auszunehmen.<\/p>\n<p>Ich wei\u00df in jedem Fall, wem meine Solidarit\u00e4t bei diesem Krieg gilt: der Zivilbev\u00f6lkerung im Iran, die schon vorher nicht viel zu lachen hatte. Aber die sind nun mal gerade leider das schw\u00e4chste Glied in der Kette &#8230;<\/p>\n","protected":false},"excerpt":{"rendered":"<p>Die USA und Israel haben den Iran angegriffen. Ohne nun auch nur ansatzweise Sympathien f\u00fcr das dortige Mullah-Regime zu haben, sollte man sich dennoch fragen, was dahintersteckt und wie dieser Krieg zu werten ist. Schlie\u00dflich hat das Ganze ja vielleicht sogar das Zeug dazu, sich zu einem Dritten Weltkrieg auszuwachsen.<\/p>\n","protected":false},"author":3,"featured_media":0,"comment_status":"open","ping_status":"open","sticky":false,"template":"","format":"standard","meta":{"footnotes":""},"categories":[50],"tags":[1250,186,178,1251,99,492],"class_list":["post-32245","post","type-post","status-publish","format-standard","hentry","category-politisches","tag-iran","tag-israel","tag-krieg","tag-oel","tag-usa","tag-voelkerrecht"],"_links":{"self":[{"href":"https:\/\/www.unterstroemt.de\/index.php?rest_route=\/wp\/v2\/posts\/32245","targetHints":{"allow":["GET"]}}],"collection":[{"href":"https:\/\/www.unterstroemt.de\/index.php?rest_route=\/wp\/v2\/posts"}],"about":[{"href":"https:\/\/www.unterstroemt.de\/index.php?rest_route=\/wp\/v2\/types\/post"}],"author":[{"embeddable":true,"href":"https:\/\/www.unterstroemt.de\/index.php?rest_route=\/wp\/v2\/users\/3"}],"replies":[{"embeddable":true,"href":"https:\/\/www.unterstroemt.de\/index.php?rest_route=%2Fwp%2Fv2%2Fcomments&post=32245"}],"version-history":[{"count":12,"href":"https:\/\/www.unterstroemt.de\/index.php?rest_route=\/wp\/v2\/posts\/32245\/revisions"}],"predecessor-version":[{"id":32267,"href":"https:\/\/www.unterstroemt.de\/index.php?rest_route=\/wp\/v2\/posts\/32245\/revisions\/32267"}],"wp:attachment":[{"href":"https:\/\/www.unterstroemt.de\/index.php?rest_route=%2Fwp%2Fv2%2Fmedia&parent=32245"}],"wp:term":[{"taxonomy":"category","embeddable":true,"href":"https:\/\/www.unterstroemt.de\/index.php?rest_route=%2Fwp%2Fv2%2Fcategories&post=32245"},{"taxonomy":"post_tag","embeddable":true,"href":"https:\/\/www.unterstroemt.de\/index.php?rest_route=%2Fwp%2Fv2%2Ftags&post=32245"}],"curies":[{"name":"wp","href":"https:\/\/api.w.org\/{rel}","templated":true}]}}